{"id":285725,"date":"2025-07-31T02:50:22","date_gmt":"2025-07-31T02:50:22","guid":{"rendered":"https:\/\/www.europesays.com\/fr\/285725\/"},"modified":"2025-07-31T02:50:22","modified_gmt":"2025-07-31T02:50:22","slug":"les-valeurs-a-suivre-a-paris-et-en-europe-30-07-2025-a-0848","status":"publish","type":"post","link":"https:\/\/www.europesays.com\/fr\/285725\/","title":{"rendered":"Les valeurs \u00e0 suivre \u00e0 Paris et en Europe &#8211; 30\/07\/2025 \u00e0 08:48"},"content":{"rendered":"<p>\n * KERING<br \/>\n <a href=\"https:\/\/www.boursorama.com\/cours\/1rPKER\/\" rel=\"nofollow noopener\" target=\"_blank\"><br \/>\n  PRTP.PA<br \/>\n <\/a><br \/>\n a fait \u00e9tat mardi d&rsquo;une chute de 15% \u00e0 donn\u00e9es comparables de son chiffre d&rsquo;affaires au deuxi\u00e8me trimestre, plomb\u00e9 notamment par la mauvaise performance de sa marque phare en difficult\u00e9s, Gucci.\n<\/p>\n<p>\n * L&rsquo;OR\u00c9AL<br \/>\n <a href=\"https:\/\/www.boursorama.com\/cours\/1rPOR\/\" rel=\"nofollow noopener\" target=\"_blank\"><br \/>\n  OREP.PA<br \/>\n <\/a><br \/>\n a fait \u00e9tat mardi d&rsquo;une hausse de 2,4% de ses ventes \u00e0 p\u00e9rim\u00e8tre constant au deuxi\u00e8me trimestre, l\u00e9g\u00e8rement en-de\u00e7\u00e0 des attentes, alors la croissance a ralenti plus que pr\u00e9vu en Europe et que la demande li\u00e9e au tourisme a \u00e9t\u00e9 morose en Asie.\n<\/p>\n<p>\n * HERM\u00c8S<br \/>\n <a href=\"https:\/\/www.boursorama.com\/cours\/1rPRMS\/\" rel=\"nofollow noopener\" target=\"_blank\"><br \/>\n  HRMS.PA<br \/>\n <\/a><br \/>\n a fait \u00e9tat mercredi d&rsquo;une progression de 9% de ses ventes \u00e0 changes constants au deuxi\u00e8me trimestre, le groupe de luxe continuant \u00e0 d\u00e9fier le fort ralentissement qui touche l&rsquo;ensemble du secteur.\n<\/p>\n<p>\n * SCHNEIDER ELECTRIC<br \/>\n <a href=\"https:\/\/www.boursorama.com\/cours\/1rPSU\/\" rel=\"nofollow noopener\" target=\"_blank\"><br \/>\n  SCHN.PA<br \/>\n <\/a><br \/>\n a annonc\u00e9 mercredi avoir sign\u00e9 un accord avec Temasek pour acqu\u00e9rir les 35% restants du capital de sa filiale indienne Schneider Electric India Private Limited (SEIPL), pour un montant en num\u00e9raire de 5,5 milliards d&rsquo;euros.\n<\/p>\n<p>\n * CASINO<br \/>\n <a href=\"https:\/\/www.boursorama.com\/cours\/1rPCO\/\" rel=\"nofollow noopener\" target=\"_blank\"><br \/>\n  CASP.PA<br \/>\n <\/a><br \/>\n a fait \u00e9tat mercredi d&rsquo;une hausse de 2,4% de ses ventes en donn\u00e9es comparables au deuxi\u00e8me trimestre, renouant ainsi avec la croissance pour la premi\u00e8re fois depuis sa vaste restructuration financi\u00e8re.\n<\/p>\n<p>\n * ALSTOM<br \/>\n <a href=\"https:\/\/www.boursorama.com\/cours\/1rPALO\/\" rel=\"nofollow noopener\" target=\"_blank\"><br \/>\n  ALSO.PA<br \/>\n <\/a><br \/>\n et SYTRAL Mobilit\u00e9s ont sign\u00e9 un contrat pour moderniser le m\u00e9tro de Lyon.\n<\/p>\n<p>\n * EXOSENS<br \/>\n <a href=\"https:\/\/www.boursorama.com\/cours\/1rPEXENS\/\" rel=\"nofollow noopener\" target=\"_blank\"><br \/>\n  EXENS.PA<br \/>\n <\/a><br \/>\n a fait \u00e9tat mercredi d&rsquo;une hausse de 23,8% de son Ebitda ajust\u00e9 au premier semestre, port\u00e9 par la forte dynamique du march\u00e9 de la d\u00e9fense et citant la hausse des volumes de vente, l&rsquo;am\u00e9lioration des rendements et un mix produit favorable.\n<\/p>\n<p>\n * BAE SYSTEMS<br \/>\n <a href=\"https:\/\/www.boursorama.com\/cours\/1uBA..L\/\" rel=\"nofollow noopener\" target=\"_blank\"><br \/>\n  BAES.L<br \/>\n <\/a><br \/>\n a revu \u00e0 la hausse ses pr\u00e9visions de b\u00e9n\u00e9fices annuels apr\u00e8s des r\u00e9sultats solides au premier semestre, continuant de b\u00e9n\u00e9ficier de l&rsquo;augmentation des d\u00e9penses militaires dans un contexte d&rsquo;instabilit\u00e9 g\u00e9opolitique accrue.\n<\/p>\n<p>\n * JUST EAT TAKEAWAY<br \/>\n <a href=\"https:\/\/www.boursorama.com\/cours\/1rATKWY\/\" rel=\"nofollow noopener\" target=\"_blank\"><br \/>\n  TKWY.AS<br \/>\n <\/a><br \/>\n a d\u00e9clar\u00e9 mercredi que ses r\u00e9sultats annuels seraient probablement dans le bas de la fourchette pr\u00e9c\u00e9demment annonc\u00e9e, et a fait \u00e9tat d&rsquo;une l\u00e9g\u00e8re baisse de son chiffre d&rsquo;affaires au premier semestre.\n<\/p>\n<p>\n * TELEFONICA<br \/>\n <a href=\"https:\/\/www.boursorama.com\/cours\/FF55-TEF\/\" rel=\"nofollow noopener\" target=\"_blank\"><br \/>\n  TEF.MC<br \/>\n <\/a><br \/>\n a enregistr\u00e9 une perte nette de 51 millions d&rsquo;euros (58,93 millions de dollars) au deuxi\u00e8me trimestre en raison des fluctuations mon\u00e9taires et des d\u00e9pr\u00e9ciations d&rsquo;actifs vendus en Am\u00e9rique latine.\n<\/p>\n<p>\n * PORSCHE<br \/>\n <a href=\"https:\/\/www.boursorama.com\/cours\/1zP911\/\" rel=\"nofollow noopener\" target=\"_blank\"><br \/>\n  P911_p.DE<br \/>\n <\/a><br \/>\n , en difficult\u00e9, a revu \u00e0 la baisse mercredi son objectif de rentabilit\u00e9 pour l&rsquo;ensemble de l&rsquo;ann\u00e9e apr\u00e8s l&rsquo;accord commercial conclu entre l&rsquo;UE et le pr\u00e9sident am\u00e9ricain Donald Trump, et a annonc\u00e9 une perte de 400 millions d&rsquo;euros (462 millions de dollars) due aux droits de douane au premier semestre.\n<\/p>\n<p>\n * ASTON MARTIN<br \/>\n <a href=\"https:\/\/www.boursorama.com\/cours\/1uAML.L\/\" rel=\"nofollow noopener\" target=\"_blank\"><br \/>\n  AML.L<br \/>\n <\/a><br \/>\n a revu \u00e0 la baisse mercredi ses pr\u00e9visions de b\u00e9n\u00e9fices en raison des \u00ab\u00a0\u00e9volutions perturbatrices\u00a0\u00bb des droits de douane am\u00e9ricains, indiquant qu&rsquo;il s&rsquo;attend d\u00e9sormais \u00e0 un r\u00e9sultat op\u00e9rationnel ajust\u00e9 proche de l&rsquo;\u00e9quilibre.\n<\/p>\n<p>\n * MERCEDES-BENZ<br \/>\n <a href=\"https:\/\/www.boursorama.com\/cours\/1zMBG\/\" rel=\"nofollow noopener\" target=\"_blank\"><br \/>\n  MBGn.DE<br \/>\n <\/a><br \/>\n pr\u00e9voit une marge b\u00e9n\u00e9ficiaire de 4% \u00e0 6% pour son activit\u00e9 automobile cette ann\u00e9e, incluant un impact de pr\u00e8s de 420 millions de dollars li\u00e9 aux droits de douane, a-t-elle annonc\u00e9 mercredi dans une premi\u00e8re estimation des dommages caus\u00e9s par la guerre commerciale lanc\u00e9e par le pr\u00e9sident am\u00e9ricain Donald Trump.\n<\/p>\n<p>\n * GAZTRANSPORT ET TECHNIGAZ<br \/>\n <a href=\"https:\/\/www.boursorama.com\/cours\/1rPGTT\/\" rel=\"nofollow noopener\" target=\"_blank\"><br \/>\n  GTT.PA<br \/>\n <\/a><br \/>\n (GTT) a fait \u00e9tat mardi d&rsquo;une hausse de son chiffre d&rsquo;affaires au premier semestre, citant des nombreuses commandes re\u00e7ues au cours des derni\u00e8res ann\u00e9es.\n<\/p>\n<p>\n * CARMAT<br \/>\n <a href=\"https:\/\/www.boursorama.com\/cours\/1rEPALCAR\/\" rel=\"nofollow noopener\" target=\"_blank\"><br \/>\n  ALCAR.PA<br \/>\n <\/a><br \/>\n a annonc\u00e9 mardi la suspension du cours de son action \u00e0 partir du 30 juillet 2025, avant l&rsquo;ouverture des march\u00e9s, en amont de la date-butoir de d\u00e9p\u00f4t des offres de reprise ou d&rsquo;investissements, fix\u00e9e au 31 juillet 2025 par l&rsquo;administrateur judiciaire.\n<\/p>\n<p>\n * HSBC HOLDINGS<br \/>\n <a href=\"https:\/\/www.boursorama.com\/cours\/1uHSBA.L\/\" rel=\"nofollow noopener\" target=\"_blank\"><br \/>\n  HSBA.L<br \/>\n <\/a><br \/>\n a annonc\u00e9 mercredi une baisse de 26% de son b\u00e9n\u00e9fice avant imp\u00f4ts au premier semestre, manquant les attentes des analystes, en raison de d\u00e9pr\u00e9ciations li\u00e9es \u00e0 son investissement dans Bank of Communications 601328.SS et \u00e0 son exposition au secteur immobilier en difficult\u00e9 \u00e0 Hong Kong.\n<\/p>\n<p>\n * WORLDLINE<br \/>\n <a href=\"https:\/\/www.boursorama.com\/cours\/1rPWLN\/\" rel=\"nofollow noopener\" target=\"_blank\"><br \/>\n  WLN.PA<br \/>\n <\/a><br \/>\n a d\u00e9clar\u00e9 mercredi anticiper une baisse organique de son chiffre d&rsquo;affaires en 2025 apr\u00e8s un premier semestre lors duquel le groupe a fait face \u00e0 des \u00ab\u00a0d\u00e9fis\u00a0\u00bb qui ont conduit \u00e0 des d\u00e9pr\u00e9ciations de 4,1 milliards d&rsquo;euros et une lourde perte nette au premier semestre.\n<\/p>\n<p>\n * DANONE<br \/>\n <a href=\"https:\/\/www.boursorama.com\/cours\/1rPBN\/\" rel=\"nofollow noopener\" target=\"_blank\"><br \/>\n  DANO.PA<br \/>\n <\/a><br \/>\n a confirm\u00e9 mercredi ses perspectives annuelles apr\u00e8s avoir publi\u00e9 une croissance du chiffre d&rsquo;affaires sup\u00e9rieure aux attentes au deuxi\u00e8me trimestre, port\u00e9 par la demande en Chine pour les laits infantiles et les produits ax\u00e9s sur la sant\u00e9, qui a compens\u00e9 la faiblesse des cr\u00e8mes pour caf\u00e9 sur un march\u00e9 am\u00e9ricain soumis \u00e0 une forte concurrence.\n<\/p>\n<p>\n * CAPGEMINI<br \/>\n <a href=\"https:\/\/www.boursorama.com\/cours\/1rPCAP\/\" rel=\"nofollow noopener\" target=\"_blank\"><br \/>\n  CAPP.PA<br \/>\n <\/a><br \/>\n a resserr\u00e9 mercredi son objectif de croissance annuelle du chiffre d&rsquo;affaires apr\u00e8s avoir enregistr\u00e9 une baisse de 15% de son r\u00e9sultat d&rsquo;exploitation au premier semestre, plomb\u00e9 par une demande atone et les co\u00fbts de restructuration plus \u00e9lev\u00e9s.\n<\/p>\n<p>\n * ADIDAS<br \/>\n <a href=\"https:\/\/www.boursorama.com\/cours\/1zADS\/\" rel=\"nofollow noopener\" target=\"_blank\"><br \/>\n  ADSGn.DE<br \/>\n <\/a><br \/>\n a d\u00e9clar\u00e9 mercredi avoir subi un impact de plusieurs dizaines de millions d&rsquo;euros au deuxi\u00e8me trimestre en raison des droits de douane am\u00e9ricains.\n<\/p>\n<p>\n * NEXANS<br \/>\n <a href=\"https:\/\/www.boursorama.com\/cours\/1rPNEX\/\" rel=\"nofollow noopener\" target=\"_blank\"><br \/>\n  NEXS.PA<br \/>\n <\/a><br \/>\n a revu \u00e0 la hausse sa guidance 2025 mercredi apr\u00e8s avoir publi\u00e9 son chiffre d&rsquo;affaires standard en hausse organique de 4,9%, tir\u00e9 par la performance de ses activit\u00e9s d&rsquo;\u00e9lectrification.\n<\/p>\n<p>\n * SANTANDER<br \/>\n <a href=\"https:\/\/www.boursorama.com\/cours\/FF55-SAN\/\" rel=\"nofollow noopener\" target=\"_blank\"><br \/>\n  SAN.MC<br \/>\n <\/a><br \/>\n a fait \u00e9tat mercredi d&rsquo;une hausse de 7% de son b\u00e9n\u00e9fice net au deuxi\u00e8me trimestre, sup\u00e9rieure aux attentes, l&rsquo;augmentation des frais et la diminution des provisions li\u00e9es aux cr\u00e9ances douteuses ayant compens\u00e9 la baisse des revenus de pr\u00eats.\n<\/p>\n<p>\n * CAIXABANK<br \/>\n <a href=\"https:\/\/www.boursorama.com\/cours\/FF55-CABK\/\" rel=\"nofollow noopener\" target=\"_blank\"><br \/>\n  CABK.MC<br \/>\n <\/a><br \/>\n a enregistr\u00e9 mercredi une chute de 11% sur un an de son b\u00e9n\u00e9fice net au deuxi\u00e8me trimestre, avec l&rsquo;impact de la hausse de la fiscalit\u00e9 bancaire et de la baisse des revenus des pr\u00eats.\n<\/p>\n<p>\n * SOLVAY<br \/>\n <a href=\"https:\/\/www.boursorama.com\/cours\/FF11-SOLB\/\" rel=\"nofollow noopener\" target=\"_blank\"><br \/>\n  SOLB.BR<br \/>\n <\/a><br \/>\n a fait \u00e9tat d&rsquo;un Ebitda de 230 millions d&rsquo;euros au deuxi\u00e8me trimestre.\n<\/p>\n<p>\n * BASF<br \/>\n <a href=\"https:\/\/www.boursorama.com\/cours\/1zBAS\/\" rel=\"nofollow noopener\" target=\"_blank\"><br \/>\n  BASFn.DE<br \/>\n <\/a><br \/>\n a d\u00e9clar\u00e9 mercredi que la volatilit\u00e9 caus\u00e9e par la politique douani\u00e8re du pr\u00e9sident am\u00e9ricain Donald Trump et l&rsquo;impr\u00e9visibilit\u00e9 g\u00e9n\u00e9rale des d\u00e9cisions du gouvernement am\u00e9ricain avaient un effet indirect sur le g\u00e9ant allemand de la chimie.\n<\/p>\n<p>\n * VOPAK<br \/>\n <a href=\"https:\/\/www.boursorama.com\/cours\/1rAVPK\/\" rel=\"nofollow noopener\" target=\"_blank\"><br \/>\n  VOPA.AS<br \/>\n <\/a><br \/>\n a relev\u00e9 mercredi son objectif de b\u00e9n\u00e9fice pour 2025, invoquant les bons r\u00e9sultats du premier semestre et la r\u00e9silience de son r\u00e9seau de terminaux.\n<\/p>\n<p>\n * JDE PEET&rsquo;S<br \/>\n <a href=\"https:\/\/www.boursorama.com\/cours\/1rAJDEP\/\" rel=\"nofollow noopener\" target=\"_blank\"><br \/>\n  JDEP.AS<br \/>\n <\/a><br \/>\n a relev\u00e9 mercredi ses pr\u00e9visions annuelles apr\u00e8s avoir enregistr\u00e9 un b\u00e9n\u00e9fice d&rsquo;exploitation sup\u00e9rieur aux attentes pour le premier semestre 2025, soutenu par une forte croissance de son chiffre d&rsquo;affaires.\n<\/p>\n<p>\n * IMERYS<br \/>\n <a href=\"https:\/\/www.boursorama.com\/cours\/1rPNK\/\" rel=\"nofollow noopener\" target=\"_blank\"><br \/>\n  IMTP.PA<br \/>\n <\/a><br \/>\n a dit mardi viser un Ebitda ajust\u00e9 d&rsquo;entre 540 et 580 millions d&rsquo;euros en 2025, en l&rsquo;absence de d\u00e9gradation significative de l&rsquo;environnement \u00e9conomique, dans un contexte caract\u00e9ris\u00e9 par une hausse des incertitudes g\u00e9opolitiques et macro\u00e9conomiques.\n<\/p>\n<p>\n * VERALLIA<br \/>\n <a href=\"https:\/\/www.boursorama.com\/cours\/1rPVRLA\/\" rel=\"nofollow noopener\" target=\"_blank\"><br \/>\n  VRLA.PA<br \/>\n <\/a><br \/>\n a fait \u00e9tat mardi d&rsquo;un recul de 2,5% de son chiffre d&rsquo;affaires au deuxi\u00e8me trimestre, \u00e0 905 millions d&rsquo;euros, tout en confirmant ses perspectives financi\u00e8res pour 2025.\n<\/p>\n<p>\n * WORLDLINE<br \/>\n <a href=\"https:\/\/www.boursorama.com\/cours\/1rPWLN\/\" rel=\"nofollow noopener\" target=\"_blank\"><br \/>\n  WLN.PA<br \/>\n <\/a><br \/>\n a annonc\u00e9 mardi la cession strat\u00e9gique pr\u00e9vue de sa branche Mobilit\u00e9 &amp; Services Web Transactionnels (MeTS) et une partie de ses Services Financiers (FS) au Groupe Magellan Partners. Le groupe fran\u00e7ais publiera par ailleurs ses r\u00e9sultats financiers au premier semestre mercredi.\n<\/p>\n<p>\n * CREDIT AGRICOLE<br \/>\n <a href=\"https:\/\/www.boursorama.com\/cours\/1rPACA\/\" rel=\"nofollow noopener\" target=\"_blank\"><br \/>\n  CAGR.PA<br \/>\n <\/a><br \/>\n &#8211; Cr\u00e9dit Agricole Sant\u00e9 &amp; Territoires a finalis\u00e9 l&rsquo;acquisition de Petits-Fils.\n<\/p>\n<p>\n * EUROFINS SCIENTIFIC<br \/>\n <a href=\"https:\/\/www.boursorama.com\/cours\/1rPERF\/\" rel=\"nofollow noopener\" target=\"_blank\"><br \/>\n  EUFI.PA<br \/>\n <\/a><br \/>\n a fix\u00e9 le prix de nouvelles obligations senior non garanties d&rsquo;un montant de 500 millions d&rsquo;euros.\n<\/p>\n<p>\n * HAVAS<br \/>\n <a href=\"https:\/\/www.boursorama.com\/cours\/1rAHAVAS\/\" rel=\"nofollow noopener\" target=\"_blank\"><br \/>\n  HAVAS.AS<br \/>\n <\/a><br \/>\n a fait \u00e9tat d&rsquo;un chiffre d&rsquo;affaires de 1,41 milliard d&rsquo;euros au premier semestre et a confirm\u00e9 ses objectifs 2025.\n<\/p>\n<p>\n * SAINT-GOBAIN<br \/>\n <a href=\"https:\/\/www.boursorama.com\/cours\/1rPSGO\/\" rel=\"nofollow noopener\" target=\"_blank\"><br \/>\n  SGOB.PA<br \/>\n <\/a><br \/>\n a annonc\u00e9 trois acquisitions en Am\u00e9rique du Nord, en Italie et au P\u00e9rou.\n<\/p>\n<p>\n (R\u00e9dig\u00e9 par Mara V\u00eelcu, \u00e9dit\u00e9 par Blandine H\u00e9nault)<\/p>\n","protected":false},"excerpt":{"rendered":"* KERING PRTP.PA a fait \u00e9tat mardi d&rsquo;une chute de 15% \u00e0 donn\u00e9es comparables de son chiffre d&rsquo;affaires&hellip;\n","protected":false},"author":2,"featured_media":64038,"comment_status":"","ping_status":"","sticky":false,"template":"","format":"standard","meta":{"footnotes":""},"categories":[1888],"tags":[400,1111,1928,11,1927,398,408,405,1777,674,1011,27,403,402,399,404,12,1926,626,1925,25,401,406,407],"class_list":{"0":"post-285725","1":"post","2":"type-post","3":"status-publish","4":"format-standard","5":"has-post-thumbnail","7":"category-paris","8":"tag-action-cac-40","9":"tag-actu","10":"tag-actu-paris","11":"tag-actualites","12":"tag-actualites-paris","13":"tag-bourse-de-paris","14":"tag-boursorama","15":"tag-cotations","16":"tag-eu","17":"tag-europe","18":"tag-fr","19":"tag-france","20":"tag-indices-devises","21":"tag-investir","22":"tag-investissement","23":"tag-marche-boursier","24":"tag-news","25":"tag-news-paris","26":"tag-paris","27":"tag-paris-news","28":"tag-republique-francaise","29":"tag-sicav","30":"tag-trackers","31":"tag-warrants"},"share_on_mastodon":{"url":"https:\/\/pubeurope.com\/@fr\/114945577650148710","error":""},"_links":{"self":[{"href":"https:\/\/www.europesays.com\/fr\/wp-json\/wp\/v2\/posts\/285725","targetHints":{"allow":["GET"]}}],"collection":[{"href":"https:\/\/www.europesays.com\/fr\/wp-json\/wp\/v2\/posts"}],"about":[{"href":"https:\/\/www.europesays.com\/fr\/wp-json\/wp\/v2\/types\/post"}],"author":[{"embeddable":true,"href":"https:\/\/www.europesays.com\/fr\/wp-json\/wp\/v2\/users\/2"}],"replies":[{"embeddable":true,"href":"https:\/\/www.europesays.com\/fr\/wp-json\/wp\/v2\/comments?post=285725"}],"version-history":[{"count":0,"href":"https:\/\/www.europesays.com\/fr\/wp-json\/wp\/v2\/posts\/285725\/revisions"}],"wp:featuredmedia":[{"embeddable":true,"href":"https:\/\/www.europesays.com\/fr\/wp-json\/wp\/v2\/media\/64038"}],"wp:attachment":[{"href":"https:\/\/www.europesays.com\/fr\/wp-json\/wp\/v2\/media?parent=285725"}],"wp:term":[{"taxonomy":"category","embeddable":true,"href":"https:\/\/www.europesays.com\/fr\/wp-json\/wp\/v2\/categories?post=285725"},{"taxonomy":"post_tag","embeddable":true,"href":"https:\/\/www.europesays.com\/fr\/wp-json\/wp\/v2\/tags?post=285725"}],"curies":[{"name":"wp","href":"https:\/\/api.w.org\/{rel}","templated":true}]}}