{"id":285730,"date":"2025-07-31T02:53:15","date_gmt":"2025-07-31T02:53:15","guid":{"rendered":"https:\/\/www.europesays.com\/fr\/285730\/"},"modified":"2025-07-31T02:53:15","modified_gmt":"2025-07-31T02:53:15","slug":"la-russie-se-coupe-t-elle-de-linternet-mondial","status":"publish","type":"post","link":"https:\/\/www.europesays.com\/fr\/285730\/","title":{"rendered":"La Russie se coupe-t-elle de l&rsquo;Internet mondial ?"},"content":{"rendered":"<p>La Russie a enregistr\u00e9 un nombre record de pannes d&rsquo;Internet en juillet\u00a0: 1\u00a0470 cas.<\/p>\n<p>Ces informations ont \u00e9t\u00e9 communiqu\u00e9es par le Service de renseignement ext\u00e9rieur ukrainien, selon Ukrinform.<\/p>\n<p>Selon le service de renseignement, les pannes enregistr\u00e9es sont sans pr\u00e9c\u00e9dent, non seulement par leur ampleur, mais aussi par leur r\u00e9gularit\u00e9. Aujourd&rsquo;hui la perte d&rsquo;acc\u00e8s \u00e0 Internet dans certaines r\u00e9gions est presque quotidienne, alors qu&rsquo;auparavant les pannes duraient plusieurs heures ou plusieurs jours, et \u00e9taient localis\u00e9es.<\/p>\n<p>Des pannes ont \u00e9t\u00e9 enregistr\u00e9es dans des dizaines de r\u00e9gions, notamment dans les r\u00e9gions de Lipetsk, Vladimir, Moscou, Nijni Novgorod, Sverdlovsk et Tioumen, ainsi que dans le district de Krasnoyarsk, \u00e0 Saint-P\u00e9tersbourg et \u00e0 Novossibirsk.<\/p>\n<p>En juin de cette ann\u00e9e, 77 r\u00e9gions ont \u00e9t\u00e9 touch\u00e9es par des pannes de communication, dont 47 ont \u00e9t\u00e9 compl\u00e8tement coup\u00e9es du r\u00e9seau. En juillet la situation s&rsquo;est aggrav\u00e9e\u00a0: des pannes massives ont commenc\u00e9 \u00e0 se produire dans 18\u00a0r\u00e9gions suppl\u00e9mentaires, m\u00eame dans celles situ\u00e9es loin de la zone de combat\u00a0: Primori\u00e9, Sakhaline et Kamtchatka.<\/p>\n<p>L&rsquo;internet filaire est aussi interrompu.<\/p>\n<p>Selon les renseignements, la population russe est contrainte de s&rsquo;adapter \u00e0 une vie sans acc\u00e8s stable au r\u00e9seau\u00a0: sans les transactions financi\u00e8res, la navigation et les services en ligne habituels.<\/p>\n<p>Les appels aux autorit\u00e9s concernant la situation des connexions internet sont vains. Les responsables au contraire menacent d&rsquo;envoyer les plaignants en guerre contre l&rsquo;Ukraine.<\/p>\n<p>La d\u00e9cision de restreindre les communications est prise par les forces de s\u00e9curit\u00e9 russes en collaboration avec les fournisseurs, sur la base d&rsquo;une \u00e9valuation de la \u00ab\u00a0situation op\u00e9rationnelle\u00a0\u00bb, souvent peu d\u00e9taill\u00e9e.<\/p>\n<p>\u00ab\u00a0Le v\u00e9ritable objectif de ces actions est de contr\u00f4ler l&rsquo;information et de limiter l&rsquo;acc\u00e8s des Russes \u00e0 des sources ind\u00e9sirables pour le Kremlin\u00a0\u00bb, note le Service de renseignement ext\u00e9rieur ukrainien.<\/p>\n<p>Pour rappel, les renseignements disposent de donn\u00e9es indiquant que le seul b\u00e9n\u00e9ficiaire du secteur civil de l&rsquo;\u00e9conomie russe reste le commerce rituel.<\/p>\n","protected":false},"excerpt":{"rendered":"La Russie a enregistr\u00e9 un nombre record de pannes d&rsquo;Internet en juillet\u00a0: 1\u00a0470 cas. Ces informations ont \u00e9t\u00e9&hellip;\n","protected":false},"author":2,"featured_media":285731,"comment_status":"","ping_status":"","sticky":false,"template":"","format":"standard","meta":{"footnotes":""},"categories":[1591],"tags":[11,1887,12,1885,1886,132],"class_list":{"0":"post-285730","1":"post","2":"type-post","3":"status-publish","4":"format-standard","5":"has-post-thumbnail","7":"category-russie","8":"tag-actualites","9":"tag-federation-de-russie","10":"tag-news","11":"tag-russia","12":"tag-russian-federation","13":"tag-russie"},"share_on_mastodon":{"url":"https:\/\/pubeurope.com\/@fr\/114945589443179292","error":""},"_links":{"self":[{"href":"https:\/\/www.europesays.com\/fr\/wp-json\/wp\/v2\/posts\/285730","targetHints":{"allow":["GET"]}}],"collection":[{"href":"https:\/\/www.europesays.com\/fr\/wp-json\/wp\/v2\/posts"}],"about":[{"href":"https:\/\/www.europesays.com\/fr\/wp-json\/wp\/v2\/types\/post"}],"author":[{"embeddable":true,"href":"https:\/\/www.europesays.com\/fr\/wp-json\/wp\/v2\/users\/2"}],"replies":[{"embeddable":true,"href":"https:\/\/www.europesays.com\/fr\/wp-json\/wp\/v2\/comments?post=285730"}],"version-history":[{"count":0,"href":"https:\/\/www.europesays.com\/fr\/wp-json\/wp\/v2\/posts\/285730\/revisions"}],"wp:featuredmedia":[{"embeddable":true,"href":"https:\/\/www.europesays.com\/fr\/wp-json\/wp\/v2\/media\/285731"}],"wp:attachment":[{"href":"https:\/\/www.europesays.com\/fr\/wp-json\/wp\/v2\/media?parent=285730"}],"wp:term":[{"taxonomy":"category","embeddable":true,"href":"https:\/\/www.europesays.com\/fr\/wp-json\/wp\/v2\/categories?post=285730"},{"taxonomy":"post_tag","embeddable":true,"href":"https:\/\/www.europesays.com\/fr\/wp-json\/wp\/v2\/tags?post=285730"}],"curies":[{"name":"wp","href":"https:\/\/api.w.org\/{rel}","templated":true}]}}