{"id":285735,"date":"2025-07-31T02:55:10","date_gmt":"2025-07-31T02:55:10","guid":{"rendered":"https:\/\/www.europesays.com\/fr\/285735\/"},"modified":"2025-07-31T02:55:10","modified_gmt":"2025-07-31T02:55:10","slug":"kamala-harris-renonce-au-poste-de-gouverneure-de-californie-mais-pense-a-la-presidentielle-de-2028","status":"publish","type":"post","link":"https:\/\/www.europesays.com\/fr\/285735\/","title":{"rendered":"Kamala Harris renonce au poste de gouverneure de Californie\u2026 mais pense \u00e0 la pr\u00e9sidentielle de\u00a02028"},"content":{"rendered":"<p>C\u2019est la fin d\u2019un long suspense politique en <a href=\"https:\/\/www.20minutes.fr\/dossier\/californie\" target=\"_blank\" class=\"color-ultramarine c-link\" rel=\"noopener\">Californie<\/a>. L\u2019ancienne vice-pr\u00e9sidente des Etats-Unis, <a href=\"https:\/\/www.20minutes.fr\/politique\/kamala-harris\/\" target=\"_blank\" class=\"color-ultramarine c-link\" rel=\"noopener\">Kamala Harris<\/a>, a annonc\u00e9 mercredi qu\u2019elle ne se pr\u00e9sentera pas au poste de gouverneure, mettant un terme \u00e0 plusieurs mois de sp\u00e9culations apr\u00e8s sa d\u00e9faite face \u00e0 <a href=\"https:\/\/www.20minutes.fr\/dossier\/donald_trump\" target=\"_blank\" class=\"color-ultramarine c-link\" rel=\"noopener\">Donald Trump<\/a> lors de la pr\u00e9sidentielle de\u00a02024, rapporte <a href=\"https:\/\/www.nbcnews.com\/politics\/2026-election\/kamala-harris-decides-not-run-governor-california-rcna222048\" rel=\"nofollow noopener\" target=\"_blank\" class=\"color-ultramarine c-link\">NBC News<\/a>.<\/p>\n<p>\u00ab\u00a0J\u2019ai r\u00e9fl\u00e9chi s\u00e9rieusement \u00e0 demander aux Californiens le privil\u00e8ge de servir comme gouverneure. J\u2019aime cet Etat, son peuple et sa promesse. C\u2019est mon foyer. Mais apr\u00e8s une profonde r\u00e9flexion, j\u2019ai d\u00e9cid\u00e9 de ne pas \u00eatre candidate\u00a0\u00bb, a d\u00e9clar\u00e9 Kamala Harris dans un communiqu\u00e9.<\/p>\n<p>Une possible candidature aux pr\u00e9sidentielles de\u00a02028<\/p>\n<p>Selon plusieurs proches cit\u00e9s par <a href=\"https:\/\/www.20minutes.fr\/dossier\/nbc\" target=\"_blank\" class=\"color-ultramarine c-link\" rel=\"noopener\">NBC News<\/a>, cette d\u00e9cision vise notamment \u00e0 pr\u00e9server la possibilit\u00e9 d\u2019une candidature <a href=\"https:\/\/www.20minutes.fr\/election-usa\/\" target=\"_blank\" class=\"color-ultramarine c-link\" rel=\"noopener\">pr\u00e9sidentielle<\/a> en\u00a02028. \u00ab\u00a0Cela garde la porte ouverte pour\u00a02028\u00a0\u00bb, a confi\u00e9 l\u2019un d\u2019eux, pr\u00e9cisant que l\u2019ex-vice-pr\u00e9sidente avait longuement h\u00e9sit\u00e9. \u00ab\u00a0C\u2019\u00e9tait une d\u00e9cision tr\u00e8s difficile\u00a0; elle voulait avoir l\u2019impact le plus fort possible.\u00a0\u00bb<\/p>\n<\/p>\n<p>Kamala Harris a tranch\u00e9 apr\u00e8s des semaines de consultations, notamment lors d\u2019une r\u00e9union avec un cercle restreint de conseillers \u00e0 <a href=\"https:\/\/www.20minutes.fr\/dossier\/los_angeles\" target=\"_blank\" class=\"color-ultramarine c-link\" rel=\"noopener\">Los Angeles<\/a>. \u00ab\u00a0Les options \u00e9taient claires\u00a0: ne pas se lancer dans la course au poste de gouverneur, se pr\u00e9parer pour\u00a02028 ou mettre fin \u00e0 son engagement en politique. Elle a pris la d\u00e9cision seule\u00a0\u00bb, a expliqu\u00e9 une source au fait de ses r\u00e9flexions.<\/p>\n<p>Un engagement dans le milieu associatif<\/p>\n<p>A court terme, l\u2019ex-candidate envisage de s\u2019impliquer dans le milieu associatif et pourrait cr\u00e9er un comit\u00e9 d\u2019action politique. Elle pr\u00e9voit \u00e9galement de faire campagne pour d\u2019autres <a href=\"https:\/\/www.20minutes.fr\/dossier\/parti_democrate\" target=\"_blank\" class=\"color-ultramarine c-link\" rel=\"noopener\">d\u00e9mocrates<\/a> lors des \u00e9lections de mi-mandat. \u00ab\u00a0Elle veut rester au c\u0153ur de la conversation nationale et parler de Donald Trump, ce qu\u2019une campagne pour la gouvernance de la Californie ne lui permettrait pas\u00a0\u00bb, a confi\u00e9 un proche.<\/p>\n<p><a href=\"https:\/\/www.20minutes.fr\/politique\/kamala-harris\/\" target=\"_blank\" class=\"c-link c-btn c-btn--primary\" rel=\"noopener\">Notre dossier sur Kamala Harris<\/a><\/p>\n<p>Cette annonce redessine totalement la course au poste de gouverneur de Californie, alors que Gavin Newsom, \u00e9lu en\u00a02018 puis r\u00e9\u00e9lu en\u00a02022, ne peut plus se repr\u00e9senter en raison des limites de mandat. Plusieurs figures d\u00e9mocrates se sont d\u00e9j\u00e0 positionn\u00e9es, parmi lesquelles la lieutenant-gouverneure Eleni Kounalakis, l\u2019ancien secr\u00e9taire \u00e0 la Sant\u00e9 Xavier Becerra, l\u2019ex-repr\u00e9sentante Katie Porter, l\u2019ancienne pr\u00e9sidente du S\u00e9nat californien Toni Atkins ou encore l\u2019ex-maire de Los Angeles Antonio Villaraigosa.<\/p>\n","protected":false},"excerpt":{"rendered":"C\u2019est la fin d\u2019un long suspense politique en Californie. L\u2019ancienne vice-pr\u00e9sidente des Etats-Unis, Kamala Harris, a annonc\u00e9 mercredi&hellip;\n","protected":false},"author":2,"featured_media":285736,"comment_status":"","ping_status":"","sticky":false,"template":"","format":"standard","meta":{"footnotes":""},"categories":[1589],"tags":[47,11,2139,75,5949,73,1866,458,6116,74,12,1864,1865,1863,308],"class_list":{"0":"post-285735","1":"post","2":"type-post","3":"status-publish","4":"format-standard","5":"has-post-thumbnail","7":"category-etats-unis","8":"tag-actualite","9":"tag-actualites","10":"tag-californie","11":"tag-donald-trump","12":"tag-elections","13":"tag-etats-unis","14":"tag-etats-unis-damerique","15":"tag-kamala-harris","16":"tag-los-angeles","17":"tag-monde","18":"tag-news","19":"tag-united-states","20":"tag-united-states-of-america","21":"tag-us","22":"tag-usa"},"share_on_mastodon":{"url":"https:\/\/pubeurope.com\/@fr\/114945597423115132","error":""},"_links":{"self":[{"href":"https:\/\/www.europesays.com\/fr\/wp-json\/wp\/v2\/posts\/285735","targetHints":{"allow":["GET"]}}],"collection":[{"href":"https:\/\/www.europesays.com\/fr\/wp-json\/wp\/v2\/posts"}],"about":[{"href":"https:\/\/www.europesays.com\/fr\/wp-json\/wp\/v2\/types\/post"}],"author":[{"embeddable":true,"href":"https:\/\/www.europesays.com\/fr\/wp-json\/wp\/v2\/users\/2"}],"replies":[{"embeddable":true,"href":"https:\/\/www.europesays.com\/fr\/wp-json\/wp\/v2\/comments?post=285735"}],"version-history":[{"count":0,"href":"https:\/\/www.europesays.com\/fr\/wp-json\/wp\/v2\/posts\/285735\/revisions"}],"wp:featuredmedia":[{"embeddable":true,"href":"https:\/\/www.europesays.com\/fr\/wp-json\/wp\/v2\/media\/285736"}],"wp:attachment":[{"href":"https:\/\/www.europesays.com\/fr\/wp-json\/wp\/v2\/media?parent=285735"}],"wp:term":[{"taxonomy":"category","embeddable":true,"href":"https:\/\/www.europesays.com\/fr\/wp-json\/wp\/v2\/categories?post=285735"},{"taxonomy":"post_tag","embeddable":true,"href":"https:\/\/www.europesays.com\/fr\/wp-json\/wp\/v2\/tags?post=285735"}],"curies":[{"name":"wp","href":"https:\/\/api.w.org\/{rel}","templated":true}]}}