{"id":285739,"date":"2025-07-31T02:57:20","date_gmt":"2025-07-31T02:57:20","guid":{"rendered":"https:\/\/www.europesays.com\/fr\/285739\/"},"modified":"2025-07-31T02:57:20","modified_gmt":"2025-07-31T02:57:20","slug":"arretee-a-la-frontiere-une-journaliste-syrienne-brutalisee-et-deshabillee-par-la-police","status":"publish","type":"post","link":"https:\/\/www.europesays.com\/fr\/285739\/","title":{"rendered":"arr\u00eat\u00e9e \u00e0 la fronti\u00e8re, une journaliste syrienne brutalis\u00e9e et d\u00e9shabill\u00e9e par la police"},"content":{"rendered":"<p>Le 16 juin 2025, Sandra Alloush, journaliste et r\u00e9fugi\u00e9e syrienne r\u00e9sidant en France depuis 2015, a \u00e9t\u00e9 arr\u00eat\u00e9e \u00e0 la fronti\u00e8re allemande entre Strasbourg et Kehl alors qu\u2019elle se rendait \u00e0 Berlin pour son travail. Malgr\u00e9 sa carte de s\u00e9jour fran\u00e7aise et un document attestant du renouvellement en cours de son passeport, les policiers allemands ont estim\u00e9 qu\u2019elle tentait d\u2019entrer ill\u00e9galement en Allemagne.<\/p>\n<p>Emmen\u00e9e au poste, elle y a \u00e9t\u00e9 fouill\u00e9e int\u00e9gralement, priv\u00e9e de libert\u00e9, emp\u00each\u00e9e de contacter un avocat et contrainte de signer des documents en allemand, sans en recevoir de copie. La police allemande affirme qu\u2019elle fait l\u2019objet d\u2019une enqu\u00eate pour tentative d\u2019entr\u00e9e ill\u00e9gale et non-collaboration.<\/p>\n<p>Militante des droits humains, la journaliste, traumatis\u00e9e par cet \u00e9pisode, d\u00e9nonce une violence polici\u00e8re injustifi\u00e9e et une suspicion syst\u00e9matique envers les personnes migrantes, m\u00eame r\u00e9gularis\u00e9es. Elle a d\u00e9pos\u00e9 plainte et envisage des poursuites judiciaires. <a href=\"https:\/\/www.rue89strasbourg.com\/frontiere-allemande-journaliste-arrestation-348808\" class=\"spip_out\" rel=\"noopener noreferrer external nofollow\" target=\"_blank\">Elle t\u00e9moigne \u00e0 Rue89<\/a>\u00a0: \u00ab\u00a0Je suis rejet\u00e9e de tous les c\u00f4t\u00e9s, on me dit que je ne suis pas la bienvenue. Si la France cesse de me prot\u00e9ger et ne renouvelle pas mon titre, o\u00f9 suis-je suppos\u00e9e aller\u00a0?\u00a0\u00bb<\/p>\n<p>Sarah Alloush s\u2019inqui\u00e8te sur la pr\u00e9carit\u00e9 de sa situation administrative en France, alors que son titre de s\u00e9jour expire dans un an, et redoute d\u2019\u00eatre un jour consid\u00e9r\u00e9e comme ind\u00e9sirable des deux c\u00f4t\u00e9s de la fronti\u00e8re.<\/p>\n<p>Une interpellation violente li\u00e9e au durcissement de la fronti\u00e8re<\/p>\n<p>Sandra Alloush a \u00e9t\u00e9 arr\u00eat\u00e9e malgr\u00e9 la pr\u00e9sentation de sa carte de s\u00e9jour fran\u00e7aise, puis emmen\u00e9e de force au poste de police, sans motif clair, sans cadre l\u00e9gal explicite. Menac\u00e9e d\u2019\u00eatre menott\u00e9e, fouill\u00e9e \u00e0 nu, emp\u00each\u00e9e de filmer ou d\u2019alerter un proche, Sandra a v\u00e9cu une humiliation d\u00e9lib\u00e9r\u00e9e. Celle-ci r\u00e9v\u00e8le la violence brute et profond\u00e9ment arbitraire qui accompagne les contr\u00f4les aux fronti\u00e8res pour les personnes immigr\u00e9es ou per\u00e7ues comme telles.<\/p>\n<p>En effet, depuis le 16 septembre 2024, l\u2019Allemagne a <a href=\"https:\/\/www.revolutionpermanente.fr\/Controles-systematiques-aux-frontieres-une-offensive-xenophobe-historique-en-Allemagne\" rel=\"nofollow noopener\" target=\"_blank\">r\u00e9tabli les contr\u00f4les syst\u00e9matiques  \u00e0 toutes ses fronti\u00e8res<\/a>, une mesure x\u00e9nophobe in\u00e9dite et renforc\u00e9e sous le gouvernement conservateur de Friedrich Merz qui a mobilis\u00e9 <a href=\"https:\/\/www.lopinion.fr\/international\/lallemagne-renforce-ses-controles-aux-frontieres-au-grand-dam-de-certains-de-ses-voisins\" class=\"spip_out\" rel=\"noopener noreferrer external nofollow\" target=\"_blank\">14 000 policiers, en arrivant au pouvoir en mai dernier<\/a>, afin de refouler les personnes sans papiers. Une offensive r\u00e9actionnaire qui prend pour pr\u00e9texte <a href=\"https:\/\/www.lepoint.fr\/monde\/en-allemagne-friedrich-merz-et-l-extreme-droite-dans-le-meme-bateau-sur-l-immigration-29-01-2025-2581132_24.php#11\" class=\"spip_out\" rel=\"noopener noreferrer external nofollow\" target=\"_blank\">l\u2019attaque au couteau commise par un r\u00e9fugi\u00e9 afghan \u00e0 Aschaffenburg le 22<\/a>, instrumentalis\u00e9e \u00e0 la fois par Merz et par l\u2019extr\u00eame droite allemande. Une <a href=\"https:\/\/www.lemonde.fr\/international\/article\/2024\/05\/24\/espace-schengen-l-union-europeenne-adopte-de-nouvelles-regles-pour-les-controles-aux-frontieres_6235329_3210.html\" class=\"spip_out\" rel=\"noopener noreferrer external nofollow\" target=\"_blank\">r\u00e9forme du code Schengen, adopt\u00e9e le 24 mai 2024<\/a>, permet en effet \u00e0 un \u00c9tat membre de r\u00e9tablir les contr\u00f4les aux fronti\u00e8res en cas de menace grave pour sa s\u00e9curit\u00e9. Ce dispositif juridique donne ainsi une l\u00e9gitimit\u00e9 institutionnelle \u00e0 un agenda s\u00e9curitaire et raciste de plus en plus assum\u00e9.<\/p>\n<p>Ces mesures font des \u00e9mules en France, o\u00f9 le ministre de l\u2019Int\u00e9rieur Bruno Retailleau multiplie <a href=\"https:\/\/www.revolutionpermanente.fr\/Chasse-aux-etrangers-Retailleau-lance-48h-de-traque-aux-sans-papiers-dans-les-transports\" rel=\"nofollow noopener\" target=\"_blank\">les rafles<\/a> ciblant les personnes sans-papiers, les travailleurs en situation irr\u00e9guli\u00e8re, et plus largement les \u00e9trangers racis\u00e9s. Le gouvernement fran\u00e7ais n\u2019h\u00e9site pas \u00e0 expulser des personnes r\u00e9fugi\u00e9es, y compris lorsqu\u2019elles sont gravement expos\u00e9es \u00e0 des risques dans leur pays d\u2019origine comme Sandra en Syrie. C\u2019est \u00e9galement le cas d\u2019Ia, <a href=\"https:\/\/www.revolutionpermanente.fr\/A-Strasbourg-une-mere-arrachee-a-sa-famille-pour-etre-deportee-vers-la-Georgie\" rel=\"nofollow noopener\" target=\"_blank\">une m\u00e8re de famille g\u00e9orgienne, renvoy\u00e9e de force depuis Strasbourg<\/a>. C\u2019est aussi celui de <a href=\"https:\/\/www.streetpress.com\/sujet\/1559904504-cause-engagement-deux-militants-turcs-risquent-etre-expulses-france-refugies\" class=\"spip_out\" rel=\"noopener noreferrer external nofollow\" target=\"_blank\">Zehra Kurtay, journaliste kurde, r\u00e9fugi\u00e9e politique depuis 2007, aujourd\u2019hui menac\u00e9e d\u2019expulsion vers la Turquie<\/a>, o\u00f9 elle risque de subir de lourdes pers\u00e9cutions du fait de son opposition au r\u00e9gime d\u2019Erdogan.<\/p>\n<p>Ces d\u00e9cisions illustrent la brutalit\u00e9 croissante des politiques migratoires dans toute l\u2019Europe, o\u00f9 la violence aux fronti\u00e8res se couple \u00e0 des proc\u00e9dures administratives opaques et interminables\u00a0: Sandra Alloush attend que la pr\u00e9fecture fran\u00e7aise valide sa demande de passeport depuis maintenant deux ans. Un exemple du parcours du combattant qu\u2019est devenue la proc\u00e9dure d\u2019obtention ou de renouvellement des titres de s\u00e9jour\u00a0: d\u00e9lais exorbitants, plateformes satur\u00e9es, refus arbitraires. Une pr\u00e9carisation et une criminalisation organis\u00e9e par l\u2019administration, et acc\u00e9l\u00e9r\u00e9e par les offensives successives commel la <a href=\"https:\/\/www.revolutionpermanente.fr\/Decryptage-Tout-comprendre-a-la-loi-immigration\" rel=\"nofollow noopener\" target=\"_blank\">derni\u00e8re loi immigration<\/a> et les <a href=\"https:\/\/www.revolutionpermanente.fr\/Circulaires-Retailleau-une-nouvelle-offensive-pour-accelerer-la-chasse-aux-etrangers\" rel=\"nofollow noopener\" target=\"_blank\">circulaires Retailleau<\/a>.<\/p>\n<p>Face aux politiques racistes des gouvernements allemand et fran\u00e7ais\u00a0: non au tri raciste, ouvrons les fronti\u00e8res\u00a0!<\/p>\n<p>L\u2019affaire Sandra Alloush d\u00e9montre une fois la logique raciste et violente qui structure aujourd\u2019hui les politiques migratoires en France comme en Allemagne\u00a0: le contr\u00f4le, l\u2019humiliation, la pr\u00e9carisation et l\u2019expulsion des personnes \u00e9trang\u00e8res, ou per\u00e7ues comme telles par l\u2019\u00c9tat. Ces violences d\u2019\u00c9tat, qu\u2019elles prennent la forme de fouilles d\u00e9gradantes, d\u2019arrestations arbitraires, de non-renouvellement des titres de s\u00e9jour ou d\u2019enfermements en CRA, ne sont pas des exceptions. Elles sont le produit d\u2019une escalade x\u00e9nophobe et s\u00e9curitaire qui \u00e9rige les personnes \u00e9trang\u00e8res en bouc \u00e9missaire.<\/p>\n<p>Face aux politiques racistes des gouvernements allemand et fran\u00e7ais nous revendiquons la fermeture CRA, l\u2019abolition de la loi immigration et de toutes les lois x\u00e9nophobes, la r\u00e9gularisation de tous les sans papiers sans conditions, l\u2019ouverture des fronti\u00e8res et la libert\u00e9 de circulation et d\u2019installation. Alors que l\u2019Europe forteresse se renforce, d\u00e9roulant le tapis rouge \u00e0 l\u2019extr\u00eame droite, il faut lui opposer une r\u00e9ponse internationaliste par en bas qui permet de lutter contre ces dynamiques mortif\u00e8res\u00a0!<\/p>\n","protected":false},"excerpt":{"rendered":"Le 16 juin 2025, Sandra Alloush, journaliste et r\u00e9fugi\u00e9e syrienne r\u00e9sidant en France depuis 2015, a \u00e9t\u00e9 arr\u00eat\u00e9e&hellip;\n","protected":false},"author":2,"featured_media":285740,"comment_status":"","ping_status":"","sticky":false,"template":"","format":"standard","meta":{"footnotes":""},"categories":[1587],"tags":[11,672,1804,1805,1803,1777,674,1801,12,1802],"class_list":{"0":"post-285739","1":"post","2":"type-post","3":"status-publish","4":"format-standard","5":"has-post-thumbnail","7":"category-allemagne","8":"tag-actualites","9":"tag-allemagne","10":"tag-bundesrepublik-deutschland","11":"tag-de","12":"tag-deutschland","13":"tag-eu","14":"tag-europe","15":"tag-germany","16":"tag-news","17":"tag-republique-federale-dallemagne"},"share_on_mastodon":{"url":"https:\/\/pubeurope.com\/@fr\/114945605232138255","error":""},"_links":{"self":[{"href":"https:\/\/www.europesays.com\/fr\/wp-json\/wp\/v2\/posts\/285739","targetHints":{"allow":["GET"]}}],"collection":[{"href":"https:\/\/www.europesays.com\/fr\/wp-json\/wp\/v2\/posts"}],"about":[{"href":"https:\/\/www.europesays.com\/fr\/wp-json\/wp\/v2\/types\/post"}],"author":[{"embeddable":true,"href":"https:\/\/www.europesays.com\/fr\/wp-json\/wp\/v2\/users\/2"}],"replies":[{"embeddable":true,"href":"https:\/\/www.europesays.com\/fr\/wp-json\/wp\/v2\/comments?post=285739"}],"version-history":[{"count":0,"href":"https:\/\/www.europesays.com\/fr\/wp-json\/wp\/v2\/posts\/285739\/revisions"}],"wp:featuredmedia":[{"embeddable":true,"href":"https:\/\/www.europesays.com\/fr\/wp-json\/wp\/v2\/media\/285740"}],"wp:attachment":[{"href":"https:\/\/www.europesays.com\/fr\/wp-json\/wp\/v2\/media?parent=285739"}],"wp:term":[{"taxonomy":"category","embeddable":true,"href":"https:\/\/www.europesays.com\/fr\/wp-json\/wp\/v2\/categories?post=285739"},{"taxonomy":"post_tag","embeddable":true,"href":"https:\/\/www.europesays.com\/fr\/wp-json\/wp\/v2\/tags?post=285739"}],"curies":[{"name":"wp","href":"https:\/\/api.w.org\/{rel}","templated":true}]}}