{"id":285741,"date":"2025-07-31T02:58:20","date_gmt":"2025-07-31T02:58:20","guid":{"rendered":"https:\/\/www.europesays.com\/fr\/285741\/"},"modified":"2025-07-31T02:58:20","modified_gmt":"2025-07-31T02:58:20","slug":"lactu-des-sciences-en-ultrabreves-2","status":"publish","type":"post","link":"https:\/\/www.europesays.com\/fr\/285741\/","title":{"rendered":"l\u2019actu des sciences en ultrabr\u00e8ves"},"content":{"rendered":"<p>Au sommaire des ultrabr\u00e8ves du 30 juillet 2025 : alerte au tsunami dans tout le Pacifique apr\u00e8s un puissant s\u00e9isme au large de la Russie, la nuit des \u00e9toiles 2025, c&rsquo;est-ce week-end, et une s\u00e9cheresse record en Europe.<\/p>\n<p>L\u2019actualit\u00e9 scientifique du 30 juillet 2025, c\u2019est :<\/p>\n<p>En G\u00e9ologie : <a href=\"https:\/\/www.sciencesetavenir.fr\/fondamental\/geologie\/alertes-au-tsunami-dans-le-pacifique-apres-un-seisme-de-magnitude-8-8-pres-des-cotes-russes_187387\" rel=\"nofollow noopener\" target=\"_blank\" data-ylk=\"slk:Alerte au tsunami dans tout le Pacifique apr\u00e8s un puissant s\u00e9isme au large de la Russie;elm:context_link;itc:0;sec:content-canvas\" class=\"link \">Alerte au tsunami dans tout le Pacifique apr\u00e8s un puissant s\u00e9isme au large de la Russie<\/a>.<\/p>\n<p>\u2022 Un s\u00e9isme de magnitude 8,8 a eu lieu au large de la p\u00e9ninsule russe du Kamtchatka, provoquant une alerte au tsunami sur toute la c\u00f4te Pacifique, du Japon \u00e0 Hawa\u00ef.<\/p>\n<p>\u2022 Plusieurs tsunamis successifs ont d\u00e9j\u00e0 submerg\u00e9 les rues dans le nord de l&rsquo;archipel russe des Kouriles.<\/p>\n<p>\u2022 \u00ab\u00a0Des tsunamis frapperont \u00e0 r\u00e9p\u00e9tition. Ne vous aventurez pas en mer et ne vous approchez pas des c\u00f4tes tant que l&rsquo;alerte n&rsquo;est pas lev\u00e9e\u00a0\u00bb, a averti l&rsquo;Agence m\u00e9t\u00e9orologique japonaise.<\/p>\n<p>En Espace : <a href=\"https:\/\/www.sciencesetavenir.fr\/espace\/voie-lactee\/les-nuits-des-etoiles-2025-c-est-ce-week-end_187377\" rel=\"nofollow noopener\" target=\"_blank\" data-ylk=\"slk:Les nuits des \u00e9toiles 2025, c&#039;est ce week-end !;elm:context_link;itc:0;sec:content-canvas\" class=\"link \">Les nuits des \u00e9toiles 2025, c&rsquo;est ce week-end !<\/a><\/p>\n<p>\u2022 Du 1er au 3 ao\u00fbt 2025, se d\u00e9roulera la 35\u1d49 \u00e9dition des Nuits des \u00e9toiles.<\/p>\n<p>\u2022 Pour l&rsquo;occasion, plus de 350 clubs et associations proposeront des observations guid\u00e9es partout en France.<\/p>\n<p>\u2022 Le fil conducteur de cette \u00e9dition 2025 s\u2019intitule \u00ab\u00a0Les oc\u00e9ans du ciel\u00a0\u00bb en \u00e9cho \u00e0 l\u2019Ann\u00e9e internationale de la mer.<\/p>\n<p>En Climat : <a href=\"https:\/\/www.sciencesetavenir.fr\/nature-environnement\/climat\/secheresse-record-pour-un-debut-juillet-en-europe-et-sur-le-pourtour-mediterraneen_187390\" rel=\"nofollow noopener\" target=\"_blank\" data-ylk=\"slk:S\u00e9cheresse record pour un d\u00e9but juillet en Europe et sur le pourtour m\u00e9diterran\u00e9en;elm:context_link;itc:0;sec:content-canvas\" class=\"link \">S\u00e9cheresse record pour un d\u00e9but juillet en Europe et sur le pourtour m\u00e9diterran\u00e9en<\/a>.<\/p>\n<p>\u2022 Selon l\u2019AFP, plus de la moiti\u00e9 des sols d\u2019Europe et du pourtour m\u00e9diterran\u00e9en \u00e9taient affect\u00e9s par la s\u00e9cheresse au d\u00e9but du mois de juillet.<\/p>\n<p>\u2022 Il s\u2019agit du taux le plus \u00e9lev\u00e9 enregistr\u00e9 pour la p\u00e9riode du 1er au 10 juillet depuis le d\u00e9but des observations en 2012.<\/p>\n<p>\u2022 L&rsquo;Europe de l&rsquo;Est est la plus touch\u00e9e. Au Kosovo, en Serbie et en Bulgarie, pr\u00e8s de 100% des sols sont affect\u00e9s par la s\u00e9cheresse et plus d&rsquo;un tiers sont en alerte.<\/p>\n<p>En Politique : <a href=\"https:\/\/www.sciencesetavenir.fr\/politique\/loi-duplomb-dangereuse-scientifiques-et-associations-de-patients-interpellent-le-conseil-constitutionnel_187376\" rel=\"nofollow noopener\" target=\"_blank\" data-ylk=\"slk:La loi Duplomb &quot;compromet la sant\u00e9 des jeunes&quot; : scientifiques et associations de patients interpellent le Conseil constitutionnel;elm:context_link;itc:0;sec:content-canvas\" class=\"link \">La loi Duplomb \u00ab\u00a0compromet la sant\u00e9 des jeunes\u00a0\u00bb : scientifiques et associations de patients interpellent le Conseil constitutionnel<\/a>.<\/p>\n<p>\u2022 Tandis que la p\u00e9tition contre la loi Duplomb a d&rsquo;ores et d\u00e9j\u00e0 franchi la barre des 2 millions de signatures, une nouvelle tribune interpelle le Conseil constitutionnel.<\/p>\n<p>\u2022 Publi\u00e9e dans Le Monde, elle appelle les Sages \u00e0 \u00ab\u00a0r\u00e9pondre \u00e0 l&rsquo;exigence d\u00e9mocratique exprim\u00e9e fortement par les citoyens fran\u00e7ais\u00a0\u00bb.<\/p>\n<p>\u2022 \u00ab\u00a0Nos r\u00e8gles constitutionnelles peuven[&#8230;]<\/p>\n<p><a href=\"https:\/\/www.sciencesetavenir.fr\/ultrabreves\/alerte-au-tunami-nuit-des-d-etoiles-et-secheresse-record-en-europe-l-actu-des-sciences-en-ultrabreves_187394#xtor=CS2-37-[Alerte%20au%20tunami%2C%20nuit%20des%20d%E2%80%99%C3%A9toiles%20et%20s%C3%A9cheresse%20record%20en%20Europe%20%3A%20l%E2%80%99actu%20des%20sciences%20en%20ultrabr%C3%A8ves]\" rel=\"nofollow noopener\" target=\"_blank\" data-ylk=\"slk:Lire la suite sur sciencesetavenir.fr;elm:context_link;itc:0;sec:content-canvas\" class=\"link \">Lire la suite sur sciencesetavenir.fr<\/a><\/p>\n<p>A lire aussi<\/p>\n","protected":false},"excerpt":{"rendered":"Au sommaire des ultrabr\u00e8ves du 30 juillet 2025 : alerte au tsunami dans tout le Pacifique apr\u00e8s un&hellip;\n","protected":false},"author":2,"featured_media":285742,"comment_status":"","ping_status":"","sticky":false,"template":"","format":"standard","meta":{"footnotes":""},"categories":[1586],"tags":[11,42461,1777,674,1011,27,12,25,12817],"class_list":{"0":"post-285741","1":"post","2":"type-post","3":"status-publish","4":"format-standard","5":"has-post-thumbnail","7":"category-europe","8":"tag-actualites","9":"tag-associations-de-patients","10":"tag-eu","11":"tag-europe","12":"tag-fr","13":"tag-france","14":"tag-news","15":"tag-republique-francaise","16":"tag-secheresse"},"share_on_mastodon":{"url":"https:\/\/pubeurope.com\/@fr\/114945609113120165","error":""},"_links":{"self":[{"href":"https:\/\/www.europesays.com\/fr\/wp-json\/wp\/v2\/posts\/285741","targetHints":{"allow":["GET"]}}],"collection":[{"href":"https:\/\/www.europesays.com\/fr\/wp-json\/wp\/v2\/posts"}],"about":[{"href":"https:\/\/www.europesays.com\/fr\/wp-json\/wp\/v2\/types\/post"}],"author":[{"embeddable":true,"href":"https:\/\/www.europesays.com\/fr\/wp-json\/wp\/v2\/users\/2"}],"replies":[{"embeddable":true,"href":"https:\/\/www.europesays.com\/fr\/wp-json\/wp\/v2\/comments?post=285741"}],"version-history":[{"count":0,"href":"https:\/\/www.europesays.com\/fr\/wp-json\/wp\/v2\/posts\/285741\/revisions"}],"wp:featuredmedia":[{"embeddable":true,"href":"https:\/\/www.europesays.com\/fr\/wp-json\/wp\/v2\/media\/285742"}],"wp:attachment":[{"href":"https:\/\/www.europesays.com\/fr\/wp-json\/wp\/v2\/media?parent=285741"}],"wp:term":[{"taxonomy":"category","embeddable":true,"href":"https:\/\/www.europesays.com\/fr\/wp-json\/wp\/v2\/categories?post=285741"},{"taxonomy":"post_tag","embeddable":true,"href":"https:\/\/www.europesays.com\/fr\/wp-json\/wp\/v2\/tags?post=285741"}],"curies":[{"name":"wp","href":"https:\/\/api.w.org\/{rel}","templated":true}]}}