{"id":285743,"date":"2025-07-31T02:59:13","date_gmt":"2025-07-31T02:59:13","guid":{"rendered":"https:\/\/www.europesays.com\/fr\/285743\/"},"modified":"2025-07-31T02:59:13","modified_gmt":"2025-07-31T02:59:13","slug":"multimedia-accord-commercial-ue-usa-la-france-sinquiete-de-ses-filieres-economiques-exposees-a-la-hausse-des-droits-de-douane-synthese-xinhua","status":"publish","type":"post","link":"https:\/\/www.europesays.com\/fr\/285743\/","title":{"rendered":"(Multim\u00e9dia) Accord commercial UE-USA : la France s&rsquo;inqui\u00e8te de ses fili\u00e8res \u00e9conomiques expos\u00e9es \u00e0 la hausse des droits de douane (SYNTHESE) &#8211; Xinhua"},"content":{"rendered":"<p><img decoding=\"async\" controls=\"controls\" src=\"https:\/\/www.europesays.com\/fr\/wp-content\/uploads\/2025\/07\/202507316df31f0b712041d290ea250d40ede1d6_XxjifrF007018_20250731_CBMFN0A001.JPG\"\/>Photo prise le 29 janvier 2025 montrant des drapeaux de l&rsquo;Union europ\u00e9enne flottant au si\u00e8ge de la Commission europ\u00e9enne, \u00e0 Bruxelles, en Belgique. (Xinhua\/Meng Dingbo)<\/p>\n<p><strong>Le nouvel accord commercial sign\u00e9 dimanche dernier entre l&rsquo;Union europ\u00e9enne et les Etats-Unis, pr\u00e9voyant que les produits europ\u00e9ens export\u00e9s aux Etats-Unis soient tax\u00e9s \u00e0 15% \u00e0 partir du 1er ao\u00fbt, a soulev\u00e9 un torrent d&rsquo;inqui\u00e9tudes en France.<\/strong><\/p>\n<p>PARIS, 30 juillet (Xinhua) &#8212; Le nouvel accord commercial sign\u00e9 dimanche dernier entre l&rsquo;Union europ\u00e9enne et les Etats-Unis, pr\u00e9voyant que les produits europ\u00e9ens export\u00e9s aux Etats-Unis soient tax\u00e9s \u00e0 15% \u00e0 partir du 1er ao\u00fbt, a soulev\u00e9 un torrent d&rsquo;inqui\u00e9tudes en France.<\/p>\n<p>A la recherche de solutions face au probl\u00e8me, le ministre fran\u00e7ais de l&rsquo;Economie Eric Lombard, accompagn\u00e9 de sept autres ministres du gouvernement, a accueilli mercredi des acteurs \u00e9conomiques, en Conseil des ministres \u00e0 Bercy, en pr\u00e9sence du pr\u00e9sident fran\u00e7ais Emmanuel Macron. Plusieurs organisations patronales, telles le Medef et la CPME (Conf\u00e9d\u00e9ration des petites et moyennes entreprises), et des f\u00e9d\u00e9rations, dont celle du commerce et de la distribution, y \u00e9taient pr\u00e9sentes.<\/p>\n<p>La hausse des droits de douane sur les exportations europ\u00e9ennes vers les Etats-Unis \u00e0 15%, bien qu&rsquo;inf\u00e9rieure aux 30% initialement envisag\u00e9s, demeure un poids consid\u00e9rable pour les entreprises fran\u00e7aises fortement d\u00e9pendantes du march\u00e9 am\u00e9ricain. D&rsquo;autant plus que les n\u00e9gociations entre les deux parties progressent actuellement par fili\u00e8re, et que les d\u00e9tails ne sont ainsi pas tous clairs, faisant retenir leur souffle aux fili\u00e8res fran\u00e7aises.<\/p>\n<p>L&rsquo;agriculture serait l&rsquo;une des principales victimes. \u00ab\u00a0Le niveau d&rsquo;inqui\u00e9tude est maximal\u00a0\u00bb, a dit la ministre de l&rsquo;Agriculture Annie Genevard au sortir de la r\u00e9union tenue \u00e0 Bercy, trois jours apr\u00e8s l&rsquo;annoncement de l&rsquo;accord transatlantique.\u00a0 \u00ab\u00a0Nous exportons pour cinq milliards d&rsquo;euros, quatre milliards pour le vin et les spiritueux, et un milliard pour le lait et les produits d&rsquo;\u00e9picerie. 15%, c&rsquo;est donc 800 millions d&rsquo;euros qui s&rsquo;ajoutent pour les consommateurs locaux\u00a0\u00bb, a rappel\u00e9 la ministre.<\/p>\n<p>\u00ab\u00a0Je ne sais pas comment \u00e7a va se terminer\u00a0\u00bb, s&rsquo;est exprim\u00e9 \u00e0 son tour Arnold Puech d&rsquo;Alissac, repr\u00e9sentant de la FNSEA (F\u00e9d\u00e9ration Nationale des Syndicats d&rsquo;Exploitants Agricoles). \u00ab\u00a0La France exporte 1,4 milliard de spiritueux sur les Etats-Unis, s&rsquo;ils sont exempt\u00e9s, ils vont conserver 1,4 milliard d&rsquo;exportations, donc c&rsquo;est important. Nous, le secteur du vin, on exporte 2,3 milliards, il faut qu&rsquo;on conserve nos 2,3 milliards\u00a0\u00bb, a-t-il dit.<\/p>\n<p>L&rsquo;impact de cet accord survient aussi dans un contexte o\u00f9 la conjoncture \u00e9conomique fran\u00e7aise reste fragile. Apr\u00e8s une ann\u00e9e 2024 marqu\u00e9e par une forte hausse des d\u00e9faillances d&rsquo;entreprises, la tendance semble avoir ralenti en 2025, mais pourrait repartir \u00e0 la hausse sous l&rsquo;effet des tensions commerciales.<\/p>\n<p>Selon Maxime Lemerle, \u00e9conomiste chez Allianz Trade, \u00ab\u00a0la guerre commerciale lanc\u00e9e par les Etats-Unis pourrait entra\u00eener un nombre de faillites sup\u00e9rieur \u00e0 nos pr\u00e9visions pour 2025 et 2026, estim\u00e9es respectivement \u00e0 67.500 et 65.000\u00a0\u00bb. Le Conseil national des administrateurs judiciaires et des mandataires judiciaires (Cnajmj) confirme ces craintes, estimant qu&rsquo;il est \u00ab\u00a0raisonnable de penser que les tensions commerciales croissantes entre l&rsquo;Union europ\u00e9enne et les Etats-Unis auront un impact\u00a0\u00bb. Le Cnajmj a n\u00e9anmoins soulign\u00e9 que les r\u00e9percussions sont complexes \u00e0 pr\u00e9voir \u00e0 court terme, notamment pour les secteurs industriels fortement impliqu\u00e9s dans les cha\u00eenes de valeur mondiales.<\/p>\n<p>Les petites et moyennes entreprises, particuli\u00e8rement dans les secteurs fragilis\u00e9s comme le vin ou la restauration, seraient les plus expos\u00e9es. Mais de plus en plus, ce sont aussi des entreprises de taille interm\u00e9diaire qui sont touch\u00e9es. D\u00e9j\u00e0 au premier semestre 2025, 105.944 emplois \u00e9taient menac\u00e9s par une proc\u00e9dure collective en France.<\/p>\n<p>Le pr\u00e9sident fran\u00e7ais Emmanuel Macron, n&rsquo;a pas cach\u00e9 son agacement mercredi \u00e0 Bercy. \u00ab\u00a0Pour \u00eatre libres, il faut \u00eatre craints. Nous n&rsquo;avons pas \u00e9t\u00e9 assez craints\u00a0\u00bb, a-t-il d\u00e9clar\u00e9 en Conseil des ministres tenu mercredi, d\u00e9non\u00e7ant que \u00ab\u00a0l&rsquo;Europe ne se vit pas encore suffisamment comme une puissance\u00a0\u00bb.<\/p>\n<p>Cependant, le chef d&rsquo;Etat a aussi martel\u00e9 que \u00ab\u00a0ce n&rsquo;est pas la fin de l&rsquo;histoire et nous n&rsquo;en resterons pas l\u00e0\u00a0\u00bb. Il a insist\u00e9 sur le fait que \u00ab\u00a0la France a toujours tenu une position de fermet\u00e9 et d&rsquo;exigence\u00a0\u00bb et qu&rsquo;elle continuera de le faire dans les n\u00e9gociations \u00e0 venir. Du bon c\u00f4t\u00e9, il a rappel\u00e9 que l&rsquo;accord \u00ab\u00a0pr\u00e9serve les int\u00e9r\u00eats fran\u00e7ais et europ\u00e9ens\u00a0\u00bb sur des \u00ab\u00a0fili\u00e8res exportatrices majeures\u00a0\u00bb comme l&rsquo;a\u00e9ronautique, et que l&rsquo;UE a aussi \u00ab\u00a0veill\u00e9\u00a0\u00bb \u00e0 ce qu&rsquo;il n&rsquo;y ait aucune concession pour ses fili\u00e8res agricoles et aucune remise en cause de son autonomie r\u00e9glementaire, de ses normes sanitaires et environnementales.<\/p>\n<p>Selon lui, l&rsquo;UE peut obtenir de \u00ab\u00a0nouvelles exemptions\u00a0\u00bb durant les discussions qui auront lieu pour \u00ab\u00a0formaliser\u00a0\u00bb l&rsquo;accord dans les d\u00e9tails, et il faut donc \u00ab\u00a0\u0153uvrer sans rel\u00e2che au r\u00e9\u00e9quilibrage de nos \u00e9changes, notamment dans les services\u00a0\u00bb.<\/p>\n<p>Le ministre d\u00e9l\u00e9gu\u00e9 charg\u00e9 du Commerce ext\u00e9rieur, Laurent Saint-Martin, a aussi tent\u00e9 de rassurer. Il appelle \u00e0 un r\u00e9\u00e9quilibrage des \u00e9changes, y compris dans le domaine des services, actuellement largement exc\u00e9dentaire au profit des Etats-Unis.<\/p>\n<p>\u00ab\u00a0Si la volont\u00e9 de Donald Trump \u00e9tait de r\u00e9\u00e9quilibrer la balance des biens, alors je crois qu&rsquo;il n&rsquo;y a pas de tabou \u00e0 avoir sur la balance des services \u00e9galement\u00a0\u00bb, qui est exc\u00e9dentaire en faveur des Etats-Unis, a-t-il d\u00e9clar\u00e9 mercredi \u00e0 l&rsquo;issue de la r\u00e9union interminist\u00e9rielle, ajoutant : \u00ab\u00a0ce que nous poussons de fa\u00e7on tr\u00e8s claire, c&rsquo;est une exemption pour le secteur (&#8230;) des vins et des spiritueux, en plus de l&rsquo;a\u00e9ronautique\u00a0\u00bb.<\/p>\n","protected":false},"excerpt":{"rendered":"Photo prise le 29 janvier 2025 montrant des drapeaux de l&rsquo;Union europ\u00e9enne flottant au si\u00e8ge de la Commission&hellip;\n","protected":false},"author":2,"featured_media":285744,"comment_status":"","ping_status":"","sticky":false,"template":"","format":"standard","meta":{"footnotes":""},"categories":[1586],"tags":[7608,11,33,1777,674,1779,1011,27,12,25,42462,1778,364],"class_list":{"0":"post-285743","1":"post","2":"type-post","3":"status-publish","4":"format-standard","5":"has-post-thumbnail","7":"category-europe","8":"tag-accord-commercial","9":"tag-actualites","10":"tag-economie","11":"tag-eu","12":"tag-europe","13":"tag-european-union","14":"tag-fr","15":"tag-france","16":"tag-news","17":"tag-republique-francaise","18":"tag-tarifs-americains","19":"tag-ue","20":"tag-union-europeenne"},"share_on_mastodon":{"url":"https:\/\/pubeurope.com\/@fr\/114945613085513131","error":""},"_links":{"self":[{"href":"https:\/\/www.europesays.com\/fr\/wp-json\/wp\/v2\/posts\/285743","targetHints":{"allow":["GET"]}}],"collection":[{"href":"https:\/\/www.europesays.com\/fr\/wp-json\/wp\/v2\/posts"}],"about":[{"href":"https:\/\/www.europesays.com\/fr\/wp-json\/wp\/v2\/types\/post"}],"author":[{"embeddable":true,"href":"https:\/\/www.europesays.com\/fr\/wp-json\/wp\/v2\/users\/2"}],"replies":[{"embeddable":true,"href":"https:\/\/www.europesays.com\/fr\/wp-json\/wp\/v2\/comments?post=285743"}],"version-history":[{"count":0,"href":"https:\/\/www.europesays.com\/fr\/wp-json\/wp\/v2\/posts\/285743\/revisions"}],"wp:featuredmedia":[{"embeddable":true,"href":"https:\/\/www.europesays.com\/fr\/wp-json\/wp\/v2\/media\/285744"}],"wp:attachment":[{"href":"https:\/\/www.europesays.com\/fr\/wp-json\/wp\/v2\/media?parent=285743"}],"wp:term":[{"taxonomy":"category","embeddable":true,"href":"https:\/\/www.europesays.com\/fr\/wp-json\/wp\/v2\/categories?post=285743"},{"taxonomy":"post_tag","embeddable":true,"href":"https:\/\/www.europesays.com\/fr\/wp-json\/wp\/v2\/tags?post=285743"}],"curies":[{"name":"wp","href":"https:\/\/api.w.org\/{rel}","templated":true}]}}