{"id":285750,"date":"2025-07-31T03:05:10","date_gmt":"2025-07-31T03:05:10","guid":{"rendered":"https:\/\/www.europesays.com\/fr\/285750\/"},"modified":"2025-07-31T03:05:10","modified_gmt":"2025-07-31T03:05:10","slug":"rugby-le-souletin-gilen-queheille-sur-le-podium-de-la-coupe-dafrique-avec-lalgerie","status":"publish","type":"post","link":"https:\/\/www.europesays.com\/fr\/285750\/","title":{"rendered":"Rugby\u00a0: le Souletin Gilen Queheille sur le podium de la Coupe d\u2019Afrique avec l\u2019Alg\u00e9rie"},"content":{"rendered":"<p class=\"interview-question\"><strong>Comment se sont nou\u00e9s les contacts avec la f\u00e9d\u00e9ration&#8230;<\/strong><\/p>\n<p class=\"interview-question\"><strong>Comment se sont nou\u00e9s les contacts avec la f\u00e9d\u00e9ration alg\u00e9rienne\u00a0?<\/strong><\/p>\n<p class=\"interview-answer\">Cela remonte \u00e0 quelques ann\u00e9es d\u00e9j\u00e0. J\u2019aurais d\u00e9j\u00e0 d\u00fb jouer la CAN (Coupe d\u2019Afrique des Nations, NDLR) en 2022, mais un probl\u00e8me d\u2019in\u00e9ligibilit\u00e9 ne m\u2019avait pas permis d\u2019y participer au dernier moment. Ce n\u2019\u00e9tait que partie remise pour cette fois-ci. Un co\u00e9quipier qui jouait en s\u00e9lection m\u2019avait appris que cela remontait jusqu\u2019aux grands-parents pour \u00eatre s\u00e9lectionnable. Mon grand-p\u00e8re (maternel) \u00e9tant n\u00e9 l\u00e0-bas, j\u2019avais contact\u00e9 la f\u00e9d\u00e9 car ils ne savaient pas que j\u2019\u00e9tais \u00e9ligible.<\/p>\n<p class=\"interview-question\"><strong>Avant de disputer la Coupe d\u2019Afrique pendant 2 semaines en Ouganda, vous avez fait un stage d\u2019une semaine \u00e0 Alger. Qu\u2019en retenez-vous\u00a0?<\/strong><\/p>\n<p class=\"interview-answer\">Mon grand-p\u00e8re me parlait tout le temps du pays, mais je n\u2019avais jamais eu l\u2019occasion d\u2019y aller. Il \u00e9tait d\u2019Oran et y a v\u00e9cu jusqu\u2019\u00e0 ses 20\u00a0ans. J\u2019ai toujours eu un lien avec ce pays gr\u00e2ce \u00e0 cela. C\u2019\u00e9tait bien de faire ce stage \u00e0 Alger pour nous rapprocher de l\u2019histoire de nos familles. C\u2019\u00e9tait la premi\u00e8re fois que l\u2019\u00e9quipe nationale de rugby allait en Alg\u00e9rie officiellement.<\/p>\n<p class=\"interview-answer\">On a beaucoup travaill\u00e9 le rugby car on avait qu\u2019une semaine pour pr\u00e9parer la CAN mais on a quand m\u00eame eu des quartiers libres pour se balader en centre-ville, manger dans un restaurant typique de la casbah (vieille ville). Le rugby est tr\u00e8s peu connu l\u00e0-bas. Il y a une f\u00e9d\u00e9, mais pas de championnat. Les Alg\u00e9riens sont tr\u00e8s patriotes donc, d\u00e8s qu\u2019on se baladait en centre-ville, ils \u00e9taient contents de nous voir.<\/p>\n<p class=\"interview-question\"><strong>Quel bilan faites-vous de cette CAN o\u00f9 vous finissez 3e\u00a0?<\/strong><\/p>\n<p class=\"interview-answer\">Je suis \u00e0 la fois content car avec tr\u00e8s peu de moyens, une semaine en commun et pas de match amical, on perd en demie, 21-7 contre la Namibie qui est dans les 20 meilleures nations mondiales. On domine, mais on n\u2019est pas pay\u00e9 sur ce match. J\u2019ai quand m\u00eame un go\u00fbt amer car, avec un peu plus de pr\u00e9paration, on avait les hommes pour passer. On avait, je pense, l\u2019\u00e9quipe pour participer \u00e0 une Coupe du monde (1).<\/p>\n<p class=\"interview-question\"><strong>Quelles \u00e9taient les conditions de jeu en Ouganda\u00a0?<\/strong><\/p>\n<p class=\"interview-answer\">C\u2019\u00e9tait tr\u00e8s humide et on jouait \u00e0 1200 m\u00e8tres d\u2019altitude. Le premier match a \u00e9t\u00e9 compliqu\u00e9 au niveau de l\u2019acclimatation. Mais apr\u00e8s 5 ou 6 jours, ton corps s\u2019acclimate et fabrique beaucoup plus de globules rouges qui te permettent d\u2019\u00eatre bien oxyg\u00e9n\u00e9. Je me sentais m\u00eame mieux qu\u2019en France, physiquement.<\/p>\n<p class=\"interview-question\"><strong>Apr\u00e8s cette CAN, quel est votre avis sur le rugby africain\u00a0?<\/strong><\/p>\n<p class=\"interview-answer\">C\u2019\u00e9tait \u00e0 chaque fois des matchs tr\u00e8s diff\u00e9rents mais, \u00e0 l\u2019image de la C\u00f4te d\u2019Ivoire en quart (victoire 41-6), tous les joueurs s\u2019envoient comme des fous pour leur s\u00e9lection. J\u2019ai \u00e9t\u00e9 un peu surpris de l\u2019engagement qu\u2019ils mettent. Ce sont de vrais athl\u00e8tes.<\/p>\n<p class=\"interview-answer\">La Namibie ressemble plus \u00e0 l\u2019Afrique du Sud avec des joueurs tr\u00e8s costauds, tr\u00e8s st\u00e9r\u00e9otyp\u00e9s. On a fini par le Kenya (match pour la 3e place gagn\u00e9 15-5). De vrais athl\u00e8tes l\u00e0 aussi. Des profils qui ressemblent plus \u00e0 des joueurs de 7. Si tu laisses un petit espace, cela va au bout sans que tu comprennes comment.<\/p>\n<p class=\"interview-question\"><strong>Quel est votre avenir et celui de votre s\u00e9lection d\u00e9sormais\u00a0?<\/strong><\/p>\n<p class=\"interview-answer\">Cela me donne envie d\u2019y repartir. Jouer en s\u00e9lection nationale, c\u2019est toujours de tr\u00e8s belles exp\u00e9riences. Je ne serais certainement jamais all\u00e9 en Ouganda si je n\u2019avais pas eu le rugby. Cela permet de rencontrer des gens, de jouer un rugby tr\u00e8s diff\u00e9rent de la France.<\/p>\n<p class=\"interview-answer\">Cela serait bien pour le d\u00e9veloppement de la s\u00e9lection, qu\u2019on arrive \u00e0 se voir plus souvent. Avant la CAN, l\u2019Alg\u00e9rie avait jou\u00e9 un match en un an et demi. La quasi-majorit\u00e9 des joueurs jouent en France, donc cela serait bien qu\u2019on arrive \u00e0 faire des rassemblements ou m\u00eame des matchs amicaux avec d\u2019autres s\u00e9lections comme le Maroc qui a \u00e9galement beaucoup de joueurs ici.\u00a0On se rend compte qu\u2019avec une semaine de pr\u00e9paration, on n\u2019\u00e9tait pas loin de la Namibie qui avait fait huit matchs en un an. J\u2019esp\u00e8re qu\u2019on y arrivera pour acc\u00e9der au r\u00eave d\u2019un jour participer \u00e0 une Coupe du monde.<\/p>\n<p>(1) Le Zimbabwe, vainqueur de la CAN, est qualifi\u00e9 pour la prochaine Coupe du monde alors que la Namibie, finaliste, disputera un tournoi de rep\u00eachage.<\/p>\n<p>    Le SA Maul\u00e9on en assembl\u00e9e g\u00e9n\u00e9rale<br \/>\nL\u2019assembl\u00e9e g\u00e9n\u00e9rale du S.A.M Rugby se d\u00e9roulera ce jeudi 31\u00a0juillet \u00e0 19h au stade Marius-Rodrigo. Le pot de l\u2019amiti\u00e9 et des grillades cl\u00f4tureront cette assembl\u00e9e et cette saison 2024-2025.<\/p>\n","protected":false},"excerpt":{"rendered":"Comment se sont nou\u00e9s les contacts avec la f\u00e9d\u00e9ration&#8230; Comment se sont nou\u00e9s les contacts avec la f\u00e9d\u00e9ration&hellip;\n","protected":false},"author":2,"featured_media":285751,"comment_status":"","ping_status":"","sticky":false,"template":"","format":"standard","meta":{"footnotes":""},"categories":[1416],"tags":[1011,27,479,1468,60],"class_list":{"0":"post-285750","1":"post","2":"type-post","3":"status-publish","4":"format-standard","5":"has-post-thumbnail","7":"category-rugby","8":"tag-fr","9":"tag-france","10":"tag-rugby","11":"tag-rugby-football","12":"tag-sports"},"share_on_mastodon":{"url":"https:\/\/pubeurope.com\/@fr\/114945636627224812","error":""},"_links":{"self":[{"href":"https:\/\/www.europesays.com\/fr\/wp-json\/wp\/v2\/posts\/285750","targetHints":{"allow":["GET"]}}],"collection":[{"href":"https:\/\/www.europesays.com\/fr\/wp-json\/wp\/v2\/posts"}],"about":[{"href":"https:\/\/www.europesays.com\/fr\/wp-json\/wp\/v2\/types\/post"}],"author":[{"embeddable":true,"href":"https:\/\/www.europesays.com\/fr\/wp-json\/wp\/v2\/users\/2"}],"replies":[{"embeddable":true,"href":"https:\/\/www.europesays.com\/fr\/wp-json\/wp\/v2\/comments?post=285750"}],"version-history":[{"count":0,"href":"https:\/\/www.europesays.com\/fr\/wp-json\/wp\/v2\/posts\/285750\/revisions"}],"wp:featuredmedia":[{"embeddable":true,"href":"https:\/\/www.europesays.com\/fr\/wp-json\/wp\/v2\/media\/285751"}],"wp:attachment":[{"href":"https:\/\/www.europesays.com\/fr\/wp-json\/wp\/v2\/media?parent=285750"}],"wp:term":[{"taxonomy":"category","embeddable":true,"href":"https:\/\/www.europesays.com\/fr\/wp-json\/wp\/v2\/categories?post=285750"},{"taxonomy":"post_tag","embeddable":true,"href":"https:\/\/www.europesays.com\/fr\/wp-json\/wp\/v2\/tags?post=285750"}],"curies":[{"name":"wp","href":"https:\/\/api.w.org\/{rel}","templated":true}]}}