{"id":285762,"date":"2025-07-31T03:12:11","date_gmt":"2025-07-31T03:12:11","guid":{"rendered":"https:\/\/www.europesays.com\/fr\/285762\/"},"modified":"2025-07-31T03:12:11","modified_gmt":"2025-07-31T03:12:11","slug":"un-festival-de-cinema-epingle-christopher-nolan-pour-avoir-tourne-au-sahara-occidental-actualites","status":"publish","type":"post","link":"https:\/\/www.europesays.com\/fr\/285762\/","title":{"rendered":"Un festival de cin\u00e9ma \u00e9pingle Christopher Nolan pour avoir tourn\u00e9 au Sahara occidental : Actualit\u00e9s"},"content":{"rendered":"<p class=\"lead \">Le festival international du film du Sahara exhorte le r\u00e9alisateur oscaris\u00e9 Christopher Nolan \u00e0 ne plus filmer au Sahara occidental, en majeure partie contr\u00f4l\u00e9 par le Maroc, o\u00f9 il vient de tourner des sc\u00e8nes pour son prochain long m\u00e9trage \u00ab\u00a0L&rsquo;Odyss\u00e9e\u00a0\u00bb, a dit mercredi \u00e0 l&rsquo;AFP sa directrice ex\u00e9cutive.<\/p>\n<p class=\"lead \">\u00ab\u00a0Nous appelons Nolan \u00e0 \u00eatre solidaire du peuple sahraoui\u00a0\u00bb, a d\u00e9clar\u00e9 Maria Carrion.<\/p>\n<p class=\"lead \">Le festival international du film du Sahara (FiSahara) se tient chaque ann\u00e9e dans des camps de r\u00e9fugi\u00e9s sahraouis en Alg\u00e9rie.<\/p>\n<p class=\"lead \">Le cin\u00e9aste am\u00e9ricano-britannique, qui a remport\u00e9 l&rsquo;Oscar du meilleur r\u00e9alisateur pour \u00ab\u00a0Oppenheimer\u00a0\u00bb, se trouvait r\u00e9cemment, selon des m\u00e9dias marocains, dans la ville de Dakhla, au Sahara occidental, pour \u00ab\u00a0L&rsquo;Odyss\u00e9e\u00a0\u00bb, qui doit sortir en 2026 avec \u00e0 l&rsquo;affiche des stars comme Matt Damon et Zendaya.<\/p>\n<p class=\"lead \">Le ministre marocain de la Culture, Mehdi Bensaid, s&rsquo;est f\u00e9licit\u00e9 aupr\u00e8s du site M\u00e9dias 24 des futures retomb\u00e9es de ce tournage.<\/p>\n<p class=\"lead \">\u00ab\u00a0Il est \u00e9vident que ce film va donner davantage de visibilit\u00e9 cin\u00e9matographique \u00e0 Dakhla comme une destination de tournage et non plus seulement de tourisme\u00a0\u00bb, a-t-il assur\u00e9.<\/p>\n<p class=\"lead \">Le Sahara occidental, une ancienne colonie espagnole jusqu&rsquo;en 1975, est contr\u00f4l\u00e9 en majeure partie par le Maroc mais consid\u00e9r\u00e9 comme un territoire non autonome par les Nations unies. Un conflit y oppose depuis 50 ans le Maroc aux ind\u00e9pendantistes du Front Polisario, soutenus par l&rsquo;Alg\u00e9rie.<\/p>\n<p class=\"lead \">\u00ab\u00a0Nous avons eu le sentiment que le fait que Nolan soit l\u00e0-bas, \u00e0 tourner sur une dune de sable \u2014 alors qu&rsquo;il y a tant d&rsquo;autres dunes dans le monde qu&rsquo;il aurait pu choisir, qui ne se trouvent pas en territoire occup\u00e9 \u2014 revenait \u00e0 l\u00e9gitimer l&rsquo;occupation et \u00e0 renforcer le colonialisme au Sahara occidental\u00a0\u00bb, a dit Maria Carrion.<\/p>\n<p class=\"lead \">Maintenant que Christopher Nolan semble avoir fini de tourner \u00e0 Dakhla, le festival le presse de ne pas utiliser les images d\u00e9j\u00e0 film\u00e9es.<\/p>\n<p class=\"lead \">\u00ab\u00a0Il n&rsquo;a pas obtenu l&rsquo;accord des Sahraouis pour filmer ni pour utiliser ces images. Il a obtenu l&rsquo;accord d&rsquo;une puissance occupante, ce qui ne constitue pas un v\u00e9ritable accord\u00a0\u00bb, a insist\u00e9 Mme Carrion, en disant penser que le r\u00e9alisateur et son \u00e9quipe n&rsquo;avaient pas \u00e9t\u00e9 \u00ab\u00a0correctement inform\u00e9s\u00a0\u00bb du contexte.<\/p>\n<p class=\"lead \">Rabat propose un plan d&rsquo;autonomie sous sa souverainet\u00e9 pour ce vaste territoire d\u00e9sertique, qu&rsquo;il consid\u00e8re comme faisant partie int\u00e9grante du royaume. Les ind\u00e9pendantistes du Front Polisario continuent eux de revendiquer la tenue d&rsquo;un r\u00e9f\u00e9rendum d&rsquo;autod\u00e9termination.<\/p>\n<p class=\"small font-weight-bold text-gray3 \"> publi\u00e9 le 30 juillet \u00e0 19h10, AFP<\/p>\n<p>                             Partager<\/p>\n","protected":false},"excerpt":{"rendered":"Le festival international du film du Sahara exhorte le r\u00e9alisateur oscaris\u00e9 Christopher Nolan \u00e0 ne plus filmer au&hellip;\n","protected":false},"author":2,"featured_media":285763,"comment_status":"","ping_status":"","sticky":false,"template":"","format":"standard","meta":{"footnotes":""},"categories":[1359],"tags":[1972,251,58,59,849,1011,27,2223,973,316],"class_list":{"0":"post-285762","1":"post","2":"type-post","3":"status-publish","4":"format-standard","5":"has-post-thumbnail","7":"category-people","8":"tag-cinma","9":"tag-culture","10":"tag-divertissement","11":"tag-entertainment","12":"tag-festival","13":"tag-fr","14":"tag-france","15":"tag-maroc","16":"tag-people","17":"tag-politique"},"share_on_mastodon":{"url":"https:\/\/pubeurope.com\/@fr\/114945664144374623","error":""},"_links":{"self":[{"href":"https:\/\/www.europesays.com\/fr\/wp-json\/wp\/v2\/posts\/285762","targetHints":{"allow":["GET"]}}],"collection":[{"href":"https:\/\/www.europesays.com\/fr\/wp-json\/wp\/v2\/posts"}],"about":[{"href":"https:\/\/www.europesays.com\/fr\/wp-json\/wp\/v2\/types\/post"}],"author":[{"embeddable":true,"href":"https:\/\/www.europesays.com\/fr\/wp-json\/wp\/v2\/users\/2"}],"replies":[{"embeddable":true,"href":"https:\/\/www.europesays.com\/fr\/wp-json\/wp\/v2\/comments?post=285762"}],"version-history":[{"count":0,"href":"https:\/\/www.europesays.com\/fr\/wp-json\/wp\/v2\/posts\/285762\/revisions"}],"wp:featuredmedia":[{"embeddable":true,"href":"https:\/\/www.europesays.com\/fr\/wp-json\/wp\/v2\/media\/285763"}],"wp:attachment":[{"href":"https:\/\/www.europesays.com\/fr\/wp-json\/wp\/v2\/media?parent=285762"}],"wp:term":[{"taxonomy":"category","embeddable":true,"href":"https:\/\/www.europesays.com\/fr\/wp-json\/wp\/v2\/categories?post=285762"},{"taxonomy":"post_tag","embeddable":true,"href":"https:\/\/www.europesays.com\/fr\/wp-json\/wp\/v2\/tags?post=285762"}],"curies":[{"name":"wp","href":"https:\/\/api.w.org\/{rel}","templated":true}]}}