{"id":285764,"date":"2025-07-31T03:14:16","date_gmt":"2025-07-31T03:14:16","guid":{"rendered":"https:\/\/www.europesays.com\/fr\/285764\/"},"modified":"2025-07-31T03:14:16","modified_gmt":"2025-07-31T03:14:16","slug":"cette-habitante-de-dordogne-cherche-a-savoir-qui-colle-des-pages-de-livres-sur-sa-voiture","status":"publish","type":"post","link":"https:\/\/www.europesays.com\/fr\/285764\/","title":{"rendered":"Cette habitante de Dordogne cherche \u00e0 savoir qui colle des pages de livres sur sa voiture"},"content":{"rendered":"<p>Cela fait plusieurs fois que Patricia retrouve des dizaines de pages de livres coll\u00e9s sur sa voiture. Elle en a encore retrouv\u00e9 ce mardi 22 juillet 2025. L&rsquo;habitante de Montignac-Lascaux lance un appel pour retrouver l&rsquo;auteur des faits. <\/p>\n<p>C&rsquo;est un myst\u00e8re qui se passe \u00e0 Montignac-Lascaux. <strong>Patricia a retrouv\u00e9 des dizaines de pages de livres coll\u00e9es sur sa Clio couleur or.<\/strong> En deux ans, c&rsquo;est la quatri\u00e8me fois que \u00e7a lui arrive. Depuis, elle m\u00e8ne l&rsquo;enqu\u00eate pour retrouver l&rsquo;auteur de ces collages.<\/p>\n<p>Des feuilles dans le compartiment \u00e0 essence<\/p>\n<p>Patricia se rend \u00e0 sa voiture gar\u00e9e \u00e0 l&rsquo;ext\u00e9rieur de sa maison ce mardi 22 juillet pour aller au travail. Quand elle arrive, <strong>des dizaines de pages de livres sont coll\u00e9es sur les vitres, roul\u00e9es dans les jantes, coinc\u00e9es dans les porti\u00e8res<\/strong>. ll y a aussi des feuilles dans le compartiment \u00e0 essence de la voiture. Patricia les ramasse. Elle les \u00e9tale sur sa table de jardin. La Montignacoise aimerait trouver des indices sur l&rsquo;identit\u00e9 de la personne\u00a0: \u00ab\u00a0<strong>Je me suis dit que c\u2019\u00e9tait un message, qu\u2019on voulait me dire quelque chose.<\/strong> J\u2019ai cherch\u00e9 de quel livre \u00e9tait tir\u00e9 ces feuilles, s\u2019il y avait un code\u201d, relate-t-elle. Mais les recherches n&rsquo;ont pour l&rsquo;instant rien donn\u00e9\u00a0: \u00ab\u00a0J\u2019en ai parl\u00e9 avec mes voisins, mais personne ne sait qui a fait \u00e7a.\u00a0\u00bb<\/p>\n<p>\u00ab\u00a0Si c&rsquo;est un admirateur secret&#8230; il s&rsquo;y prend bien\u00a0\u00bb<\/p>\n<p>C&rsquo;est la quatri\u00e8me fois en deux ans que l&rsquo;habitante retrouve des feuilles de livres coll\u00e9es sur sa voiture. Patricia n&rsquo;est pas f\u00e2ch\u00e9e. <strong>Au contraire, elle trouve cela marrant et aimerait pouvoir \u00e9changer avec la personne.<\/strong> Sur les photos qu&rsquo;elle a prises, on peut lire \u00ab\u00a0Homme presque parfait\u00a0\u00bb sur une des feuilles. \u00ab\u00a0Si c&rsquo;est un admirateur secret, en tout cas, il s&rsquo;y prend bien\u00a0\u00bb, s&rsquo;amuse-t-elle. <strong>Patricia est artiste peintre,<\/strong> peut-\u00eatre s&rsquo;agit-il d&rsquo;un artiste du coin qui voudrait collaborer avec elle. L&rsquo;habitante n&rsquo;\u00e9carte aucune piste\u00a0: \u00a0\u00bb\u00a0Je suis tr\u00e8s curieuse, imaginons que c&rsquo;est quelqu&rsquo;un qui veut entrer en contact avec moi, <strong>je trouve que c&rsquo;est une tr\u00e8s belle fa\u00e7on de le faire.<\/strong> Que la personne me contacte, je respecte la d\u00e9marche, donc faisons quelque chose ensemble\u00a0\u00bb, lance l&rsquo;artiste. Patricia a laiss\u00e9 un petit mot \u00e0 c\u00f4t\u00e9 de sa voiture adress\u00e9 \u00e0 la personne qui fait les collages. Elle aimerait qu&rsquo;elle lui laisse son nom ou un contact.<\/p>\n","protected":false},"excerpt":{"rendered":"Cela fait plusieurs fois que Patricia retrouve des dizaines de pages de livres coll\u00e9s sur sa voiture. Elle&hellip;\n","protected":false},"author":2,"featured_media":285765,"comment_status":"","ping_status":"","sticky":false,"template":"","format":"standard","meta":{"footnotes":""},"categories":[1357],"tags":[1379,58,59,1011,27,1380],"class_list":{"0":"post-285764","1":"post","2":"type-post","3":"status-publish","4":"format-standard","5":"has-post-thumbnail","7":"category-livres","8":"tag-books","9":"tag-divertissement","10":"tag-entertainment","11":"tag-fr","12":"tag-france","13":"tag-livres"},"share_on_mastodon":{"url":"https:\/\/pubeurope.com\/@fr\/114945672075727374","error":""},"_links":{"self":[{"href":"https:\/\/www.europesays.com\/fr\/wp-json\/wp\/v2\/posts\/285764","targetHints":{"allow":["GET"]}}],"collection":[{"href":"https:\/\/www.europesays.com\/fr\/wp-json\/wp\/v2\/posts"}],"about":[{"href":"https:\/\/www.europesays.com\/fr\/wp-json\/wp\/v2\/types\/post"}],"author":[{"embeddable":true,"href":"https:\/\/www.europesays.com\/fr\/wp-json\/wp\/v2\/users\/2"}],"replies":[{"embeddable":true,"href":"https:\/\/www.europesays.com\/fr\/wp-json\/wp\/v2\/comments?post=285764"}],"version-history":[{"count":0,"href":"https:\/\/www.europesays.com\/fr\/wp-json\/wp\/v2\/posts\/285764\/revisions"}],"wp:featuredmedia":[{"embeddable":true,"href":"https:\/\/www.europesays.com\/fr\/wp-json\/wp\/v2\/media\/285765"}],"wp:attachment":[{"href":"https:\/\/www.europesays.com\/fr\/wp-json\/wp\/v2\/media?parent=285764"}],"wp:term":[{"taxonomy":"category","embeddable":true,"href":"https:\/\/www.europesays.com\/fr\/wp-json\/wp\/v2\/categories?post=285764"},{"taxonomy":"post_tag","embeddable":true,"href":"https:\/\/www.europesays.com\/fr\/wp-json\/wp\/v2\/tags?post=285764"}],"curies":[{"name":"wp","href":"https:\/\/api.w.org\/{rel}","templated":true}]}}