{"id":285772,"date":"2025-07-31T03:18:17","date_gmt":"2025-07-31T03:18:17","guid":{"rendered":"https:\/\/www.europesays.com\/fr\/285772\/"},"modified":"2025-07-31T03:18:17","modified_gmt":"2025-07-31T03:18:17","slug":"mon-histoire-commence-mal-peut-etre-quelle-finira-bien","status":"publish","type":"post","link":"https:\/\/www.europesays.com\/fr\/285772\/","title":{"rendered":"\u00ab\u00a0Mon histoire commence mal, peut-\u00eatre qu\u2019elle finira bien\u00a0\u00bb"},"content":{"rendered":"<p>\u00abOn entend tous des histoires plus terrifiantes les unes que les autres. Comment arriver \u00e0 positiver au milieu de tout \u00e7a\u00a0? Peut-\u00eatre que mon histoire est un peu moins terrifiante, elle n\u2019est pas que belle mais j\u2019en ai tir\u00e9 quelques le\u00e7ons. J\u2019ai donc d\u00e9cid\u00e9 de la raconter. Elle commence mal. Peut-\u00eatre qu\u2019elle finira bien.\u00a0\u00bb Par ces quelques phrases, Anne-Sophie Vitone Vicquery pose le contexte de son livre Le Jour o\u00f9 j\u2019ai rencontr\u00e9 un crabe , qu\u2019elle vient d\u2019autopublier. Il est <a href=\"https:\/\/www.amazon.fr\/jour-o%C3%B9-jai-rencontr%C3%A9-crabe\/dp\/B0FG9463N9\" target=\"_blank\" rel=\"noopener\">en vente sur Amazon<\/a>. Aujourd\u2019hui en r\u00e9mission, cette Creusotine de naissance et <a href=\"https:\/\/www.lejsl.com\/edition-le-creusot\/2019\/06\/05\/jean-chevalier-ancien-maire-de-la-commune-nous-a-quittes\" target=\"_blank\" rel=\"noopener\">petite-fille de Jean Chevalier, ancien maire d\u2019\u00c9cuisses<\/a> , relate son quotidien avec le cancer, diagnostiqu\u00e9 \u00e0 ses 33 ans, en 2021.<\/p>\n<p>  \u00ab\u00a0L\u2019institut Gustave-Roussy m\u2019a sauv\u00e9 la vie mais repr\u00e9sente mes plus mauvais souvenirs\u00a0\u00bb<\/p>\n<p>\u00ab\u00a0J\u2019ai d\u2019abord voulu \u00e9crire dans une intention th\u00e9rapeutique, explique-t-elle. \u00c7a m\u2019a fait du bien de tout l\u00e2cher.\u00a0\u00bb T\u00e9moigner, et \u00ab\u00a0peut-\u00eatre par mes mots ou mon exp\u00e9rience, permettre de comprendre ce que c\u2019est que combattre cette maladie, pour le patient comme pour les proches. On ne prend pas non plus la mesure de la souffrance et de l\u2019incompr\u00e9hension des accompagnants\u00a0\u00bb. Anne-Sophie Vitone Vicquery tient \u00e9galement \u00e0 ce que son livre \u00ab\u00a0ne soit pas un objet commercial. Un tiers de mes b\u00e9n\u00e9fices seront revers\u00e9s \u00e0 l\u2019institut Gustave-Roussy, \u00e0 Villejuif.\u00a0\u00bb Elle tient \u00e0 contribuer \u00e0 financer ses recherches contre les cancers.\u00a0Elle a avec cet \u00e9tablissement un lien particulier\u00a0: \u00ab\u00a0Gustave-Roussy m\u2019a sauv\u00e9 la vie mais repr\u00e9sente mes plus mauvais souvenirs.\u00a0\u00bb Au total, 16 s\u00e9ances de chimioth\u00e9rapie et un lourd traitement au quotidien. Elle termine sa radioth\u00e9rapie en juillet\u00a02022.<\/p>\n<p>  \u00ab\u00a0Ce qu\u2019on vit est intense, il n\u2019y a pas de demi-teinte\u00a0\u00bb<\/p>\n<p>Au fils des pages, elle retrace des moments forts avec sinc\u00e9rit\u00e9. \u00ab\u00a0Parfois m\u00eame de fa\u00e7on crue\u00a0! Ce qu\u2019on vit est intense, il n\u2019y a pas de demi-teinte. Tout ce qui concerne la libido, le sexe, c\u2019est un sujet quand on est malade. Avec la perte de cheveux d\u00e8s les premi\u00e8res s\u00e9ances de chimio, la mastectomie, le corps qui maigrit, on est atteint dans sa f\u00e9minit\u00e9. Et je ne voulais pas cacher cette difficult\u00e9 \u00e0 avoir des rapports sexuels avec mon mari, par exemple.\u00a0\u00bb Il tient une place pr\u00e9pond\u00e9rante dans ce livre et dans sa vie\u00a0: \u00ab\u00a0Il a \u00e9t\u00e9 l\u00e0 pour me soutenir dans tous les moments. Il a relu mon premier jet et m\u2019a dit que je passais trop vite sur certains passages alors qu\u2019ils \u00e9taient tr\u00e8s durs \u00e0 vivre. Je pense qu\u2019on oublie ou qu\u2019on a envie d\u2019oublier. Parce que, finalement, le temps passe, et on n\u2019est plus dans la duret\u00e9 de l\u2019instant. Sur le coup, on a l\u2019impression qu\u2019on ne s\u2019en sortira jamais. Il lui reste encore deux op\u00e9rations \u00e0 subir en f\u00e9vrier et en octobre \u00ab\u00a0pour finir la sym\u00e9trisation de mon sein reconstruit apr\u00e8s ma mastectomie, explique-t-elle. Ensuite, je n\u2019attendrai plus que l\u2019annonce officielle d\u2019\u00eatre gu\u00e9rie.\u00a0\u00bb Si elle n\u2019en a pas encore termin\u00e9, \u00ab\u00a0pour l\u2019instant, cette histoire est plut\u00f4t positive\u00a0!\u00a0\u00bb Le cancer, lui, a emport\u00e9 plusieurs de ses proches, \u00e0 qui elle rend hommage dans son livre. Une raison de plus pour continuer \u00e0 se battre.<\/p>\n<p>        &#13;<br \/>\n          <a href=\"https:\/\/cdn-s-www.lejsl.com\/images\/8b09a1ca-1751-41f6-9e4b-d4d4e9deff61\/NW_raw\/entouree-d-une-belle-famille-anne-sophie-vitone-vicquery-profite-de-chaque-instant-photo-fournie-par-a-s-vitone-vicquery-1753809559.jpg\" title=\"Entour\u00e9e d\u2019une belle famille, Anne-Sophie Vitone Vicquery profite de chaque instant.\u00a0 Photo fournie par A.-S. Vitone Vicquery\" class=\"chocolat-image GA-tracking\" data-ga_type=\"click\" data-ga_category=\"D\u00e9tail\" data-ga_action=\"zoomer\" data-ga_label=\"agrandir image\" target=\"_blank\" rel=\"noopener\">&#13;<br \/>\n            <img loading=\"lazy\" decoding=\"async\" src=\"https:\/\/www.europesays.com\/fr\/wp-content\/uploads\/2025\/07\/entouree-d-une-belle-famille-anne-sophie-vitone-vicquery-profite-de-chaque-instant-photo-fournie-par.jpeg\" alt=\"Entour\u00e9e d\u2019une belle famille, Anne-Sophie Vitone Vicquery profite de chaque instant.\u00a0 Photo fournie par A.-S. Vitone Vicquery\"\/>&#13;<br \/>\n          <\/a>&#13;<br \/>\n          &#13;<\/p>\n<p class=\"insetTitle\">\u00ab\u00a0Se rendre compte qu\u2019on a de la chance de vivre\u00a0\u00bb<\/p>\n<p>Apprendre qu\u2019elle \u00e9tait atteinte d\u2019un cancer du sein a \u00e9t\u00e9 \u00ab\u00a0comme tomber dans un puits sans fond. \u00c7a a \u00e9t\u00e9 plein de deuils, comme celui d\u2019avoir un troisi\u00e8me enfant, impossible \u00e0 cause du Zoladrex, qui provoque chimiquement la m\u00e9nopause pour optimiser le traitement. Mais, en m\u00eame temps, \u00e7a m\u2019a apport\u00e9 une montagne de positif\u00a0: de la force, de la prise de recul, de se rendre compte qu\u2019on a de la chance de vivre.\u00a0\u00bb \ufeffAccompagn\u00e9e par une famille aimante, elle prend du temps pour elle\u00a0: \u00ab\u00a0Je r\u00e9alise que, dans mon jardin, j\u2019ai un arbre magnifique que je ne voyais plus. On appr\u00e9cie la vie \u00e0 sa juste valeur. Je retombe dans mes travers parfois, mais j\u2019ai gard\u00e9 un bonheur de l\u2019instant pr\u00e9sent.\u00a0\u00bb<\/p>\n<p>        &#13;<br \/>\n          <a href=\"https:\/\/cdn-s-www.lejsl.com\/images\/687fe837-9a61-4013-abef-d50eca1f89d6\/NW_raw\/les-deux-familles-realisent-un-periple-solidaire-entre-rennes-et-lorient-photo-fournie-par-anne-sophie-vitone-vicquery-1753809559.jpg\" title=\"Les deux familles r\u00e9alisent un p\u00e9riple solidaire entre Rennes et Lorient.\u00a0 Photo fournie par Anne-Sophie Vitone Vicquery\" class=\"chocolat-image GA-tracking\" data-ga_type=\"click\" data-ga_category=\"D\u00e9tail\" data-ga_action=\"zoomer\" data-ga_label=\"agrandir image\" target=\"_blank\" rel=\"noopener\">&#13;<br \/>\n            <img loading=\"lazy\" decoding=\"async\" src=\"https:\/\/www.europesays.com\/fr\/wp-content\/uploads\/2025\/07\/les-deux-familles-realisent-un-periple-solidaire-entre-rennes-et-lorient-photo-fournie-par-anne-soph.jpeg\" alt=\"Les deux familles r\u00e9alisent un p\u00e9riple solidaire entre Rennes et Lorient.\u00a0 Photo fournie par Anne-Sophie Vitone Vicquery\"\/>&#13;<br \/>\n          <\/a>&#13;<br \/>\n          &#13;<\/p>\n<p class=\"insetTitle\">Un p\u00e9riple familial et solidaire \u00e0 v\u00e9lo afin de pr\u00e9senter son livre<\/p>\n<p>Les premi\u00e8res s\u00e9ances de chimioth\u00e9rapies la rendent malade\u00a0: \u00ab\u00a0Avec la sensation que le corps est en pause. Je n\u2019avais plus de force, impossible de faire un jeu avec mes deux jeunes filles. On se sent tellement mal que m\u00eame dormir est compliqu\u00e9.\u00a0\u00bb Difficile pour cette hyperactive de se sentir diminu\u00e9e. \u00ab\u00a0C\u2019est le sport qui a \u00e9t\u00e9 ma premi\u00e8re th\u00e9rapie.\u00a0\u00bb Encore aujourd\u2019hui, je ne supporte pas bien le fait de ne pas \u00eatre dynamique. Il faut tout le temps que je fasse quelque chose, de sentir que je vis, je crois.\u00a0\u00bb En ce moment, elle est d\u2019ailleurs quelque part entre Rennes et Lorient dans un p\u00e9riple familial et solidaire, avec ses deux filles et son mari, accompagn\u00e9 d\u2019un couple d\u2019amis proches, dont l\u2019enfant est handicap\u00e9. \u00ab\u00a0On a respectivement des pancartes avec notre action solidaire accroch\u00e9es \u00e0 nos v\u00e9los\u00a0\u00bb, explique-t-elle.<\/p>\n","protected":false},"excerpt":{"rendered":"\u00abOn entend tous des histoires plus terrifiantes les unes que les autres. Comment arriver \u00e0 positiver au milieu&hellip;\n","protected":false},"author":2,"featured_media":285773,"comment_status":"","ping_status":"","sticky":false,"template":"","format":"standard","meta":{"footnotes":""},"categories":[10],"tags":[1687,22717,107,1011,27,72,31441,31442,2410,71,767,273],"class_list":{"0":"post-285772","1":"post","2":"type-post","3":"status-publish","4":"format-standard","5":"has-post-thumbnail","7":"category-sante","8":"tag-culture-loisirs","9":"tag-edition-le-creusot","10":"tag-fil-info","11":"tag-fr","12":"tag-france","13":"tag-health","14":"tag-le-creusot","15":"tag-le-creusot-ville","16":"tag-livres-bd","17":"tag-sante","18":"tag-science-et-technologie","19":"tag-selection-de-la-redaction"},"share_on_mastodon":{"url":"https:\/\/pubeurope.com\/@fr\/114945687936727019","error":""},"_links":{"self":[{"href":"https:\/\/www.europesays.com\/fr\/wp-json\/wp\/v2\/posts\/285772","targetHints":{"allow":["GET"]}}],"collection":[{"href":"https:\/\/www.europesays.com\/fr\/wp-json\/wp\/v2\/posts"}],"about":[{"href":"https:\/\/www.europesays.com\/fr\/wp-json\/wp\/v2\/types\/post"}],"author":[{"embeddable":true,"href":"https:\/\/www.europesays.com\/fr\/wp-json\/wp\/v2\/users\/2"}],"replies":[{"embeddable":true,"href":"https:\/\/www.europesays.com\/fr\/wp-json\/wp\/v2\/comments?post=285772"}],"version-history":[{"count":0,"href":"https:\/\/www.europesays.com\/fr\/wp-json\/wp\/v2\/posts\/285772\/revisions"}],"wp:featuredmedia":[{"embeddable":true,"href":"https:\/\/www.europesays.com\/fr\/wp-json\/wp\/v2\/media\/285773"}],"wp:attachment":[{"href":"https:\/\/www.europesays.com\/fr\/wp-json\/wp\/v2\/media?parent=285772"}],"wp:term":[{"taxonomy":"category","embeddable":true,"href":"https:\/\/www.europesays.com\/fr\/wp-json\/wp\/v2\/categories?post=285772"},{"taxonomy":"post_tag","embeddable":true,"href":"https:\/\/www.europesays.com\/fr\/wp-json\/wp\/v2\/tags?post=285772"}],"curies":[{"name":"wp","href":"https:\/\/api.w.org\/{rel}","templated":true}]}}