{"id":285782,"date":"2025-07-31T03:23:13","date_gmt":"2025-07-31T03:23:13","guid":{"rendered":"https:\/\/www.europesays.com\/fr\/285782\/"},"modified":"2025-07-31T03:23:13","modified_gmt":"2025-07-31T03:23:13","slug":"shanghai-ordonne-levacuation-de-283-000-personnes-a-lapproche-dun-typhon","status":"publish","type":"post","link":"https:\/\/www.europesays.com\/fr\/285782\/","title":{"rendered":"Shanghai ordonne l\u2019\u00e9vacuation de 283.000 personnes \u00e0 l\u2019approche d\u2019un typhon"},"content":{"rendered":"<p>Une \u00e9vacuation massive \u00e0 l\u2019approche d\u2019<a href=\"https:\/\/www.20minutes.fr\/monde\/typhon\/\" class=\"color-ultramarine c-link\" rel=\"nofollow noopener\" target=\"_blank\">un typhon<\/a>. C\u2019est ce qu\u2019a entrepris la m\u00e9galopole chinoise de <a href=\"https:\/\/www.20minutes.fr\/dossier\/shanghai\" class=\"color-ultramarine c-link\" rel=\"nofollow noopener\" target=\"_blank\">Shanghai<\/a>, qui a \u00e9vacu\u00e9 pr\u00e8s de 283.000 personnes \u00e0 l\u2019approche de Co-May, a annonc\u00e9 un m\u00e9dia d\u2019Etat mercredi. Entre mardi soir et mercredi\u00a010\u00a0heures, \u00ab\u00a0282.800 personnes ont \u00e9t\u00e9 \u00e9vacu\u00e9es\u00a0\u00bb, a rapport\u00e9 la t\u00e9l\u00e9vision publique CCTV.<\/p>\n<p>L\u2019Observatoire m\u00e9t\u00e9orologique central de la ville de pr\u00e8s de 25\u00a0millions d\u2019habitants a accru, mercredi apr\u00e8s-midi, son niveau d\u2019alerte de jaune \u00e0 orange, le deuxi\u00e8me le plus \u00e9lev\u00e9. Le typhon Co-May, responsable de fortes pluies et de vents violents, a touch\u00e9 terre mercredi \u00e0 4h30 (heure locale) dans la province orientale de Zhejiang, au sud de Shanghai. Il devrait atteindre la m\u00e9galopole mercredi soir.<\/p>\n<p>Fortes pluies et vents violents<\/p>\n<p>Sur des vid\u00e9os en direct du littoral chinois, des vagues recouvrent des promenades en bord de mer, tandis que des images de la ville de Ningbo montrent des habitants avec de l\u2019eau jusqu\u2019\u00e0 la cheville.<\/p>\n<p>Sans rapport avec le typhon, la Chine a \u00e9galement \u00e9mis une alerte au tsunami mercredi pour plusieurs zones de sa c\u00f4te est apr\u00e8s un violent s\u00e9isme de magnitude 8,8 au large de la<a href=\"https:\/\/www.20minutes.fr\/planete\/4165898-20250730-alerte-tsunami-apres-seisme-magnitude-8-7-pres-cotes-russes\" class=\"color-ultramarine c-link\" rel=\"nofollow noopener\" target=\"_blank\"> p\u00e9ninsule russe du Kamtchatka<\/a>. Elle l\u2019a ensuite lev\u00e9e, d\u2019apr\u00e8s CCTV.<\/p>\n","protected":false},"excerpt":{"rendered":"Une \u00e9vacuation massive \u00e0 l\u2019approche d\u2019un typhon. C\u2019est ce qu\u2019a entrepris la m\u00e9galopole chinoise de Shanghai, qui a&hellip;\n","protected":false},"author":2,"featured_media":285783,"comment_status":"","ping_status":"","sticky":false,"template":"","format":"standard","meta":{"footnotes":""},"categories":[5],"tags":[47,11,309,5220,1011,27,3059,14,2487,74,12,52,6543,32185,7747,40925,28],"class_list":{"0":"post-285782","1":"post","2":"type-post","3":"status-publish","4":"format-standard","5":"has-post-thumbnail","7":"category-international","8":"tag-actualite","9":"tag-actualites","10":"tag-chine","11":"tag-evacuation","12":"tag-fr","13":"tag-france","14":"tag-intemperies","15":"tag-international","16":"tag-meteo","17":"tag-monde","18":"tag-news","19":"tag-planete","20":"tag-prevention","21":"tag-shanghai","22":"tag-tempete","23":"tag-typhon","24":"tag-world"},"share_on_mastodon":{"url":"https:\/\/pubeurope.com\/@fr\/114945707515735424","error":""},"_links":{"self":[{"href":"https:\/\/www.europesays.com\/fr\/wp-json\/wp\/v2\/posts\/285782","targetHints":{"allow":["GET"]}}],"collection":[{"href":"https:\/\/www.europesays.com\/fr\/wp-json\/wp\/v2\/posts"}],"about":[{"href":"https:\/\/www.europesays.com\/fr\/wp-json\/wp\/v2\/types\/post"}],"author":[{"embeddable":true,"href":"https:\/\/www.europesays.com\/fr\/wp-json\/wp\/v2\/users\/2"}],"replies":[{"embeddable":true,"href":"https:\/\/www.europesays.com\/fr\/wp-json\/wp\/v2\/comments?post=285782"}],"version-history":[{"count":0,"href":"https:\/\/www.europesays.com\/fr\/wp-json\/wp\/v2\/posts\/285782\/revisions"}],"wp:featuredmedia":[{"embeddable":true,"href":"https:\/\/www.europesays.com\/fr\/wp-json\/wp\/v2\/media\/285783"}],"wp:attachment":[{"href":"https:\/\/www.europesays.com\/fr\/wp-json\/wp\/v2\/media?parent=285782"}],"wp:term":[{"taxonomy":"category","embeddable":true,"href":"https:\/\/www.europesays.com\/fr\/wp-json\/wp\/v2\/categories?post=285782"},{"taxonomy":"post_tag","embeddable":true,"href":"https:\/\/www.europesays.com\/fr\/wp-json\/wp\/v2\/tags?post=285782"}],"curies":[{"name":"wp","href":"https:\/\/api.w.org\/{rel}","templated":true}]}}