{"id":285784,"date":"2025-07-31T03:24:14","date_gmt":"2025-07-31T03:24:14","guid":{"rendered":"https:\/\/www.europesays.com\/fr\/285784\/"},"modified":"2025-07-31T03:24:14","modified_gmt":"2025-07-31T03:24:14","slug":"candace-owens-apres-brigitte-macron-elle-sattaque-a-sa-fille-tiphaine-auziere","status":"publish","type":"post","link":"https:\/\/www.europesays.com\/fr\/285784\/","title":{"rendered":"Candace Owens : apr\u00e8s Brigitte Macron, elle s\u2019attaque \u00e0 sa fille Tiphaine Auzi\u00e8re"},"content":{"rendered":"<p>      R\u00e9sum\u00e9<\/p>\n<p>Candace Owens poursuit ses accusations contre Brigitte Macron et Tiphaine Auzi\u00e8re malgr\u00e9 une plainte pour diffamation engag\u00e9e par la Premi\u00e8re dame.<\/p>\n<p>        Sommaire<\/p>\n<p>Malgr\u00e9 la plainte \u00e0 son encontre, <a href=\"https:\/\/www.public.fr\/candace-owens-apres-les-attaques-envers-brigitte-macron-elle-revient-avec-une-sordide-affaire-dinceste\" rel=\"nofollow noopener\" target=\"_blank\">Candace Owens n\u2019a visiblement pas peur<\/a>. L\u2019influente complotiste am\u00e9ricaine n\u2019en finit plus de tacler <a href=\"https:\/\/www.public.fr\/tag\/brigitte-macron\" rel=\"nofollow noopener\" target=\"_blank\">Brigitte Macron<\/a> et pr\u00e9tendre que la Premi\u00e8re dame <a href=\"https:\/\/www.public.fr\/tu-mourras-homme-je-te-trouve-degoutant-candace-owens-reagit-au-depot-de-plainte-de-brigitte-macron\" rel=\"nofollow noopener\" target=\"_blank\">serait \u00ab\u00a0n\u00e9e homme\u00a0\u00bb.<\/a> Ce mercredi 30 juillet 2025, elle vient d\u2019en rajouter une couche.\u00a0<\/p>\n<p>Elle pr\u00e9tend d\u00e9sormais que ce serait Tiphaine Auzi\u00e8re qui appara\u00eetrait sur des photos dans lesquelles se trouve le visage de Brigitte Macron. C\u2019est en souhaitant r\u00e9pondre \u00e0 l\u2019un de ses d\u00e9tracteurs que Candace Owens a formul\u00e9 cette nouvelle accusation.\u00a0<\/p>\n<p>Candace Owens cite maintenant Tiphaine Auzi\u00e8re<\/p>\n<p>Le compte @PiperK a en effet publi\u00e9 un tweet, le 24 juillet 2025, dans lequel il s\u2019en prenait \u00e0 l\u2019influente complotiste am\u00e9ricaine. <strong>\u00ab\u00a0Ce serait un cadeau au monde si Brigitte Macron pouvait ruiner Candace Owens pour toujours\u00a0\u00bb<\/strong>, a-t-il \u00e9crit, esp\u00e9rant que la plainte de la <a href=\"https:\/\/vsd.fr\/tag\/brigitte-macron\/\" rel=\"nofollow noopener\" target=\"_blank\">Premi\u00e8re dame<\/a> envers Candace Owens porte ses fruits.<\/p>\n<p>En d\u00e9couvrant cette attaque, la principale int\u00e9ress\u00e9e n\u2019a pas tard\u00e9 \u00e0 r\u00e9agir. Celle-ci a repris le tweet de son hater, ainsi que la photo utilis\u00e9e, pour r\u00e9pondre : <strong>\u00ab\u00a0Ce serait un cadeau pour le monde si vous pouviez arr\u00eater d&rsquo;essayer de faire passer des photos de Tiphaine Auzi\u00e8re pour Brigitte Macron\u00a0\u00bb.\u00a0<\/strong><\/p>\n<p>Ses attaques incessantes envers Brigitte Macron<\/p>\n<p>Une nouvelle attaque prouvant que rien n\u2019effraie l\u2019Am\u00e9ricaine malgr\u00e9 la plainte d\u00e9pos\u00e9e \u00e0 son encontre par la Premi\u00e8re dame et <a href=\"https:\/\/www.public.fr\/tag\/emmanuel-macron\" rel=\"nofollow noopener\" target=\"_blank\">Emmanuel Macron<\/a>. Cela fait <strong>18 mois <\/strong>que la femme connue pour ses propos antis\u00e9mites, n\u00e9gationnistes, homophobes, transphobes et conspirationniste, s&rsquo;en prend avec une violence inou\u00efe \u00e0 Brigitte Macron.<\/p>\n<p>Face \u00e0 la situation, la femme du Pr\u00e9sident de la R\u00e9publique fran\u00e7aise a d\u00e9cid\u00e9 de contre-attaquer. Comme \u00e9voqu\u00e9e, elle a d\u00e9cid\u00e9 de porter plainte contre Candace Owens le mercredi 23 juillet 2025\u00a0pour <strong>22 chefs d\u2019accusations<\/strong>, devant la Cour sup\u00e9rieure du Delaware.\u00a0<\/p>\n<p>Brigitte Macron pointe du notamment du doigt\u00a0\u00ab\u00a0une campagne incessante de diffamation d&rsquo;un an\u00a0\u00bb. N\u00e9anmoins, cette plainte n\u2019a pas frein\u00e9 l\u2019influente complotiste am\u00e9ricaine. Etant donn\u00e9 qu\u2019en plus de la nouvelle attaque \u00e9voqu\u00e9e dans cet article, elle a de nouveau attaqu\u00e9 Brigitte Macron dans une vid\u00e9o publi\u00e9e quelques heures apr\u00e8s le d\u00e9p\u00f4t de plainte.<\/p>\n<p>      Mentionn\u00e9s dans cet article<\/p>\n<p>\u00c0 lire aussi<\/p>\n","protected":false},"excerpt":{"rendered":"R\u00e9sum\u00e9 Candace Owens poursuit ses accusations contre Brigitte Macron et Tiphaine Auzi\u00e8re malgr\u00e9 une plainte pour diffamation engag\u00e9e&hellip;\n","protected":false},"author":2,"featured_media":285785,"comment_status":"","ping_status":"","sticky":false,"template":"","format":"standard","meta":{"footnotes":""},"categories":[4],"tags":[11,986,1073,1011,27,12,25],"class_list":{"0":"post-285784","1":"post","2":"type-post","3":"status-publish","4":"format-standard","5":"has-post-thumbnail","7":"category-france","8":"tag-actualites","9":"tag-brigitte-macron","10":"tag-emmanuel-macron","11":"tag-fr","12":"tag-france","13":"tag-news","14":"tag-republique-francaise"},"share_on_mastodon":{"url":"https:\/\/pubeurope.com\/@fr\/114945711378744681","error":""},"_links":{"self":[{"href":"https:\/\/www.europesays.com\/fr\/wp-json\/wp\/v2\/posts\/285784","targetHints":{"allow":["GET"]}}],"collection":[{"href":"https:\/\/www.europesays.com\/fr\/wp-json\/wp\/v2\/posts"}],"about":[{"href":"https:\/\/www.europesays.com\/fr\/wp-json\/wp\/v2\/types\/post"}],"author":[{"embeddable":true,"href":"https:\/\/www.europesays.com\/fr\/wp-json\/wp\/v2\/users\/2"}],"replies":[{"embeddable":true,"href":"https:\/\/www.europesays.com\/fr\/wp-json\/wp\/v2\/comments?post=285784"}],"version-history":[{"count":0,"href":"https:\/\/www.europesays.com\/fr\/wp-json\/wp\/v2\/posts\/285784\/revisions"}],"wp:featuredmedia":[{"embeddable":true,"href":"https:\/\/www.europesays.com\/fr\/wp-json\/wp\/v2\/media\/285785"}],"wp:attachment":[{"href":"https:\/\/www.europesays.com\/fr\/wp-json\/wp\/v2\/media?parent=285784"}],"wp:term":[{"taxonomy":"category","embeddable":true,"href":"https:\/\/www.europesays.com\/fr\/wp-json\/wp\/v2\/categories?post=285784"},{"taxonomy":"post_tag","embeddable":true,"href":"https:\/\/www.europesays.com\/fr\/wp-json\/wp\/v2\/tags?post=285784"}],"curies":[{"name":"wp","href":"https:\/\/api.w.org\/{rel}","templated":true}]}}