{"id":285786,"date":"2025-07-31T03:25:23","date_gmt":"2025-07-31T03:25:23","guid":{"rendered":"https:\/\/www.europesays.com\/fr\/285786\/"},"modified":"2025-07-31T03:25:23","modified_gmt":"2025-07-31T03:25:23","slug":"jusqua-ce-que-ce-soit-normal-agressee-en-plein-concert-rebecca-baby-la-chanteuse-du-groupe-lulu-van-trapp-se-met-seins-nus-pour-denoncer-les-violences-sexiste","status":"publish","type":"post","link":"https:\/\/www.europesays.com\/fr\/285786\/","title":{"rendered":"\u00ab\u00a0Jusqu\u2019\u00e0 ce que ce soit normal\u00a0\u00bb\u00a0: agress\u00e9e en plein concert, Rebecca Baby, la chanteuse du groupe Lulu Van Trapp se met seins nus pour d\u00e9noncer les violences sexistes"},"content":{"rendered":"<p>\u00ab\u00a0Mon courage, sa honte.\u00a0\u00bb Le 26\u00a0juillet, la chanteuse Rebecca Baby, du groupe Lulu Van Trapp, a \u00e9t\u00e9 victime d\u2019une <a href=\"https:\/\/www.humanite.fr\/feminisme\/agressions-sexuelles\/une-femme-sur-huit-dans-le-monde-a-subi-une-agression-sexuelle-avant-18-ans-selon-lunicef\" target=\"_blank\" rel=\"noopener\">agression sexuelle<\/a> alors qu\u2019elle \u00e9tait descendue chanter dans la fosse lors d\u2019un concert au festival Le Cri de la Goutte, dans l\u2019Ain. <\/p>\n<p>Dans un post publi\u00e9 sur son compte Instagram, elle explique avoir \u00e9t\u00e9 immobilis\u00e9e par un homme dans la foule, tandis qu\u2019un autre en a profit\u00e9 pour lui attraper les seins. <\/p>\n<p>En remontant sur sc\u00e8ne, Rebecca Baby demande que l\u2019homme, dont elle n\u2019a pas vu le visage, \u00ab\u00a0se casse du show\u00a0\u00bb. Elle h\u00e9site \u00e0 interrompre les festivit\u00e9s, puis d\u00e9cide finalement d\u2019envoyer un message fort\u00a0: finir le concert seins nus, \u00ab\u00a0jusqu\u2019\u00e0 ce que ce soit normal, jusqu\u2019\u00e0 ce que vos cerveaux se soient habitu\u00e9s \u00e0 ce que ce ne soit pas sexuel\u00a0\u00bb, \u00e9crit-elle. <\/p>\n<p>Au premier rang, des femmes la soutiennent\u00a0: \u00ab\u00a0Et nous voil\u00e0, au milieu du Jura, \u00e0 faire la R\u00e9volution.\u00a0\u00bb<\/p>\n<p>Urgence pour l\u2019Humanit\u00e9<br \/>Votre don peut tout changer<\/p>\n<p>Faites vivre un m\u00e9dia libre et engag\u00e9, toujours du c\u00f4t\u00e9 de celles et ceux qui luttent<br \/><a href=\"https:\/\/abonnement.humanite.fr\/don-humanite\/\" data-type=\"link\" data-id=\"https:\/\/stage.preprod.humanite.fr\/lhumanite-cest-vous\" target=\"_blank\" rel=\"noopener\">Je veux en savoir plus<\/a><\/p>\n","protected":false},"excerpt":{"rendered":"\u00ab\u00a0Mon courage, sa honte.\u00a0\u00bb Le 26\u00a0juillet, la chanteuse Rebecca Baby, du groupe Lulu Van Trapp, a \u00e9t\u00e9 victime&hellip;\n","protected":false},"author":2,"featured_media":285787,"comment_status":"","ping_status":"","sticky":false,"template":"","format":"standard","meta":{"footnotes":""},"categories":[2],"tags":[11,1011,27,873,12,797,29939],"class_list":{"0":"post-285786","1":"post","2":"type-post","3":"status-publish","4":"format-standard","5":"has-post-thumbnail","7":"category-actualites","8":"tag-actualites","9":"tag-fr","10":"tag-france","11":"tag-musique","12":"tag-news","13":"tag-violences-faites-aux-femmes","14":"tag-vss-violences-sexistes-et-sexuelles"},"share_on_mastodon":{"url":"https:\/\/pubeurope.com\/@fr\/114945715251139511","error":""},"_links":{"self":[{"href":"https:\/\/www.europesays.com\/fr\/wp-json\/wp\/v2\/posts\/285786","targetHints":{"allow":["GET"]}}],"collection":[{"href":"https:\/\/www.europesays.com\/fr\/wp-json\/wp\/v2\/posts"}],"about":[{"href":"https:\/\/www.europesays.com\/fr\/wp-json\/wp\/v2\/types\/post"}],"author":[{"embeddable":true,"href":"https:\/\/www.europesays.com\/fr\/wp-json\/wp\/v2\/users\/2"}],"replies":[{"embeddable":true,"href":"https:\/\/www.europesays.com\/fr\/wp-json\/wp\/v2\/comments?post=285786"}],"version-history":[{"count":0,"href":"https:\/\/www.europesays.com\/fr\/wp-json\/wp\/v2\/posts\/285786\/revisions"}],"wp:featuredmedia":[{"embeddable":true,"href":"https:\/\/www.europesays.com\/fr\/wp-json\/wp\/v2\/media\/285787"}],"wp:attachment":[{"href":"https:\/\/www.europesays.com\/fr\/wp-json\/wp\/v2\/media?parent=285786"}],"wp:term":[{"taxonomy":"category","embeddable":true,"href":"https:\/\/www.europesays.com\/fr\/wp-json\/wp\/v2\/categories?post=285786"},{"taxonomy":"post_tag","embeddable":true,"href":"https:\/\/www.europesays.com\/fr\/wp-json\/wp\/v2\/tags?post=285786"}],"curies":[{"name":"wp","href":"https:\/\/api.w.org\/{rel}","templated":true}]}}