{"id":285790,"date":"2025-07-31T03:27:25","date_gmt":"2025-07-31T03:27:25","guid":{"rendered":"https:\/\/www.europesays.com\/fr\/285790\/"},"modified":"2025-07-31T03:27:25","modified_gmt":"2025-07-31T03:27:25","slug":"asse-le-budget-de-las-saint-etienne-cette-saison-2025-2026","status":"publish","type":"post","link":"https:\/\/www.europesays.com\/fr\/285790\/","title":{"rendered":"ASSE. Le budget de l&rsquo;AS Saint-Etienne cette saison 2025-2026"},"content":{"rendered":"<p><img fetchpriority=\"high\" decoding=\"async\" width=\"620\" height=\"413\" src=\"https:\/\/www.europesays.com\/fr\/wp-content\/uploads\/2025\/07\/ASSE-620x413.jpg\" alt=\"ASSE. Le budget de l'AS Saint-Etienne cette saison 2025-2026\" class=\"wp-image-288472\" style=\"width:780px;height:auto\"  \/>En baisse, mais sup\u00e9rieur \u00e0 celui de tous les autres clubs de son championnat le budget de l\u2019ASSE. pour la saison 2025-2026<\/p>\n<p>Redescendre en <a href=\"https:\/\/sportune.20minutes.fr\/ligue-2-l2\" rel=\"nofollow noopener\" target=\"_blank\">Ligue 2<\/a> aussi vite qu\u2019elle avait retrouv\u00e9 l\u2019\u00e9lite n\u2019a rien d\u2019une fatalit\u00e9 pour l\u2019<a href=\"https:\/\/sportune.20minutes.fr\/as-saint-etienne-asse\" rel=\"nofollow noopener\" target=\"_blank\">Association Sportive de Saint-Etienne<\/a>. Ses nouveaux dirigeants du fonds Kilmer Sports du Canadien Larry Tanenbaum, s\u2019inscrivent dans la dur\u00e9e et ont les moyens de leurs ambitions. En commen\u00e7ant par retrouver la <a href=\"https:\/\/sportune.20minutes.fr\/ligue-1-l1\" rel=\"nofollow noopener\" target=\"_blank\">Ligue 1<\/a>.<\/p>\n<p>Id\u00e9alement, d\u00e8s le terme de cette saison 2025-2026 que l\u2019<a href=\"https:\/\/sportune.20minutes.fr\/as-saint-etienne-asse\" rel=\"nofollow noopener\" target=\"_blank\">ASSE<\/a> disputera dans la peau de l\u2019ultra-favorite \u00e0 tous les niveaux : qualit\u00e9 de son effectif, exp\u00e9rience nationale et m\u00eame internationale, ambition affich\u00e9e et surtout, dispositions financi\u00e8res. Bien que naturellement en baisse sur les plus de 50 millions qu\u2019il \u00e9tait en 2024-2025, le budget des Verts pour cette nouvelle saison est estim\u00e9 \u00e0 35 millions d\u2019euros.<\/p>\n<p>Le plus gros budget de la Ligue 2<\/p>\n<p>C\u2019est clairement le plus \u00e9pais de la <a href=\"https:\/\/sportune.20minutes.fr\/ligue-2-l2\" rel=\"nofollow noopener\" target=\"_blank\">Ligue 2<\/a>, un championnat qui a au moins pour avantage d\u2019une forme de stabilit\u00e9 sur les gains qu\u2019il produit, gr\u00e2ce \u00e0 son contrat de diffusion nou\u00e9 avec BeIn Sports. Cela permet aux clubs engag\u00e9s d\u2019anticiper les recettes contrairement \u00e0 la <a href=\"https:\/\/sportune.20minutes.fr\/ligue-1-l1\" rel=\"nofollow noopener\" target=\"_blank\">Ligue 1<\/a> qui repart \u00e0 z\u00e9ro avec sa nouvelle plateforme et toutes les incertitudes que cela englobe.<\/p>\n<p>Signe que l\u2019<a href=\"https:\/\/sportune.20minutes.fr\/as-saint-etienne-asse\" rel=\"nofollow noopener\" target=\"_blank\">Association Sportive de Saint-Etienne<\/a> nourrit de hautes ambitions, l\u2019actionnaire a <a href=\"https:\/\/sportune.20minutes.fr\/asse-saint-etienne-augmente-son-capital-social-a-plus-de-40-me-374629\" rel=\"nofollow noopener\" target=\"_blank\">r\u00e9cemment proc\u00e9d\u00e9 entre deux saisons \u00e0 une cons\u00e9quente augmentation du capital social<\/a> du club, d\u00e9sormais sup\u00e9rieur \u00e0 plus de 40 millions d\u2019euros.<\/p>\n<p>Saint\u00e9 a boucl\u00e9 sa derni\u00e8re saison de <a href=\"https:\/\/sportune.20minutes.fr\/ligue-2-l2\" rel=\"nofollow noopener\" target=\"_blank\">Ligue 2<\/a> avec un l\u00e9ger d\u00e9ficit de 1,7 million d\u2019euros. Il a alors g\u00e9n\u00e9r\u00e9 un chiffre d\u2019affaires de 50 millions d\u2019euros et avait une masse salariale de 29 millions d\u2019euros. C\u2019\u00e9tait un train de vie qu\u2019il ne pourra assumer cette saison 2025-2026. Mais c\u2019est aussi une r\u00e9alit\u00e9 pour toutes les autres \u00e9quipes du championnat que de veiller scrupuleusement aux finances.<\/p>\n","protected":false},"excerpt":{"rendered":"En baisse, mais sup\u00e9rieur \u00e0 celui de tous les autres clubs de son championnat le budget de l\u2019ASSE.&hellip;\n","protected":false},"author":2,"featured_media":270914,"comment_status":"","ping_status":"","sticky":false,"template":"","format":"standard","meta":{"footnotes":""},"categories":[9653],"tags":[1111,11,461,2430,42475,1777,674,1011,27,12,25,4001,969],"class_list":{"0":"post-285790","1":"post","2":"type-post","3":"status-publish","4":"format-standard","5":"has-post-thumbnail","7":"category-saint-etienne","8":"tag-actu","9":"tag-actualites","10":"tag-asse","11":"tag-auvergne-rhone-alpes","12":"tag-budgets-des-clubs","13":"tag-eu","14":"tag-europe","15":"tag-fr","16":"tag-france","17":"tag-news","18":"tag-republique-francaise","19":"tag-saint-etienne","20":"tag-transfert"},"share_on_mastodon":{"url":"https:\/\/pubeurope.com\/@fr\/114945723200068931","error":""},"_links":{"self":[{"href":"https:\/\/www.europesays.com\/fr\/wp-json\/wp\/v2\/posts\/285790","targetHints":{"allow":["GET"]}}],"collection":[{"href":"https:\/\/www.europesays.com\/fr\/wp-json\/wp\/v2\/posts"}],"about":[{"href":"https:\/\/www.europesays.com\/fr\/wp-json\/wp\/v2\/types\/post"}],"author":[{"embeddable":true,"href":"https:\/\/www.europesays.com\/fr\/wp-json\/wp\/v2\/users\/2"}],"replies":[{"embeddable":true,"href":"https:\/\/www.europesays.com\/fr\/wp-json\/wp\/v2\/comments?post=285790"}],"version-history":[{"count":0,"href":"https:\/\/www.europesays.com\/fr\/wp-json\/wp\/v2\/posts\/285790\/revisions"}],"wp:featuredmedia":[{"embeddable":true,"href":"https:\/\/www.europesays.com\/fr\/wp-json\/wp\/v2\/media\/270914"}],"wp:attachment":[{"href":"https:\/\/www.europesays.com\/fr\/wp-json\/wp\/v2\/media?parent=285790"}],"wp:term":[{"taxonomy":"category","embeddable":true,"href":"https:\/\/www.europesays.com\/fr\/wp-json\/wp\/v2\/categories?post=285790"},{"taxonomy":"post_tag","embeddable":true,"href":"https:\/\/www.europesays.com\/fr\/wp-json\/wp\/v2\/tags?post=285790"}],"curies":[{"name":"wp","href":"https:\/\/api.w.org\/{rel}","templated":true}]}}