{"id":285800,"date":"2025-07-31T03:39:27","date_gmt":"2025-07-31T03:39:27","guid":{"rendered":"https:\/\/www.europesays.com\/fr\/285800\/"},"modified":"2025-07-31T03:39:27","modified_gmt":"2025-07-31T03:39:27","slug":"isere-le-groupe-de-services-informatiques-capgemini-resserre-ses-objectifs-pour-2025","status":"publish","type":"post","link":"https:\/\/www.europesays.com\/fr\/285800\/","title":{"rendered":"Is\u00e8re. Le groupe de services informatiques Capgemini resserre ses objectifs pour 2025"},"content":{"rendered":"<p>Capgemini a enregistr\u00e9 sur le premier semestre 2025 un chiffre d\u2019affaires (CA) de 11,107\u00a0milliards d\u2019euros, en recul de -0,3\u00a0% sur un an en donn\u00e9es publi\u00e9es mais en croissance de 0,2\u00a0% \u00e0 taux de change constant. Le groupe de services informatiques affiche un r\u00e9sultat d\u2019exploitation en recul de 15\u00a0% \u00e0 976\u00a0M\u20ac, soit 8,8\u00a0% du chiffre d\u2019affaires, -1,5 point sur un an.<\/p>\n<p>\u201cComme attendu, la demande est rest\u00e9e atone dans un environnement \u00e9conomique marqu\u00e9 par la volatilit\u00e9, communique Capgemini. Suite \u00e0 la mise en \u0153uvre des mesures cibl\u00e9es annonc\u00e9es \u00e0 la fin du 3e trimestre 2024, le taux de croissance du chiffre d\u2019affaires s\u2019est progressivement am\u00e9lior\u00e9 sur la p\u00e9riode permettant ainsi au Groupe de renouer avec une croissance positive \u00e0 taux de change constants au 2e trimestre, atteignant +0,7\u00a0% sur un an.\u201d<\/p>\n<p>\u00c0 taux de change constants, le CA du Groupe progresse de +1,6\u00a0% par rapport au S1 2024 en Am\u00e9rique du Nord, de 6\u00a0% sur la r\u00e9gion Royaume-Uni et Irlande et de 8,7\u00a0% en r\u00e9gion Asie-Pacifique et Am\u00e9rique latine. En France, Capgemini enregistre un recul de 5\u00a0% de son CA et de -2,3\u00a0% dans le reste de l\u2019Europe.<\/p>\n<p>  Evolution du CA\u00a0comprise \u201centre -1,0\u00a0% et +1,0\u00a0%\u201d en 2025<\/p>\n<p>Pour 2025, <a href=\"https:\/\/www.ledauphine.com\/economie\/2023\/10\/20\/la-saga-capgemini-a-grenoble\" target=\"_blank\" rel=\"noopener\">Capgemini<\/a> vise, \u00e0 taux de change constant, une \u00e9volution de son CA comprise \u201centre -1,0\u00a0% et +1,0\u00a0% (contre -2,0\u00a0% et +2,0\u00a0% pr\u00e9c\u00e9demment) et une marge op\u00e9rationnelle comprise entre 13,3\u00a0% et 13,5\u00a0% (inchang\u00e9).\u201d \u00ab\u00a0Alors que nous entamons ce 3e trimestre, commente Aiman Ezzat, directeur g\u00e9n\u00e9ral, nous constatons une certaine stabilit\u00e9 dans l\u2019environnement et restons prudents compte tenu de l\u2019incertitude li\u00e9e aux tensions g\u00e9opolitiques et \u00e0 une \u00e9conomie au ralenti\u00a0\u00bb.<\/p>\n","protected":false},"excerpt":{"rendered":"Capgemini a enregistr\u00e9 sur le premier semestre 2025 un chiffre d\u2019affaires (CA) de 11,107\u00a0milliards d\u2019euros, en recul de&hellip;\n","protected":false},"author":2,"featured_media":285801,"comment_status":"","ping_status":"","sticky":false,"template":"","format":"standard","meta":{"footnotes":""},"categories":[9566],"tags":[1111,11,2430,9810,33,112,1777,674,274,107,1795,1011,27,329,2731,2732,108,12,25,216],"class_list":{"0":"post-285800","1":"post","2":"type-post","3":"status-publish","4":"format-standard","5":"has-post-thumbnail","7":"category-grenoble","8":"tag-actu","9":"tag-actualites","10":"tag-auvergne-rhone-alpes","11":"tag-direct-entreprises","12":"tag-economie","13":"tag-edition-grenoble-agglomeration","14":"tag-eu","15":"tag-europe","16":"tag-faits-divers-justice","17":"tag-fil-info","18":"tag-fil-web","19":"tag-fr","20":"tag-france","21":"tag-france-monde","22":"tag-grenoble","23":"tag-grenoble-bassin","24":"tag-isere","25":"tag-news","26":"tag-republique-francaise","27":"tag-vie-des-entreprises"},"share_on_mastodon":{"url":"https:\/\/pubeurope.com\/@fr\/114945770317746511","error":""},"_links":{"self":[{"href":"https:\/\/www.europesays.com\/fr\/wp-json\/wp\/v2\/posts\/285800","targetHints":{"allow":["GET"]}}],"collection":[{"href":"https:\/\/www.europesays.com\/fr\/wp-json\/wp\/v2\/posts"}],"about":[{"href":"https:\/\/www.europesays.com\/fr\/wp-json\/wp\/v2\/types\/post"}],"author":[{"embeddable":true,"href":"https:\/\/www.europesays.com\/fr\/wp-json\/wp\/v2\/users\/2"}],"replies":[{"embeddable":true,"href":"https:\/\/www.europesays.com\/fr\/wp-json\/wp\/v2\/comments?post=285800"}],"version-history":[{"count":0,"href":"https:\/\/www.europesays.com\/fr\/wp-json\/wp\/v2\/posts\/285800\/revisions"}],"wp:featuredmedia":[{"embeddable":true,"href":"https:\/\/www.europesays.com\/fr\/wp-json\/wp\/v2\/media\/285801"}],"wp:attachment":[{"href":"https:\/\/www.europesays.com\/fr\/wp-json\/wp\/v2\/media?parent=285800"}],"wp:term":[{"taxonomy":"category","embeddable":true,"href":"https:\/\/www.europesays.com\/fr\/wp-json\/wp\/v2\/categories?post=285800"},{"taxonomy":"post_tag","embeddable":true,"href":"https:\/\/www.europesays.com\/fr\/wp-json\/wp\/v2\/tags?post=285800"}],"curies":[{"name":"wp","href":"https:\/\/api.w.org\/{rel}","templated":true}]}}