{"id":285805,"date":"2025-07-31T03:42:17","date_gmt":"2025-07-31T03:42:17","guid":{"rendered":"https:\/\/www.europesays.com\/fr\/285805\/"},"modified":"2025-07-31T03:42:17","modified_gmt":"2025-07-31T03:42:17","slug":"plusieurs-communes-victimes-de-coupures-mardi","status":"publish","type":"post","link":"https:\/\/www.europesays.com\/fr\/285805\/","title":{"rendered":"plusieurs communes victimes de coupures mardi"},"content":{"rendered":"<p>            Par<br \/>\n        <strong><br \/>\n            <a href=\"https:\/\/actu.fr\/auteur\/ivan-capecchi\" title=\"Consulter tous les articles de Ivan CAPECCHI\" rel=\"nofollow noopener\" target=\"_blank\">Ivan CAPECCHI<\/a><br \/>\n        <\/strong><\/p>\n<p>        Publi\u00e9 le<\/p>\n<p>            30 juil. 2025 \u00e0 11h54        <\/p>\n<p>Mardi 29 juillet, plusieurs communes de l\u2019<a href=\"https:\/\/actu.fr\/grand-est\/strasbourg_67482\/l-eurometropole-de-strasbourg-gere-t-elle-bien-l-argent-public-l-avis-de-ces-experts-vient-de-tomber_62231549.html\" rel=\"nofollow noopener\" target=\"_blank\">Eurom\u00e9tropole de Strasbourg<\/a> ont subi des <strong>coupures d\u2019\u00e9lectricit\u00e9<\/strong>.<\/p>\n<p>9 communes concern\u00e9es selon \u00c9lectricit\u00e9 de Strasbourg (\u00c9S)<\/p>\n<p class=\" wall-content\">Contact\u00e9e, <strong>\u00c9lectricit\u00e9 de Strasbourg (\u00c9S)<\/strong> en donne la liste :\u00a0<\/p>\n<ul class=\" wall-content\">\n<li>Achenheim<\/li>\n<li>Hangenbieten<\/li>\n<li>Holtzheim<\/li>\n<li>Oberschaeffolsheim<\/li>\n<li>Wolfisheim<\/li>\n<li>Lingolsheim<\/li>\n<li>Ostwald<\/li>\n<li>Strasbourg<\/li>\n<li>Eckbolsheim<\/li>\n<\/ul>\n<p class=\" wall-content\">Les coupures ont pu durer \u00ab\u00a0<strong>jusqu\u2019\u00e0 1h15 maximum<\/strong>\u00ab\u00a0, indique l\u2019op\u00e9rateur.<\/p>\n<p>Les raisons encore inconnues<\/p>\n<p class=\" wall-content\">Ce dernier explique que les raisons de ces coupures demeurent <strong>inconnues<\/strong> pour le moment. \u00ab\u00a0C\u2019est en cours d\u2019investigation\u00a0\u00bb, pr\u00e9cise \u00c9S.<\/p>\n<p class=\" wall-content\">Sur les <a href=\"https:\/\/actu.fr\/tag\/reseaux-sociaux\" rel=\"nofollow noopener\" target=\"_blank\">r\u00e9seaux sociaux<\/a>, plusieurs internautes se sont plaints de <strong>coupures r\u00e9currentes<\/strong> ces derniers temps.\u00a0<\/p>\n<p class=\" wall-content\">\u00ab\u00a0Nous avons eu <strong>quelques incidents d\u00e9but juillet<\/strong> \u00e0 cause des fortes chaleurs\u00a0\u00bb, conc\u00e8de \u00c9S.<\/p>\n<p>Pas de remboursement envisag\u00e9<\/p>\n<p class=\" wall-content\">Sur les r\u00e9seaux sociaux toujours, certains internautes se demandent s\u2019ils pourront b\u00e9n\u00e9ficier d\u2019un <strong>remboursement<\/strong> en guise de compensation.<\/p>\n<p class=\" wall-content\">\u00ab\u00a0<strong>\u00c7a n\u2019est pas pr\u00e9vu \u00e0 ce stade<\/strong>\u00ab\u00a0, r\u00e9pond \u00c9S.<\/p>\n<p class=\" wall-content\">Suivez toute l\u2019actualit\u00e9 de vos villes et m\u00e9dias favoris en vous inscrivant \u00e0 <a href=\"https:\/\/moncompte.actu.fr\" title=\"D\u00e9couvez Mon Actu\" rel=\"nofollow noopener\" data-trk=\"{&quot;cta&quot;:{&quot;action&quot;:&quot;https:\\\/\\\/moncompte.actu.fr&quot;,&quot;category&quot;:&quot;mon compte&quot;,&quot;from&quot;:&quot;article footer&quot;,&quot;name&quot;:&quot;Mon actu&quot;,&quot;type&quot;:&quot;cta&quot;}}\" target=\"_blank\">Mon Actu<\/a>.<\/p>\n","protected":false},"excerpt":{"rendered":"Par Ivan CAPECCHI Publi\u00e9 le 30 juil. 2025 \u00e0 11h54 Mardi 29 juillet, plusieurs communes de l\u2019Eurom\u00e9tropole de&hellip;\n","protected":false},"author":2,"featured_media":285806,"comment_status":"","ping_status":"","sticky":false,"template":"","format":"standard","meta":{"footnotes":""},"categories":[2820],"tags":[1111,11,579,1777,674,1011,27,775,12,25,104,640],"class_list":{"0":"post-285805","1":"post","2":"type-post","3":"status-publish","4":"format-standard","5":"has-post-thumbnail","7":"category-strasbourg","8":"tag-actu","9":"tag-actualites","10":"tag-electricite","11":"tag-eu","12":"tag-europe","13":"tag-fr","14":"tag-france","15":"tag-grand-est","16":"tag-news","17":"tag-republique-francaise","18":"tag-societe","19":"tag-strasbourg"},"share_on_mastodon":{"url":"https:\/\/pubeurope.com\/@fr\/114945782127767358","error":""},"_links":{"self":[{"href":"https:\/\/www.europesays.com\/fr\/wp-json\/wp\/v2\/posts\/285805","targetHints":{"allow":["GET"]}}],"collection":[{"href":"https:\/\/www.europesays.com\/fr\/wp-json\/wp\/v2\/posts"}],"about":[{"href":"https:\/\/www.europesays.com\/fr\/wp-json\/wp\/v2\/types\/post"}],"author":[{"embeddable":true,"href":"https:\/\/www.europesays.com\/fr\/wp-json\/wp\/v2\/users\/2"}],"replies":[{"embeddable":true,"href":"https:\/\/www.europesays.com\/fr\/wp-json\/wp\/v2\/comments?post=285805"}],"version-history":[{"count":0,"href":"https:\/\/www.europesays.com\/fr\/wp-json\/wp\/v2\/posts\/285805\/revisions"}],"wp:featuredmedia":[{"embeddable":true,"href":"https:\/\/www.europesays.com\/fr\/wp-json\/wp\/v2\/media\/285806"}],"wp:attachment":[{"href":"https:\/\/www.europesays.com\/fr\/wp-json\/wp\/v2\/media?parent=285805"}],"wp:term":[{"taxonomy":"category","embeddable":true,"href":"https:\/\/www.europesays.com\/fr\/wp-json\/wp\/v2\/categories?post=285805"},{"taxonomy":"post_tag","embeddable":true,"href":"https:\/\/www.europesays.com\/fr\/wp-json\/wp\/v2\/tags?post=285805"}],"curies":[{"name":"wp","href":"https:\/\/api.w.org\/{rel}","templated":true}]}}