{"id":285810,"date":"2025-07-31T03:45:12","date_gmt":"2025-07-31T03:45:12","guid":{"rendered":"https:\/\/www.europesays.com\/fr\/285810\/"},"modified":"2025-07-31T03:45:12","modified_gmt":"2025-07-31T03:45:12","slug":"quand-on-vit-en-appartement-sans-exterieur-on-a-besoin-de-ces-endroits-ils-aimeraient-que-les-plages-restent-ouvertes-plus-tard-a-nice","status":"publish","type":"post","link":"https:\/\/www.europesays.com\/fr\/285810\/","title":{"rendered":"\u00ab\u00a0Quand on vit en appartement, sans ext\u00e9rieur, on a besoin de ces endroits\u00a0\u00bb: ils aimeraient que les plages restent ouvertes plus tard \u00e0 Nice"},"content":{"rendered":"<p>\u00ab\u00a0On va tenter le coup!\u00a0\u00bb<\/p>\n<p>Mardi 29 juillet 2025, il est 20 heures tapantes quand \u00c9lisabeth et Wilfrid, 67 et 55 ans, s\u2019avancent vers la plage de la R\u00e9serve. <\/p>\n<p>\u00ab\u00a0On sait que normalement \u00e7a ferme \u00e0 cette heure-ci mais on esp\u00e8re que les agents municipaux viendront plus tard et qu\u2019on aura le temps de se baigner. \u00c7a devrait \u00eatre bon, ils arrivent g\u00e9n\u00e9ralement un peu plus tard l\u2019\u00e9t\u00e9 et heureusement.\u00a0\u00bb<\/p>\n<p>Ils sont loin d\u2019\u00eatre les seuls \u00e0 avoir eu la m\u00eame id\u00e9e car il y a encore beaucoup de monde en contrebas, pr\u00e8s de l\u2019eau. Des familles qui se rafra\u00eechissent en mangeant un bout, quelques touristes mais relativement peu car le spot n\u2019est pas tr\u00e8s connu et surtout un peu \u00e9loign\u00e9 des zones o\u00f9 l\u2019activit\u00e9 est bouillante.<\/p>\n<p>Wilfrid est tout de m\u00eame agac\u00e9: \u00ab\u00a0Il faudrait fermer plus tard les plages de la R\u00e9serve et Coco Beach. Quand on vit en appartement, sans ext\u00e9rieur on a besoin de ces endroits. Et encore, ce n\u2019est pas la canicule en ce moment mais lorsque \u00e7a arrive, on a envie de se baigner en soir\u00e9e.\u00a0\u00bb<\/p>\n<p>Un homme de 30 ans qui pr\u00e9f\u00e8re garder l\u2019anonymat est, lui, carr\u00e9ment en col\u00e8re: \u00ab\u00a0Pendant la canicule fin juin, alors qu\u2019on souffrait beaucoup de la chaleur, les policiers sont venus nous d\u00e9loger \u00e0 22 heures. Ma copine et moi, on est partis sans rien dire mais il y avait un papa avec ses enfants qui \u00e9tait fou de rage. Il s\u2019est d\u00e9fendu en leur disant qu\u2019il faisait tr\u00e8s chaud et qu\u2019ils pourraient laisser les gens se rafra\u00eechir. Il a raison ce monsieur!\u00a0\u00bb<\/p>\n<p>Globalement, les Ni\u00e7ois plaident pour repousser l\u2019heure limite sans pousser au bout de la nuit. Isabelle, 40 ans, r\u00e9side dans les hauteurs de Riquier : \u00ab\u00a0Nous venons tr\u00e8s r\u00e9guli\u00e8rement pour avoir un peu de fra\u00eecheur et simplement pour sortir de chez nous. En plus, \u00e7a occupe les enfants. \u00c7a fait une semaine qu\u2019on est l\u00e0 chaque soir jusqu\u2019\u00e0 environ 21h30.\u00a0\u00bb \u00ab\u00a0Ce ne serait vraiment pas cool de nous demander de partir \u00e0 20 heures pile\u00a0\u00bb, embraye Simone avec son accent Italien.<\/p>\n<p>Ce papa de 44 ans tend une serviette \u00e0 son fils, Luca, 7 ans, qui sort de l\u2019eau. Le bambin explique: \u00ab\u00a0J\u2019aime bien me baigner l\u00e0, il n\u2019y a pas de grosses vagues\u00a0\u00bb.<\/p>\n<p>\u00ab\u00a0<strong>20 heures, c\u2019est trop t\u00f4t en plein \u00e9t\u00e9\u00a0\u00bb<\/strong><\/p>\n<p>Marilou, petite trentaine, pose r\u00e9guli\u00e8rement sa serviette en fin de journ\u00e9e. \u00ab\u00a0Je ne pars pas tr\u00e8s tard mais tout de m\u00eame apr\u00e8s 20 heures et je n\u2019ai pas vu de policiers pour l\u2019instant. Mais \u00e7a doit bien fermer \u00e0 un moment puisque le matin \u00e7a l\u2019est. D\u2019ailleurs, les grilles ne sont pas toujours ouvertes \u00e0 7 heures alors que c\u2019est l\u2019horaire indiqu\u00e9 sur le panneau.\u00a0\u00bb<\/p>\n<p>\u00c9lisabeth l\u2019a constat\u00e9 aussi: \u00ab\u00a0\u00c7a m\u2019est arriv\u00e9 de venir \u00e0 8h30 et c\u2019\u00e9tait encore verrouill\u00e9\u00a0\u00bb.<\/p>\n<p>Sarah, 45 ans, ach\u00e8ve sa semaine de vacances. \u00ab\u00a0Je viens de Bretagne \u00e7a m\u2019a surpris d\u2019apprendre qu\u2019une plage pouvait fermer la nuit. Une fois, on nous a demand\u00e9 de partir \u00e0 21h30. C\u2019est dommage pour les gens qui habitent ici et qui voudraient souffler le soir en rentrant du boulot.\u00a0\u00bb <\/p>\n<p>C\u2019est justement ce que font Romain, 21 ans et Karim, 26 ans. \u00ab\u00a0\u00c0 chaque fois, on esp\u00e8re pouvoir profiter un peu avant de devoir partir. Il y a un mois et demi, les agents venaient t\u00f4t, vers 20h30, mais il y avait des vagues, c\u2019est peut-\u00eatre pour \u00e7a. Apr\u00e8s, que ce soit totalement ferm\u00e9 en pleine nuit, on comprend, \u00e7a peut \u00eatre dangereux la nuit quand il fait noir, avec les rochers. Mais il faut quand m\u00eame laisser les gens: 20 heures c\u2019est beaucoup trop t\u00f4t en plein \u00e9t\u00e9.\u00a0\u00bb<\/p>\n<p>Oxana, 37 ans, est bien d\u2019accord. Elle conna\u00eet la r\u00e8gle: \u00ab\u00a0L\u2019an dernier, j\u2019habitais en face et je voyais r\u00e9guli\u00e8rement les policiers faire remonter les gens\u00a0\u00bb.<\/p>\n<p>Il est 20 heures et elle sirote un verre avec une amie: \u00ab\u00a0J\u2019esp\u00e8re qu\u2019on va pouvoir rester un peu. C\u2019est frustrant pour les gens de devoir partir mais au pire, les autres plages de Nice sont ouvertes toute la nuit, elles, c\u2019est d\u00e9j\u00e0 \u00e7a!\u00a0\u00bb<\/p>\n<p><strong>Pour des raisons de s\u00e9curit\u00e9<\/strong><\/p>\n<p>Un arr\u00eat\u00e9 municipal r\u00e9git la fermeture de ces plages publiques via l\u2019acc\u00e8s au chemin des Douaniers en de\u00e7\u00e0 du boulevard Franck-Pilatte et de l\u2019avenue Jean-Lorrain, entre 20 heures et 7 heures \u00ab\u00a0pour des motifs de s\u00e9curit\u00e9, de tranquillit\u00e9 et de salubrit\u00e9 publiques et de pr\u00e9servation de l\u2019environnement\u00a0\u00bb.<\/p>\n<p>Il interdit par ailleurs \u00ab\u00a0de plonger et\/ou sauter depuis tout promontoire dans la mer \u00e0 partir des \u00e9pis, jet\u00e9s ou enrochement\u00a0\u00bb l\u00e0 encore pour des questions de s\u00e9curit\u00e9 car des accidents surviennent r\u00e9guli\u00e8rement lors de sauts.<\/p>\n<p>Par ailleurs, l\u2019heure ne peut pas \u00eatre respect\u00e9e \u00e0 la lettre car les agents qui veillent \u00e0 la fermeture des parcs et jardins doivent proc\u00e9der aux v\u00e9rifications dans chaque endroit avant de verrouiller.<\/p>\n<p>Voil\u00e0 en partie pourquoi le gong ne retentit pas \u00e0 20 heures pr\u00e9cises chaque soir (ce qui convient parfaitement aux plaisanciers).<\/p>\n<p>              <img ci-src=\"https:\/\/www.nicematin.com\/vie-locale\/protec\/DATA_ART_16000966-wJrZQ39j.jpg?vh=5c0c8a&amp;ci_seal=2af9842177\" alt=\"\"\/><br \/>\n        \u00c0 chaque porte menant aux plages sont mentionn\u00e9s les horaires d\u2019ouverture (ici le mardi 29 juillet). Photo Ax. T. <\/p>\n","protected":false},"excerpt":{"rendered":"\u00ab\u00a0On va tenter le coup!\u00a0\u00bb Mardi 29 juillet 2025, il est 20 heures tapantes quand \u00c9lisabeth et Wilfrid,&hellip;\n","protected":false},"author":2,"featured_media":285811,"comment_status":"","ping_status":"","sticky":false,"template":"","format":"standard","meta":{"footnotes":""},"categories":[2819],"tags":[1111,11,1777,674,1011,27,12,2401,882,25,3366],"class_list":{"0":"post-285810","1":"post","2":"type-post","3":"status-publish","4":"format-standard","5":"has-post-thumbnail","7":"category-nice","8":"tag-actu","9":"tag-actualites","10":"tag-eu","11":"tag-europe","12":"tag-fr","13":"tag-france","14":"tag-news","15":"tag-nice","16":"tag-provence-alpes-cote-dazur","17":"tag-republique-francaise","18":"tag-vie-locale"},"share_on_mastodon":{"url":"https:\/\/pubeurope.com\/@fr\/114945793943118665","error":""},"_links":{"self":[{"href":"https:\/\/www.europesays.com\/fr\/wp-json\/wp\/v2\/posts\/285810","targetHints":{"allow":["GET"]}}],"collection":[{"href":"https:\/\/www.europesays.com\/fr\/wp-json\/wp\/v2\/posts"}],"about":[{"href":"https:\/\/www.europesays.com\/fr\/wp-json\/wp\/v2\/types\/post"}],"author":[{"embeddable":true,"href":"https:\/\/www.europesays.com\/fr\/wp-json\/wp\/v2\/users\/2"}],"replies":[{"embeddable":true,"href":"https:\/\/www.europesays.com\/fr\/wp-json\/wp\/v2\/comments?post=285810"}],"version-history":[{"count":0,"href":"https:\/\/www.europesays.com\/fr\/wp-json\/wp\/v2\/posts\/285810\/revisions"}],"wp:featuredmedia":[{"embeddable":true,"href":"https:\/\/www.europesays.com\/fr\/wp-json\/wp\/v2\/media\/285811"}],"wp:attachment":[{"href":"https:\/\/www.europesays.com\/fr\/wp-json\/wp\/v2\/media?parent=285810"}],"wp:term":[{"taxonomy":"category","embeddable":true,"href":"https:\/\/www.europesays.com\/fr\/wp-json\/wp\/v2\/categories?post=285810"},{"taxonomy":"post_tag","embeddable":true,"href":"https:\/\/www.europesays.com\/fr\/wp-json\/wp\/v2\/tags?post=285810"}],"curies":[{"name":"wp","href":"https:\/\/api.w.org\/{rel}","templated":true}]}}