{"id":285812,"date":"2025-07-31T03:46:15","date_gmt":"2025-07-31T03:46:15","guid":{"rendered":"https:\/\/www.europesays.com\/fr\/285812\/"},"modified":"2025-07-31T03:46:15","modified_gmt":"2025-07-31T03:46:15","slug":"il-avait-tire-sur-lex-de-sa-compagne-dans-ce-quartier-de-nantes","status":"publish","type":"post","link":"https:\/\/www.europesays.com\/fr\/285812\/","title":{"rendered":"Il avait tir\u00e9 sur l\u2019ex de sa compagne dans ce quartier de Nantes"},"content":{"rendered":"<tr wp_automatic_readability=\"2.9117647058824\">\n<td valign=\"middle\" align=\"center\" class=\"col-logo\">\n    <img decoding=\"async\" src=\"https:\/\/www.europesays.com\/fr\/wp-content\/uploads\/2025\/04\/presse-ocean.gif\" alt=\"logo Presse-Oc\u00e9an\" height=\"66\"\/><\/p>\n<\/td>\n<td class=\"col-titre\">\n\t\t\tMercredi 30 juillet 2025 19:39<br \/>\n\t\t\t<a class=\"icon-bulle sizeL count\" href=\"#ancreAvis\"><br \/>\n\t&#8230;<br \/>\n<\/a><\/td>\n<\/tr>\n<p>\t\t<a class=\"mavillebox2 elmt-photo\" href=\"https:\/\/maville.com\/photosmvi\/2025\/07\/30\/P35382804D6919238G.jpg\" title=\" L\u2019auteur d\u2019un coup de feu ayant bless\u00e9 un homme au genou est retourn\u00e9 en d\u00e9tention \u00e0 l\u2019issue de son jugement, le 30\u00a0juillet 2025.  \u00a9  Photo archives Presse Oc\u00e9an  &lt;!--TAG-BLC credit--&gt;\" rel=\"galerie_actu noopener\" target=\"_blank\"><br \/>\n\t<img decoding=\"async\" src=\"https:\/\/www.europesays.com\/fr\/wp-content\/uploads\/2025\/07\/P35382804D6919238G_crop_640-330_.jpg\" alt=\"photo  l\u2019auteur d\u2019un coup de feu ayant bless\u00e9 un homme au genou est retourn\u00e9 en d\u00e9tention \u00e0 l\u2019issue de son jugement, le 30\u00a0juillet 2025.  \u00a9  photo archives presse oc\u00e9an \"\/><br \/>\n\t1<br \/>\n<\/a><\/p>\n<p class=\"elmt-legende\"> L\u2019auteur d\u2019un coup de feu ayant bless\u00e9 un homme au genou est retourn\u00e9 en d\u00e9tention \u00e0 l\u2019issue de son jugement, le 30\u00a0juillet 2025.  \u00a9  Photo archives Presse Oc\u00e9an  <\/p>\n<p>\t\tLe 26\u00a0mars 2023, un homme avait fait usage de son arme \u00e0 feu en plein apr\u00e8s-midi, dans un parc du quartier Botti\u00e8re. Les gendarmes du GIGN \u00e9taient intervenus. L\u2019auteur pr\u00e9sum\u00e9 avait pris la fuite, avant de rendre spontan\u00e9ment. Il a \u00e9t\u00e9 condamn\u00e9 \u00e0 quatre ans d\u2019emprisonnement.<\/p>\n<p><b>Cet article est r\u00e9serv\u00e9 aux abonn\u00e9s<\/b><\/p>\n<p>Pour un acc\u00e8s imm\u00e9diat, abonnez-vous<\/p>\n<p><b>1\u00e8re semaine offerte<\/b><\/p>\n<p>\t\t EP \u00a0\u00a0<br \/>\n\t\tPresse-Oc\u00e9an<\/p>\n<p>Retrouvez d&rsquo;autres actus sur la commune de :<\/p>\n<p>\t\t&#13;<\/p>\n","protected":false},"excerpt":{"rendered":"Mercredi 30 juillet 2025 19:39 &#8230; 1 L\u2019auteur d\u2019un coup de feu ayant bless\u00e9 un homme au genou&hellip;\n","protected":false},"author":2,"featured_media":285813,"comment_status":"","ping_status":"","sticky":false,"template":"","format":"standard","meta":{"footnotes":""},"categories":[2818],"tags":[1111,11,16152,1777,674,19109,1011,27,766,12,2636,5775,25,19455],"class_list":{"0":"post-285812","1":"post","2":"type-post","3":"status-publish","4":"format-standard","5":"has-post-thumbnail","7":"category-nantes","8":"tag-actu","9":"tag-actualites","10":"tag-compagne","11":"tag-eu","12":"tag-europe","13":"tag-ex","14":"tag-fr","15":"tag-france","16":"tag-nantes","17":"tag-news","18":"tag-pays-de-la-loire","19":"tag-quartier","20":"tag-republique-francaise","21":"tag-tire"},"share_on_mastodon":{"url":"https:\/\/pubeurope.com\/@fr\/114945797969227042","error":""},"_links":{"self":[{"href":"https:\/\/www.europesays.com\/fr\/wp-json\/wp\/v2\/posts\/285812","targetHints":{"allow":["GET"]}}],"collection":[{"href":"https:\/\/www.europesays.com\/fr\/wp-json\/wp\/v2\/posts"}],"about":[{"href":"https:\/\/www.europesays.com\/fr\/wp-json\/wp\/v2\/types\/post"}],"author":[{"embeddable":true,"href":"https:\/\/www.europesays.com\/fr\/wp-json\/wp\/v2\/users\/2"}],"replies":[{"embeddable":true,"href":"https:\/\/www.europesays.com\/fr\/wp-json\/wp\/v2\/comments?post=285812"}],"version-history":[{"count":0,"href":"https:\/\/www.europesays.com\/fr\/wp-json\/wp\/v2\/posts\/285812\/revisions"}],"wp:featuredmedia":[{"embeddable":true,"href":"https:\/\/www.europesays.com\/fr\/wp-json\/wp\/v2\/media\/285813"}],"wp:attachment":[{"href":"https:\/\/www.europesays.com\/fr\/wp-json\/wp\/v2\/media?parent=285812"}],"wp:term":[{"taxonomy":"category","embeddable":true,"href":"https:\/\/www.europesays.com\/fr\/wp-json\/wp\/v2\/categories?post=285812"},{"taxonomy":"post_tag","embeddable":true,"href":"https:\/\/www.europesays.com\/fr\/wp-json\/wp\/v2\/tags?post=285812"}],"curies":[{"name":"wp","href":"https:\/\/api.w.org\/{rel}","templated":true}]}}