{"id":285814,"date":"2025-07-31T03:47:20","date_gmt":"2025-07-31T03:47:20","guid":{"rendered":"https:\/\/www.europesays.com\/fr\/285814\/"},"modified":"2025-07-31T03:47:20","modified_gmt":"2025-07-31T03:47:20","slug":"quand-les-cites-se-vident-lusine-des-batignolles-ralentie-mais-son-heritage-reste-a-nantes","status":"publish","type":"post","link":"https:\/\/www.europesays.com\/fr\/285814\/","title":{"rendered":"Quand les cit\u00e9s se vident, l\u2019usine des Batignolles ralentie mais son h\u00e9ritage reste \u00e0 Nantes"},"content":{"rendered":"<tr wp_automatic_readability=\"6.8711656441718\">\n<td valign=\"middle\" align=\"center\" class=\"col-logo\" wp_automatic_readability=\"5\">\n    <img decoding=\"async\" src=\"https:\/\/maville.com\/design\/images\/logo-of-monetise.svg?version=20130627\" alt=\"logo Ouest-France\" height=\"66\"\/><\/p>\n<p>Contenu r\u00e9serv\u00e9 aux abonn\u00e9s<\/p>\n<\/td>\n<td class=\"col-titre\">\n\t\t\tMercredi 30 juillet 2025 10:00<br \/>\n\t\t\t<a class=\"icon-bulle sizeL count\" href=\"#ancreAvis\"><br \/>\n\t&#8230;<br \/>\n<\/a><\/td>\n<\/tr>\n<p>\t\t<a class=\"mavillebox2 elmt-photo\" href=\"https:\/\/maville.com\/photosmvi\/2025\/07\/30\/P35381975D6918685G.jpg\" title=\" Dans les ann\u00e9es 1960, les immeubles collectifs commencent \u00e0 remplacer les cit\u00e9s en bois, comme ici la cit\u00e9 du Ranzay, \u00e0 Nantes. Petit \u00e0 petit, les derniers exploitants agricoles vont devoir vendre leurs fermes.  \u00a9  Cr\u00e9dit Batignolles Retrouvailles  &lt;!--TAG-BLC credit--&gt;\" rel=\"galerie_actu nofollow noopener\" target=\"_blank\"><br \/>\n\t<img decoding=\"async\" src=\"https:\/\/www.europesays.com\/fr\/wp-content\/uploads\/2025\/07\/P35381975D6918685G_crop_640-330_.jpg\" alt=\"photo  dans les ann\u00e9es 1960, les immeubles collectifs commencent \u00e0 remplacer les cit\u00e9s en bois, comme ici la cit\u00e9 du ranzay, \u00e0 nantes. petit \u00e0 petit, les derniers exploitants agricoles vont devoir vendre leurs fermes.  \u00a9  cr\u00e9dit batignolles retrouvailles \"\/><br \/>\n\t1<br \/>\n<\/a><\/p>\n<p class=\"elmt-legende\"> Dans les ann\u00e9es 1960, les immeubles collectifs commencent \u00e0 remplacer les cit\u00e9s en bois, comme ici la cit\u00e9 du Ranzay, \u00e0 Nantes. Petit \u00e0 petit, les derniers exploitants agricoles vont devoir vendre leurs fermes.  \u00a9  Cr\u00e9dit Batignolles Retrouvailles  <\/p>\n<p>\t\tLes Batignolles, aventure industrielle nantaise. L\u2019usine des Batignolles, \u00e0 Nantes (Loire-Atlantique), a \u00e9t\u00e9 inscrite au titre des monuments historiques le 3\u00a0ao\u00fbt 2022. C\u2019est la premi\u00e8re usine nantaise encore partiellement en activit\u00e9 \u00e0 b\u00e9n\u00e9ficier de ce statut. Un h\u00e9ritage industriel qui s\u2019est \u00e0 nouveau m\u00e9tamorphos\u00e9 \u00e0 partir des ann\u00e9es 1960. Avant de p\u00e9ricliter, au m\u00eame titre que les machines de l\u2019usine, sans jamais s\u2019\u00e9teindre.<\/p>\n<p><b>Cet article est r\u00e9serv\u00e9 aux abonn\u00e9s<\/b><\/p>\n<p>Pour un acc\u00e8s imm\u00e9diat, abonnez-vous<\/p>\n<p><b>1\u00e8re semaine offerte<\/b><\/p>\n<p>\t\tOuest-France<\/p>\n<p>Retrouvez d&rsquo;autres actus sur la commune de :<\/p>\n<p>\t\t&#13;<\/p>\n","protected":false},"excerpt":{"rendered":"Contenu r\u00e9serv\u00e9 aux abonn\u00e9s Mercredi 30 juillet 2025 10:00 &#8230; 1 Dans les ann\u00e9es 1960, les immeubles collectifs&hellip;\n","protected":false},"author":2,"featured_media":285815,"comment_status":"","ping_status":"","sticky":false,"template":"","format":"standard","meta":{"footnotes":""},"categories":[2818],"tags":[1111,11,31393,8370,1777,674,1011,27,11632,766,12,2636,42477,25,3138,2103,42476],"class_list":{"0":"post-285814","1":"post","2":"type-post","3":"status-publish","4":"format-standard","5":"has-post-thumbnail","7":"category-nantes","8":"tag-actu","9":"tag-actualites","10":"tag-batignolles","11":"tag-cites","12":"tag-eu","13":"tag-europe","14":"tag-fr","15":"tag-france","16":"tag-heritage","17":"tag-nantes","18":"tag-news","19":"tag-pays-de-la-loire","20":"tag-ralentie","21":"tag-republique-francaise","22":"tag-reste","23":"tag-usine","24":"tag-vident"},"share_on_mastodon":{"url":"https:\/\/pubeurope.com\/@fr\/114945801882423229","error":""},"_links":{"self":[{"href":"https:\/\/www.europesays.com\/fr\/wp-json\/wp\/v2\/posts\/285814","targetHints":{"allow":["GET"]}}],"collection":[{"href":"https:\/\/www.europesays.com\/fr\/wp-json\/wp\/v2\/posts"}],"about":[{"href":"https:\/\/www.europesays.com\/fr\/wp-json\/wp\/v2\/types\/post"}],"author":[{"embeddable":true,"href":"https:\/\/www.europesays.com\/fr\/wp-json\/wp\/v2\/users\/2"}],"replies":[{"embeddable":true,"href":"https:\/\/www.europesays.com\/fr\/wp-json\/wp\/v2\/comments?post=285814"}],"version-history":[{"count":0,"href":"https:\/\/www.europesays.com\/fr\/wp-json\/wp\/v2\/posts\/285814\/revisions"}],"wp:featuredmedia":[{"embeddable":true,"href":"https:\/\/www.europesays.com\/fr\/wp-json\/wp\/v2\/media\/285815"}],"wp:attachment":[{"href":"https:\/\/www.europesays.com\/fr\/wp-json\/wp\/v2\/media?parent=285814"}],"wp:term":[{"taxonomy":"category","embeddable":true,"href":"https:\/\/www.europesays.com\/fr\/wp-json\/wp\/v2\/categories?post=285814"},{"taxonomy":"post_tag","embeddable":true,"href":"https:\/\/www.europesays.com\/fr\/wp-json\/wp\/v2\/tags?post=285814"}],"curies":[{"name":"wp","href":"https:\/\/api.w.org\/{rel}","templated":true}]}}