{"id":28582,"date":"2025-04-16T06:11:09","date_gmt":"2025-04-16T06:11:09","guid":{"rendered":"https:\/\/www.europesays.com\/fr\/28582\/"},"modified":"2025-04-16T06:11:09","modified_gmt":"2025-04-16T06:11:09","slug":"un-printemps-catastrophique-jusqua-quand","status":"publish","type":"post","link":"https:\/\/www.europesays.com\/fr\/28582\/","title":{"rendered":"un printemps \u00ab\u00a0catastrophique\u00a0\u00bb, jusqu&rsquo;\u00e0 quand\u00a0?"},"content":{"rendered":"<p>            Par<br \/>\n        <strong><br \/>\n            <a href=\"https:\/\/actu.fr\/auteur\/fabien-binacchi\" title=\"Consulter tous les articles de Fabien Binacchi\" target=\"_blank\" rel=\"noopener\">Fabien Binacchi<\/a><br \/>\n        <\/strong><\/p>\n<p>        Publi\u00e9 le<\/p>\n<p>            15 avr. 2025 \u00e0 14h15        <\/p>\n<p>Vous avez<strong> l\u2019impression d\u2019\u00eatre de retour en automne\u2009?<\/strong> C\u2019est normal.<\/p>\n<p class=\" wall-content\">Apr\u00e8s des mois de f\u00e9vrier et mars particuli\u00e8rement arros\u00e9s \u00e0 Marseille et dans les Bouches-du-Rh\u00f4ne, avril semble prendre le m\u00eame chemin. <strong>Pluie et temp\u00e9ratures en dessous des normales<\/strong>\u2009: le d\u00e9but de printemps est \u00ab\u2009catastrophique\u2009\u00bb, tranche un m\u00e9t\u00e9orologue.<\/p>\n<p class=\" wall-content\">Et \u00e7a risque de durer.<\/p>\n<p>Un encha\u00eenement d\u2019alertes m\u00e9t\u00e9o<\/p>\n<p class=\" wall-content\">La <strong>vigilance jaune \u00ab\u2009orages\u2009\u00bb<\/strong> est en vigueur ce mardi 15\u00a0avril 2025 dans le d\u00e9partement des Bouches-du-Rh\u00f4ne. Il faudra faire preuve de prudence entre le d\u00e9but de soir\u00e9e et le milieu de la nuit, souligne la pr\u00e9fecture.<\/p>\n<p class=\" wall-content\">\n<p class=\" wall-content\">Depuis le d\u00e9but de l\u2019ann\u00e9e, <strong>ces alertes m\u00e9t\u00e9o s\u2019encha\u00eenent<\/strong> dans la r\u00e9gion de Marseille. Avec des nuages en pagaille, <a href=\"https:\/\/actu.fr\/provence-alpes-cote-d-azur\/marseille_13055\/meteo-a-marseille-les-bouches-du-rhone-en-manque-de-soleil-un-record-battu_62453326.html\" target=\"_blank\" rel=\"noopener\">le record (n\u00e9gatif) de l\u2019ensoleillement<\/a> a m\u00eame \u00e9t\u00e9 battu, au grand dam des habitants de la cit\u00e9 phoc\u00e9enne.<\/p>\n<p>Vid\u00e9os : en ce moment sur Actu<\/p>\n<blockquote class=\"ac-article-quote wall-content\">\n<p>J&rsquo;ai l&rsquo;impression de vivre dans le Nord, je n&rsquo;ai pas sign\u00e9 pour \u00e7a.<\/p>\n<p>    <strong>Une internaute<\/strong>\n            <\/p><\/blockquote>\n<p class=\" wall-content\"><a href=\"https:\/\/actu.fr\/provence-alpes-cote-d-azur\/marignane_13054\/meteo-cette-ville-pres-de-marseille-bat-un-record-historique-de-la-pluie-en-pagaille_62411724.html\" target=\"_blank\" rel=\"noopener\">La pluviom\u00e9trie a elle aussi crev\u00e9 le plafond<\/a> en mars et ce n\u2019est pas vraiment mieux sur la premi\u00e8re quinzaine d\u2019avril. <strong>\u00ab\u2009Nous avons un d\u00e9but de printemps catastrophique\u2009\u00bb<\/strong>, confirme le m\u00e9t\u00e9orologue Paul Marquis, fondateur de la M\u00e9t\u00e9o du 13.<\/p>\n<p class=\" wall-content\">Et c\u2019est parti pour durer.<\/p>\n<p>\u00ab\u2009Pas de nette am\u00e9lioration\u2009\u00bb\u2026 avant mai<\/p>\n<p class=\" wall-content\">\u00ab\u2009On devrait battre de 10 \u00e0 30\u2009% la pluviom\u00e9trie moyenne attendue sur un mois d\u2019avril, soit 50mm, pr\u00e9cise le sp\u00e9cialiste \u00e0 actu Marseille. Ce n\u2019est pas inhabituel pour la saison, ce qui l\u2019est, c\u2019est que \u00e7a s\u2019\u00e9tire autant dans le temps. <strong>On est dans de la r\u00e9currence.<\/strong>\u2009\u00bb<\/p>\n<p class=\" wall-content\">Le temps, tr\u00e8s maussade ce mardi, devrait virer \u00e0 l\u2019orage dans la soir\u00e9e, et de la pluie est encore attendue mercredi et jeudi. Un retour du soleil, vendredi, ne sera que bref.<\/p>\n<p class=\" wall-content\">Et Paul Marquis livre <strong>une (tr\u00e8s) mauvaise nouvelle\u2009:<\/strong><\/p>\n<blockquote class=\"ac-article-quote wall-content\">\n<p>Nous allons encha\u00eener les perturbations. Il n&rsquo;y aura pas de nette am\u00e9lioration avant, au moins, le d\u00e9but du mois de mai.<\/p>\n<p>    <strong>Paul Marquis<\/strong>\n            <\/p><\/blockquote>\n<p>Le mercure en berne<\/p>\n<p class=\" wall-content\">Et c\u2019est aussi vrai pour le temps gris et pluvieux que pour les temp\u00e9ratures, en dessous des normales de saison, du fait d\u2019un \u00e9pisode m\u00e9diterran\u00e9en peu actif pour le moment.<\/p>\n<p class=\" wall-content\">\u00c0 Marseille, les minimales vont descendre jusqu\u2019\u00e0<strong> 9\u00b0C<\/strong> et les maximales pourront fr\u00f4ler les <strong>15\u00b0C<\/strong> dans les prochains jours. De quoi ressortir les pulls, d\u2019autant plus que le mistral fera son retour en force, d\u00e8s jeudi, avec <strong>des rafales jusqu\u2019\u00e0 90km\/h.<\/strong><\/p>\n<p class=\" wall-content\">Un printemps vraiment aux petits oignons.<\/p>\n<p class=\" wall-content\">Suivez toute l\u2019actualit\u00e9 de vos villes et m\u00e9dias favoris en vous inscrivant \u00e0 <a href=\"https:\/\/moncompte.actu.fr\" title=\"D\u00e9couvez Mon Actu\" rel=\"nofollow noopener\" data-trk=\"{&quot;cta&quot;:{&quot;action&quot;:&quot;https:\\\/\\\/moncompte.actu.fr&quot;,&quot;category&quot;:&quot;mon compte&quot;,&quot;from&quot;:&quot;article footer&quot;,&quot;name&quot;:&quot;Mon actu&quot;,&quot;type&quot;:&quot;cta&quot;}}\" target=\"_blank\">Mon Actu<\/a>.<\/p>\n","protected":false},"excerpt":{"rendered":"Par Fabien Binacchi Publi\u00e9 le 15 avr. 2025 \u00e0 14h15 Vous avez l\u2019impression d\u2019\u00eatre de retour en automne\u2009?&hellip;\n","protected":false},"author":2,"featured_media":28583,"comment_status":"","ping_status":"","sticky":false,"template":"","format":"standard","meta":{"footnotes":""},"categories":[2814],"tags":[1111,11,1777,674,1011,27,3059,884,2487,2357,12,4459,882,25],"class_list":{"0":"post-28582","1":"post","2":"type-post","3":"status-publish","4":"format-standard","5":"has-post-thumbnail","7":"category-marseille","8":"tag-actu","9":"tag-actualites","10":"tag-eu","11":"tag-europe","12":"tag-fr","13":"tag-france","14":"tag-intemperies","15":"tag-marseille","16":"tag-meteo","17":"tag-meteo-france","18":"tag-news","19":"tag-pluie","20":"tag-provence-alpes-cote-dazur","21":"tag-republique-francaise"},"share_on_mastodon":{"url":"https:\/\/pubeurope.com\/@fr\/114346163160278483","error":""},"_links":{"self":[{"href":"https:\/\/www.europesays.com\/fr\/wp-json\/wp\/v2\/posts\/28582","targetHints":{"allow":["GET"]}}],"collection":[{"href":"https:\/\/www.europesays.com\/fr\/wp-json\/wp\/v2\/posts"}],"about":[{"href":"https:\/\/www.europesays.com\/fr\/wp-json\/wp\/v2\/types\/post"}],"author":[{"embeddable":true,"href":"https:\/\/www.europesays.com\/fr\/wp-json\/wp\/v2\/users\/2"}],"replies":[{"embeddable":true,"href":"https:\/\/www.europesays.com\/fr\/wp-json\/wp\/v2\/comments?post=28582"}],"version-history":[{"count":0,"href":"https:\/\/www.europesays.com\/fr\/wp-json\/wp\/v2\/posts\/28582\/revisions"}],"wp:featuredmedia":[{"embeddable":true,"href":"https:\/\/www.europesays.com\/fr\/wp-json\/wp\/v2\/media\/28583"}],"wp:attachment":[{"href":"https:\/\/www.europesays.com\/fr\/wp-json\/wp\/v2\/media?parent=28582"}],"wp:term":[{"taxonomy":"category","embeddable":true,"href":"https:\/\/www.europesays.com\/fr\/wp-json\/wp\/v2\/categories?post=28582"},{"taxonomy":"post_tag","embeddable":true,"href":"https:\/\/www.europesays.com\/fr\/wp-json\/wp\/v2\/tags?post=28582"}],"curies":[{"name":"wp","href":"https:\/\/api.w.org\/{rel}","templated":true}]}}