{"id":285822,"date":"2025-07-31T03:51:11","date_gmt":"2025-07-31T03:51:11","guid":{"rendered":"https:\/\/www.europesays.com\/fr\/285822\/"},"modified":"2025-07-31T03:51:11","modified_gmt":"2025-07-31T03:51:11","slug":"meteo-soleil-partout-pour-ce-dernier-jour-de-juillet-a-toulouse-et-en-occitanie","status":"publish","type":"post","link":"https:\/\/www.europesays.com\/fr\/285822\/","title":{"rendered":"M\u00e9t\u00e9o. Soleil partout pour ce dernier jour de juillet \u00e0 Toulouse et en Occitanie"},"content":{"rendered":"<p>            Par<br \/>\n        <strong><br \/>\n            <a href=\"https:\/\/actu.fr\/auteur\/lucie-2\" title=\"Consulter tous les articles de Lucie Fraisse\" rel=\"nofollow noopener\" target=\"_blank\">Lucie Fraisse<\/a><br \/>\n        <\/strong><\/p>\n<p>        Publi\u00e9 le<\/p>\n<p>            31 juil. 2025 \u00e0 5h42        <\/p>\n<p>Le mois de juillet va tirer sa r\u00e9v\u00e9rence et, \u00e0 <a href=\"https:\/\/actu.fr\/toulouse\/\" rel=\"nofollow noopener\" target=\"_blank\">Toulouse<\/a> et en <strong>Occitanie<\/strong>, il va le faire sous un ciel d\u00e9gag\u00e9. Voici les pr\u00e9visions de M\u00e9t\u00e9o France pour ce jeudi 31 juillet 2025.<\/p>\n<p>Soleil sur Toulouse\u00a0<\/p>\n<p class=\" wall-content\">\u00c0 Toulouse, les \u00e9claircies sont pr\u00e9dominantes ce jeudi matin, accompagn\u00e9es d\u2019un petit vent g\u00e9n\u00e9ralement faible.<\/p>\n<p class=\" wall-content\">Pour jeudi apr\u00e8s-midi, grand soleil sur la Ville rose, avec 27 degr\u00e9s attendus vers 14 heures.<\/p>\n<p>En Occitanie, la journ\u00e9e sera belle\u00a0<\/p>\n<p class=\" wall-content\">Ce jeudi, c\u2019est l\u2019ensemble de l\u2019Occitanie qui sera sous le soleil d\u00e8s le matin, avec des temp\u00e9ratures tr\u00e8s agr\u00e9ables allant jusqu\u2019\u00e0 29 degr\u00e9s sur le littoral.<\/p>\n<p>    <img   decoding=\"async\" loading=\"lazy\" src=\"https:\/\/www.europesays.com\/fr\/wp-content\/uploads\/2025\/07\/meteojeudi31-960x640.jpg\" alt=\"Les pr\u00e9visions de M\u00e9t\u00e9o France en Occitanie pour jeudi 31 juillet apr\u00e8s-midi.\" width=\"960\" height=\"640\"\/><br \/>\n    Les pr\u00e9visions de M\u00e9t\u00e9o France en Occitanie pour jeudi 31 juillet apr\u00e8s-midi. (\u00a9m\u00e9t\u00e9o france)<\/p>\n<p class=\" wall-content\">L\u2019apr\u00e8s-midi, le ciel sera d\u00e9gag\u00e9 sur une grande partie de l\u2019Occitanie.<\/p>\n<p class=\" wall-content\">Suivez toute l\u2019actualit\u00e9 de vos villes et m\u00e9dias favoris en vous inscrivant \u00e0 <a href=\"https:\/\/moncompte.actu.fr\" title=\"D\u00e9couvez Mon Actu\" rel=\"nofollow noopener\" data-trk=\"{&quot;cta&quot;:{&quot;action&quot;:&quot;https:\\\/\\\/moncompte.actu.fr&quot;,&quot;category&quot;:&quot;mon compte&quot;,&quot;from&quot;:&quot;article footer&quot;,&quot;name&quot;:&quot;Mon actu&quot;,&quot;type&quot;:&quot;cta&quot;}}\" target=\"_blank\">Mon Actu<\/a>.<\/p>\n","protected":false},"excerpt":{"rendered":"Par Lucie Fraisse Publi\u00e9 le 31 juil. 2025 \u00e0 5h42 Le mois de juillet va tirer sa r\u00e9v\u00e9rence&hellip;\n","protected":false},"author":2,"featured_media":195656,"comment_status":"","ping_status":"","sticky":false,"template":"","format":"standard","meta":{"footnotes":""},"categories":[2816],"tags":[1111,11,1777,674,1011,27,2487,12,2680,25,2312],"class_list":{"0":"post-285822","1":"post","2":"type-post","3":"status-publish","4":"format-standard","5":"has-post-thumbnail","7":"category-toulouse","8":"tag-actu","9":"tag-actualites","10":"tag-eu","11":"tag-europe","12":"tag-fr","13":"tag-france","14":"tag-meteo","15":"tag-news","16":"tag-occitanie","17":"tag-republique-francaise","18":"tag-toulouse"},"share_on_mastodon":{"url":"https:\/\/pubeurope.com\/@fr\/114945817555650821","error":""},"_links":{"self":[{"href":"https:\/\/www.europesays.com\/fr\/wp-json\/wp\/v2\/posts\/285822","targetHints":{"allow":["GET"]}}],"collection":[{"href":"https:\/\/www.europesays.com\/fr\/wp-json\/wp\/v2\/posts"}],"about":[{"href":"https:\/\/www.europesays.com\/fr\/wp-json\/wp\/v2\/types\/post"}],"author":[{"embeddable":true,"href":"https:\/\/www.europesays.com\/fr\/wp-json\/wp\/v2\/users\/2"}],"replies":[{"embeddable":true,"href":"https:\/\/www.europesays.com\/fr\/wp-json\/wp\/v2\/comments?post=285822"}],"version-history":[{"count":0,"href":"https:\/\/www.europesays.com\/fr\/wp-json\/wp\/v2\/posts\/285822\/revisions"}],"wp:featuredmedia":[{"embeddable":true,"href":"https:\/\/www.europesays.com\/fr\/wp-json\/wp\/v2\/media\/195656"}],"wp:attachment":[{"href":"https:\/\/www.europesays.com\/fr\/wp-json\/wp\/v2\/media?parent=285822"}],"wp:term":[{"taxonomy":"category","embeddable":true,"href":"https:\/\/www.europesays.com\/fr\/wp-json\/wp\/v2\/categories?post=285822"},{"taxonomy":"post_tag","embeddable":true,"href":"https:\/\/www.europesays.com\/fr\/wp-json\/wp\/v2\/tags?post=285822"}],"curies":[{"name":"wp","href":"https:\/\/api.w.org\/{rel}","templated":true}]}}