{"id":285828,"date":"2025-07-31T03:55:20","date_gmt":"2025-07-31T03:55:20","guid":{"rendered":"https:\/\/www.europesays.com\/fr\/285828\/"},"modified":"2025-07-31T03:55:20","modified_gmt":"2025-07-31T03:55:20","slug":"sophie-ferjani-marquee-par-les-recents-incendies-non-loin-de-marseille-on-voyait-les-flammes","status":"publish","type":"post","link":"https:\/\/www.europesays.com\/fr\/285828\/","title":{"rendered":"Sophie Ferjani marqu\u00e9e par les r\u00e9cents incendies non loin de Marseille : \u00ab\u00a0On voyait les flammes\u00a0\u00bb"},"content":{"rendered":"<p>                                        <img decoding=\"async\" src=\"https:\/\/www.europesays.com\/fr\/wp-content\/uploads\/2025\/07\/d52fbb9f7793ac2e5adb23b7c96c45e8337137204952c7794a5b92a892c7140b.jpg\" alt=\"GALA VIDEO - Sophie Ferjani\u00a0: ce qu'il faut conna\u00eetre\" class=\"a11y-hidden\"\/><\/p>\n<p class=\"fig-standfirst\">Il y a quelques jours, depuis sa maison familiale de Marseille, Sophie Ferjani a \u00e9t\u00e9 t\u00e9moin des incendies qui ont touch\u00e9 les alentours de la cit\u00e9 phoc\u00e9enne. Des feux mena\u00e7ants sur lesquels l\u2019architecte d\u2019int\u00e9rieur s\u2019est confi\u00e9e aupr\u00e8s de Gala.fr.<\/p>\n<p class=\"fig-paragraph\">Des images saisissantes. Depuis plusieurs semaines, le d\u00e9partement des Bouches-du-Rh\u00f4ne fait face \u00e0 d\u2019importants incendies. Et la ville de Marseille n\u2019est pas \u00e9pargn\u00e9e. Le 17 juillet dernier, depuis sa maison dans la cit\u00e9 phoc\u00e9enne, Sophie Ferjani a partag\u00e9 des photos d\u2019<a href=\"http:\/\/www.gala.fr\/l_actu\/news_de_stars\/sophie-ferjani-prise-dans-le-terrible-incendie-a-marseille-elle-devoile-des-photos-epoustouflantes-20250709\" data-fig-type=\"Article\" data-gtm-custom-categorie=\"navigation\" data-gtm-custom-action=\"crossclick\" data-gtm-custom-label=\"Contextuel\" data-gtm-event=\"customEventSPE\" data-fig-domain=\"GALA\" target=\"_blank\" rel=\"noopener\">un ciel recouvert d\u2019un impressionnant nuage de fum\u00e9e provoqu\u00e9 par les flammes<\/a>, sur son compte Instagram. \u00abEn ce moment m\u00eame, encore un feu. Quelle d\u00e9solation\u00bb, a-t-elle \u00e9crit en l\u00e9gende de cette story. Lors d\u2019une interview accord\u00e9e \u00e0 Gala.fr, \u00e0 d\u00e9couvrir prochainement, Sophie Ferjani a r\u00e9v\u00e9l\u00e9 que ces incendies \u00abn\u2019\u00e9taient vraiment pas loin\u00bb de son domicile familial. \u00abQuand on voit \u00e7a, on a forc\u00e9ment peur\u00bb, a confi\u00e9 l\u2019animatrice de retour dans l\u2019\u00e9mission Ma r\u00e9novation est la plus belle de France, diffus\u00e9e ce lundi 4 ao\u00fbt sur M6.\u00a0<\/p>\n<p>\u00c9tant seulement \u00e0 quelques kilom\u00e8tres du feu,\u00a0<a href=\"https:\/\/www.gala.fr\/l_actu\/news_de_stars\/photo-sophie-ferjani-amoureuse-tendre-baiser-avec-son-mari-baligh-pour-la-saint-valentin_513351\" data-fig-type=\"Article\" data-gtm-custom-categorie=\"navigation\" data-gtm-custom-action=\"crossclick\" data-gtm-custom-label=\"Contextuel\" data-gtm-event=\"customEventSPE\" data-fig-domain=\"GALA\" target=\"_blank\" rel=\"noopener\">l\u2019\u00e9pouse de Bagli<\/a>\u00a0a \u00e9t\u00e9 t\u00e9moin d\u2019un spectacle \u00e9difiant. \u00abOn voyait les flammes et la police \u00e9vacuait les habitants de certaines maisons par la fen\u00eatre\u00bb, a-t-elle racont\u00e9. Au cours de cet entretien, l\u2019<a href=\"https:\/\/www.gala.fr\/l_actu\/news_de_stars\/qui_est_sophie_ferjani_la_decoratrice_de_d_co_et_maison_a_vendre_387880\" data-fig-type=\"Article\" data-gtm-custom-categorie=\"navigation\" data-gtm-custom-action=\"crossclick\" data-gtm-custom-label=\"Contextuel\" data-gtm-event=\"customEventSPE\" data-fig-domain=\"GALA\" target=\"_blank\" rel=\"noopener\">ex pr\u00e9sentatrice de D&amp;CO<\/a>\u00a0a tenu \u00e0 saluer le courage des marins-pompiers de Marseille. \u00abFranchement, je suis en admiration deux eux\u00bb, a-t-elle assur\u00e9. Et d\u2019ajouter\u00a0: \u00abIls sont all\u00e9s au milieu des flammes pour \u00e9teindre le feu. Ils risquent leur vie au quotidien.\u00bb Malgr\u00e9 ses inqui\u00e9tudes, Sophie Ferjani se sent \u00aben s\u00e9curit\u00e9\u00bb gr\u00e2ce \u00e0 eux.<\/p>\n<p>Sophie Ferjani\u00a0: zoom sur sa maison \u00abcolor\u00e9e et authentique\u00bb sur les hauteurs de Marseille<\/p>\n<p class=\"fig-paragraph\">Depuis de nombreuses ann\u00e9es, Sophie Ferjani a pos\u00e9 ses valises \u00e0 Marseille. Lorsqu\u2019elle cherchait un nid douillet pour<a href=\"https:\/\/www.gala.fr\/l_actu\/news_de_stars\/sophie-ferjani-lamusante-reaction-de-ses-fils-quand-ils-la-voient-a-la-television_533323\" data-fig-type=\"Article\" data-gtm-custom-categorie=\"navigation\" data-gtm-custom-action=\"crossclick\" data-gtm-custom-label=\"Contextuel\" data-gtm-event=\"customEventSPE\" data-fig-domain=\"GALA\" target=\"_blank\" rel=\"noopener\">\u00a0sa famille<\/a>, elle a eu un coup de c\u0153ur pour une maison situ\u00e9e sur les hauteurs de la cit\u00e9 phoc\u00e9enne. F\u00e9e de la r\u00e9novation, elle n\u2019a pas h\u00e9sit\u00e9 \u00e0 retrousser ses manches pour transformer cette demeure en un v\u00e9ritable havre de paix. \u00abC\u2019est une vieille b\u00e2tisse de 1900 que j\u2019ai enti\u00e8rement retap\u00e9e. Elle est tr\u00e8s color\u00e9e, authentique et respect\u00e9e\u00bb, a-t-elle confi\u00e9 lors de cet entretien. M\u00eame si elle a apport\u00e9 sa touche personnelle, l\u2019architecte d\u2019int\u00e9rieur a souhait\u00e9 conserver \u00abl\u2019\u00e2me de la maison\u00bb. \u00abEn architecture, je trouve qu\u2019il est important de respecter la b\u00e2tisse. Il ne faut pas arriver avec ses gros sabots et tout changer\u00bb, a-t-elle expliqu\u00e9. Et d\u2019ajouter\u00a0: \u00abJe l\u2019ai r\u00e9nov\u00e9e en y ajoutant des couleurs que l\u2019on pouvait retrouver par le pass\u00e9. Je n\u2019ai pas touch\u00e9 au sol. Il y a donc des carrelages tr\u00e8s ab\u00eem\u00e9s mais \u00e7a fait la beaut\u00e9 du lieu.\u00bb<\/p>\n<p>Niveau d\u00e9coration, Sophie Ferjani a mis\u00e9 sur l\u2019authenticit\u00e9. Loin d\u2019\u00eatre une adepte de \u00abl\u2019effet de mode\u00bb, l\u2019animatrice est plut\u00f4t une adepte de mobiliers teint\u00e9s d\u2019histoire. \u00abJe vais plus \u00eatre sensible \u00e0 une vieille pi\u00e8ce design des ann\u00e9es 1950 ou un mobilier en rotin trouv\u00e9 dans une brocante\u00bb, a-t-elle indiqu\u00e9. D\u00e8s lors, chaque objet pr\u00e9sent dans sa demeure \u00abraconte quelque chose ou \u00e9voque un souvenir\u00bb. \u00abJe peux avoir une collection de carafes ayant appartenu \u00e0 ma grand-m\u00e8re ou une Dame-Jeanne de mon grand-p\u00e8re\u00bb, a-t-elle \u00e9num\u00e9r\u00e9. Un endroit chaleureux et riche en souvenirs qu\u2019elle n\u2019\u00e9changerait pour rien au monde.<\/p>\n","protected":false},"excerpt":{"rendered":"Il y a quelques jours, depuis sa maison familiale de Marseille, Sophie Ferjani a \u00e9t\u00e9 t\u00e9moin des incendies&hellip;\n","protected":false},"author":2,"featured_media":285829,"comment_status":"","ping_status":"","sticky":false,"template":"","format":"standard","meta":{"footnotes":""},"categories":[2814],"tags":[1111,11,38906,9260,1777,674,1011,27,1310,884,12,882,25,39707],"class_list":{"0":"post-285828","1":"post","2":"type-post","3":"status-publish","4":"format-standard","5":"has-post-thumbnail","7":"category-marseille","8":"tag-actu","9":"tag-actualites","10":"tag-animatrice","11":"tag-confidences","12":"tag-eu","13":"tag-europe","14":"tag-fr","15":"tag-france","16":"tag-incendie","17":"tag-marseille","18":"tag-news","19":"tag-provence-alpes-cote-dazur","20":"tag-republique-francaise","21":"tag-sophie-ferjani"},"share_on_mastodon":{"url":"https:\/\/pubeurope.com\/@fr\/114945833311501655","error":""},"_links":{"self":[{"href":"https:\/\/www.europesays.com\/fr\/wp-json\/wp\/v2\/posts\/285828","targetHints":{"allow":["GET"]}}],"collection":[{"href":"https:\/\/www.europesays.com\/fr\/wp-json\/wp\/v2\/posts"}],"about":[{"href":"https:\/\/www.europesays.com\/fr\/wp-json\/wp\/v2\/types\/post"}],"author":[{"embeddable":true,"href":"https:\/\/www.europesays.com\/fr\/wp-json\/wp\/v2\/users\/2"}],"replies":[{"embeddable":true,"href":"https:\/\/www.europesays.com\/fr\/wp-json\/wp\/v2\/comments?post=285828"}],"version-history":[{"count":0,"href":"https:\/\/www.europesays.com\/fr\/wp-json\/wp\/v2\/posts\/285828\/revisions"}],"wp:featuredmedia":[{"embeddable":true,"href":"https:\/\/www.europesays.com\/fr\/wp-json\/wp\/v2\/media\/285829"}],"wp:attachment":[{"href":"https:\/\/www.europesays.com\/fr\/wp-json\/wp\/v2\/media?parent=285828"}],"wp:term":[{"taxonomy":"category","embeddable":true,"href":"https:\/\/www.europesays.com\/fr\/wp-json\/wp\/v2\/categories?post=285828"},{"taxonomy":"post_tag","embeddable":true,"href":"https:\/\/www.europesays.com\/fr\/wp-json\/wp\/v2\/tags?post=285828"}],"curies":[{"name":"wp","href":"https:\/\/api.w.org\/{rel}","templated":true}]}}