{"id":285830,"date":"2025-07-31T03:56:14","date_gmt":"2025-07-31T03:56:14","guid":{"rendered":"https:\/\/www.europesays.com\/fr\/285830\/"},"modified":"2025-07-31T03:56:14","modified_gmt":"2025-07-31T03:56:14","slug":"le-coup-de-gueule-dune-lyonnaise-apres-un-nouveau-vol-dans-son-magasin","status":"publish","type":"post","link":"https:\/\/www.europesays.com\/fr\/285830\/","title":{"rendered":"le coup de gueule d\u2019une Lyonnaise apr\u00e8s un nouveau vol dans son magasin"},"content":{"rendered":"<p itemprop=\"description\"><strong>C\u00e9lia Reubrecht a tenu \u00e0 s\u2019exprimer sur la sc\u00e8ne v\u00e9cue par ses \u00e9quipes.<\/strong><\/p>\n<p>Les faits remontent au 19 juillet dernier au sein du concept store La Maison Craie Craie dont <strong>C\u00e9lia Reubrecht<\/strong> est la fondatrice. La boutique est situ\u00e9e rue Auguste Comte dans le 2e arrondissement de Lyon.<\/p>\n<p>La cr\u00e9atrice du studio d\u2019architecture Craie Craie n\u2019est pas pr\u00e9sente dans son magasin mais ses \u00e9quipes vont faire face ce jour-l\u00e0 \u00e0 un vol. Trois personnes, deux femmes et un homme, entrent dans la boutique. La vendeuse rep\u00e8re alors sur les cam\u00e9ras de vid\u00e9osurveillance le vol d\u2019un sac commis par l\u2019individu. Alors qu\u2019il tente de partir, elle lui demande de rendre le produit. L\u2019homme nie les faits avant de jeter le sac vol\u00e9 aux pieds de la vendeuse. Le ton monte. Les insultes, pour certaines homophobes, fusent. \u00ab\u00a0Wesh sale lesbienne de mes couilles !\u00a0\u00bb L\u2019agression verbale est suivie d\u2019une tentative d\u2019intimidation \u00ab\u00a0t\u00eate contre t\u00eate\u00a0\u00bb. La vendeuse menace d\u2019appeler la police, les individus s\u2019en vont.<\/p>\n<p>Cette sc\u00e8ne a \u00e9t\u00e9 diffus\u00e9e ce mercredi sur les comptes Instagram de C\u00e9lia Reubrecht et de La Maison Craie Craie. \u00ab\u00a0C\u2019est loin de me (nous) faire rire comme situation, c\u2019est m\u00eame outrageant ! mais vaut mieux en rire qu\u2019en pleurer, ou en tout cas tourner ce groupe de d\u00e9linquants en d\u00e9rision\u2026 C\u2019est la premi\u00e8re fois qu\u2019on se retrouve confront\u00e9es \u00e0 des personnes aussi violentes, mais malheureusement pas aux vols qui sont de plus en plus fr\u00e9quents\u2026\u00a0\u00bb, peut-on lire sur le post. \u00ab\u00a0Franchement ARRETEZ DE VOLER des petits commer\u00e7ants (et m\u00eame tout court mais \u00e0 choisir\u2026), vous n\u2019avez aucune id\u00e9e des charges financi\u00e8res (et autres) qui p\u00e8sent sur mes \u00e9paules, ce genre d\u2019actions c\u2019est juste nous enterrer petit \u00e0 petit\u2026 Mon business, notre motivation, notre patience, mon envie de continuer\u00a0\u00bb, est-il \u00e9galement \u00e9crit.<\/p>\n<p>Contact\u00e9e par la r\u00e9daction de Lyon Femmes, C\u00e9lia Reubrecht a tenu \u00e0 mettre les choses au clair concernant la diffusion de cette vid\u00e9o o\u00f9 les visages des individus sont clairement affich\u00e9s. \u00ab\u00a0Je sais que je n\u2019ai pas le droit de communiquer sur les r\u00e9seaux pour montrer le visage des gens. Je trouve \u00e7a d\u2019ailleurs aberrant. La honte pour ces personnes-l\u00e0. Qu\u2019ils viennent porter plainte contre moi parce que j\u2019ai montr\u00e9 leur visage. Je n\u2019attends que leurs noms pour \u00e0 l\u2019inverse aller porter plainte contre eux\u00a0\u00bb, assure l\u2019architecte d\u2019int\u00e9rieur. \u00ab\u00a0Je ne suis pas en train de me faire justice, je communique juste pour d\u2019autres commer\u00e7ants et qu\u2019ils passent en mode vigilance. Ce n\u2019est pas possible de travailler dans ces conditions-l\u00e0. Je reste une toute petite entrepreneure. On vient se faire agresser alors qu\u2019on n\u2019a rien demand\u00e9\u00a0\u00bb, se d\u00e9fend la jeune femme ayant re\u00e7u de nombreux messages de soutien apr\u00e8s la diffusion de la vid\u00e9o qui comptabilise ce mercredi apr\u00e8s-midi plus de 60 000 vues. \u00ab\u00a0\u00c7a contextualise la situation des commer\u00e7ants de notre \u00e9poque avec en plus une conjoncture \u00e9conomique qui n\u2019est pas \u00e9vidente\u00a0\u00bb, insiste C\u00e9lia Reubrecht qui va porter plainte apr\u00e8s cette tentative de vol. \u00ab\u00a0Au moins tous les mois, il y a des vols\u2026\u00a0\u00bb, d\u00e9plore la commer\u00e7ante.<\/p>\n<blockquote class=\"instagram-media\" style=\"background: #FFF; border: 0; border-radius: 3px; box-shadow: 0 0 1px 0 rgba(0,0,0,0.5),0 1px 10px 0 rgba(0,0,0,0.15); margin: 1px; max-width: 540px; min-width: 326px; padding: 0; width: calc(100% - 2px);\" data-instgrm-captioned=\"\" data-instgrm-permalink=\"https:\/\/www.instagram.com\/reel\/DMuVq3ds644\/?utm_source=ig_embed&amp;utm_campaign=loading\" data-instgrm-version=\"14\"><p>&#13;<br \/>\n&#13;\n<\/p><\/blockquote>\n<p>\t\t  <script async src=\"\/\/www.instagram.com\/embed.js\"><\/script><\/p>\n","protected":false},"excerpt":{"rendered":"C\u00e9lia Reubrecht a tenu \u00e0 s\u2019exprimer sur la sc\u00e8ne v\u00e9cue par ses \u00e9quipes. Les faits remontent au 19&hellip;\n","protected":false},"author":2,"featured_media":285831,"comment_status":"","ping_status":"","sticky":false,"template":"","format":"standard","meta":{"footnotes":""},"categories":[1889],"tags":[1111,11,2813,2190,2430,1109,251,1112,2811,1777,674,118,1294,4651,1011,27,1922,1110,1114,2428,4903,4902,12,241,316,25,2812,517,800],"class_list":{"0":"post-285830","1":"post","2":"type-post","3":"status-publish","4":"format-standard","5":"has-post-thumbnail","7":"category-lyon","8":"tag-actu","9":"tag-actualites","10":"tag-article","11":"tag-asvel","12":"tag-auvergne-rhone-alpes","13":"tag-breves","14":"tag-culture","15":"tag-depeches","16":"tag-economique","17":"tag-eu","18":"tag-europe","19":"tag-faits-divers","20":"tag-femme","21":"tag-femmes","22":"tag-fr","23":"tag-france","24":"tag-info","25":"tag-informations","26":"tag-infos","27":"tag-lyon","28":"tag-lyonfemme","29":"tag-lyonfemmes","30":"tag-news","31":"tag-ol","32":"tag-politique","33":"tag-republique-francaise","34":"tag-sociale","35":"tag-sport","36":"tag-transports"},"share_on_mastodon":{"url":"https:\/\/pubeurope.com\/@fr\/114945837245434038","error":""},"_links":{"self":[{"href":"https:\/\/www.europesays.com\/fr\/wp-json\/wp\/v2\/posts\/285830","targetHints":{"allow":["GET"]}}],"collection":[{"href":"https:\/\/www.europesays.com\/fr\/wp-json\/wp\/v2\/posts"}],"about":[{"href":"https:\/\/www.europesays.com\/fr\/wp-json\/wp\/v2\/types\/post"}],"author":[{"embeddable":true,"href":"https:\/\/www.europesays.com\/fr\/wp-json\/wp\/v2\/users\/2"}],"replies":[{"embeddable":true,"href":"https:\/\/www.europesays.com\/fr\/wp-json\/wp\/v2\/comments?post=285830"}],"version-history":[{"count":0,"href":"https:\/\/www.europesays.com\/fr\/wp-json\/wp\/v2\/posts\/285830\/revisions"}],"wp:featuredmedia":[{"embeddable":true,"href":"https:\/\/www.europesays.com\/fr\/wp-json\/wp\/v2\/media\/285831"}],"wp:attachment":[{"href":"https:\/\/www.europesays.com\/fr\/wp-json\/wp\/v2\/media?parent=285830"}],"wp:term":[{"taxonomy":"category","embeddable":true,"href":"https:\/\/www.europesays.com\/fr\/wp-json\/wp\/v2\/categories?post=285830"},{"taxonomy":"post_tag","embeddable":true,"href":"https:\/\/www.europesays.com\/fr\/wp-json\/wp\/v2\/tags?post=285830"}],"curies":[{"name":"wp","href":"https:\/\/api.w.org\/{rel}","templated":true}]}}