{"id":285834,"date":"2025-07-31T04:00:27","date_gmt":"2025-07-31T04:00:27","guid":{"rendered":"https:\/\/www.europesays.com\/fr\/285834\/"},"modified":"2025-07-31T04:00:27","modified_gmt":"2025-07-31T04:00:27","slug":"tout-savoir-sur-le-nouveau-complexe-aquatique-attendu-a-creteil","status":"publish","type":"post","link":"https:\/\/www.europesays.com\/fr\/285834\/","title":{"rendered":"tout savoir sur le nouveau complexe aquatique attendu \u00e0 Cr\u00e9teil"},"content":{"rendered":"<p>            Par<br \/>\n        <strong><br \/>\n            <a href=\"https:\/\/actu.fr\/auteur\/marie-amelie-marchal\" title=\"Consulter tous les articles de Marie Amelie Marchal\" rel=\"nofollow noopener\" target=\"_blank\">Marie Amelie Marchal<\/a><br \/>\n        <\/strong><\/p>\n<p>        Publi\u00e9 le<\/p>\n<p>            25 juil. 2025 \u00e0 7h14        <\/p>\n<p>La nouvelle est rafra\u00eechissante\u2009: <a href=\"https:\/\/actu.fr\/ile-de-france\/creteil_94028\" rel=\"nofollow noopener\" target=\"_blank\">Cr\u00e9teil<\/a> (Val-de-Marne) va se doter d\u2019un<strong> nouveau centre aquatique<\/strong>. Le projet, port\u00e9 par l\u2019\u00e9tablissement public Grand Paris Sud Est Avenir et la commune, devrait sortir de terre \u00e0 l\u2019horizon 2028. Bassin sportif pouvant accueillir des <strong>comp\u00e9titions de haut niveau<\/strong>, bassin ludique pour les <strong>enfants<\/strong> ou encore complexe sportif pour les adeptes du judo, du <a href=\"https:\/\/actu.fr\/ile-de-france\/paris_75056\/un-lieu-convivial-a-paris-cet-etablissement-propose-de-jouer-au-ping-pong-dans-un-cadre-unique_61522359.html\" rel=\"nofollow noopener\" target=\"_blank\">tennis de table<\/a> ou de la musculation\u2026 Voici \u00e0 quoi devrait ressembler le futur \u00e9quipement.<\/p>\n<p>Des bassins pour tous les \u00e2ges<\/p>\n<p class=\" wall-content\">Les travaux devraient d\u00e9buter en 2027. Dans le quartier de la Br\u00e8che, le centre aquatique de <strong>7\u2009300 m\u00b2<\/strong> remplacera le vieillissant gymnase Andr\u00e9 Dassibat. Il comprendra un bassin sportif de 50\u00a0m de long entour\u00e9 de gradins de 700 places, d\u2019un deuxi\u00e8me bassin de 250 m\u00b2 pour des activit\u00e9s comme l\u2019aquagym ou l\u2019aquabiking et un bassin ludique qui s\u2019ouvrira sur un solarium. Une pataugeoire de 90 m\u00b2 permettra d\u2019accueillir les plus petits.<\/p>\n<p class=\" wall-content\">Outre les activit\u00e9s aquatiques, un espace \u00ab\u2009bien \u00eatre\u2009\u00bb avec sauna et un centre sportif compl\u00e9tera l\u2019offre. La partie sportive d\u2019environ 1\u2009500 m\u00b2 restituera les espaces d\u00e9molis du centre\u2009: une salle d\u00e9di\u00e9e au tennis de table de 1\u2009000 m\u00b2, au judo de 220 m\u00b2 et \u00e0 la musculation de 110 m\u00b2.\u00a0<\/p>\n<p class=\" wall-content\">Pour coller aux normes de sobri\u00e9t\u00e9 \u00e9nerg\u00e9tique, des panneaux photovolta\u00efques seront install\u00e9s sur le toit ainsi qu\u2019un syst\u00e8me de r\u00e9cup\u00e9ration et de r\u00e9utilisations des eaux de fuite. Ainsi, le GPSEA pr\u00e9voit une <strong>consommation inf\u00e9rieure \u00e0 80\u00a0L par baigneur<\/strong> contre 150 \u00e0 200\u00a0L pour les piscines actuelles.<\/p>\n<p>Val-de-Marne, parmi les d\u00e9partements les moins bien dot\u00e9s en piscines<\/p>\n<p class=\" wall-content\">Le montant des travaux est estim\u00e9 \u00e0 <strong>29,3\u00a0millions d\u2019euros hors taxes<\/strong>. Un investissement cons\u00e9quent qui a suscit\u00e9 l\u2019inqui\u00e9tude d\u2019une partie des maires lors du conseil de territoire en octobre\u00a02024. En cause, les coups de rabot pour les <a href=\"https:\/\/actu.fr\/economie\/hausse-d-impots-retraites-aides-quelles-seraient-les-consequences-d-une-annee-blanche-pour-les-francais_62735608.html\" rel=\"nofollow noopener\" target=\"_blank\">dotations de l\u2019\u00c9tat aux collectivit\u00e9s<\/a>.<\/p>\n<p class=\" wall-content\">Le projet s\u2019inscrira dans le \u00ab\u2009plan piscines\u2009\u00bb dot\u00e9 de 70 millions d\u2019euros, rappelle GPSEA. Ce programme s\u2019articule autour de deux objectifs\u2009: le d\u00e9veloppement du savoir nager et la sobri\u00e9t\u00e9 \u00e9nerg\u00e9tique. Par ailleurs, ce nouveau centre aquatique devrait signer la fermeture de la piscine Sainte-Catherine, qui n\u2019est plus aux normes de sobri\u00e9t\u00e9 \u00e9nerg\u00e9tique.<\/p>\n<p class=\" wall-content\">\n<p class=\" wall-content\">Le Val-de-Marne se situe parmi les trois d\u00e9partements franciliens les<strong> moins bien dot\u00e9s en piscines<\/strong>. Selon <a href=\"https:\/\/amif.asso.fr\/wp-content\/uploads\/2021\/11\/Etat_piscineIDF_irds_intervention_amif.pdf\" rel=\"nofollow noopener\" target=\"_blank\">un rapport<\/a> de l\u2019Institut Paris R\u00e9gion publi\u00e9 en 2021, il compte 13\u00a0m3 de bassin pour 1\u2009000\u00a0habitants (7,6\u00a0m3 pour Paris et 10,8\u00a0m3 pour la Seine-Saint-Denis).<\/p>\n<p class=\" wall-content\">Suivez toute l\u2019actualit\u00e9 de vos villes et m\u00e9dias favoris en vous inscrivant \u00e0 <a href=\"https:\/\/moncompte.actu.fr\" title=\"D\u00e9couvez Mon Actu\" rel=\"nofollow noopener\" data-trk=\"{&quot;cta&quot;:{&quot;action&quot;:&quot;https:\\\/\\\/moncompte.actu.fr&quot;,&quot;category&quot;:&quot;mon compte&quot;,&quot;from&quot;:&quot;article footer&quot;,&quot;name&quot;:&quot;Mon actu&quot;,&quot;type&quot;:&quot;cta&quot;}}\" target=\"_blank\">Mon Actu<\/a>.<\/p>\n","protected":false},"excerpt":{"rendered":"Par Marie Amelie Marchal Publi\u00e9 le 25 juil. 2025 \u00e0 7h14 La nouvelle est rafra\u00eechissante\u2009: Cr\u00e9teil (Val-de-Marne) va&hellip;\n","protected":false},"author":2,"featured_media":285835,"comment_status":"","ping_status":"","sticky":false,"template":"","format":"standard","meta":{"footnotes":""},"categories":[1888],"tags":[1111,1928,11,1927,1777,674,1011,27,12,1926,626,1925,25,104,517,15637],"class_list":{"0":"post-285834","1":"post","2":"type-post","3":"status-publish","4":"format-standard","5":"has-post-thumbnail","7":"category-paris","8":"tag-actu","9":"tag-actu-paris","10":"tag-actualites","11":"tag-actualites-paris","12":"tag-eu","13":"tag-europe","14":"tag-fr","15":"tag-france","16":"tag-news","17":"tag-news-paris","18":"tag-paris","19":"tag-paris-news","20":"tag-republique-francaise","21":"tag-societe","22":"tag-sport","23":"tag-vague-de-chaleur"},"share_on_mastodon":{"url":"https:\/\/pubeurope.com\/@fr\/114945853148113680","error":""},"_links":{"self":[{"href":"https:\/\/www.europesays.com\/fr\/wp-json\/wp\/v2\/posts\/285834","targetHints":{"allow":["GET"]}}],"collection":[{"href":"https:\/\/www.europesays.com\/fr\/wp-json\/wp\/v2\/posts"}],"about":[{"href":"https:\/\/www.europesays.com\/fr\/wp-json\/wp\/v2\/types\/post"}],"author":[{"embeddable":true,"href":"https:\/\/www.europesays.com\/fr\/wp-json\/wp\/v2\/users\/2"}],"replies":[{"embeddable":true,"href":"https:\/\/www.europesays.com\/fr\/wp-json\/wp\/v2\/comments?post=285834"}],"version-history":[{"count":0,"href":"https:\/\/www.europesays.com\/fr\/wp-json\/wp\/v2\/posts\/285834\/revisions"}],"wp:featuredmedia":[{"embeddable":true,"href":"https:\/\/www.europesays.com\/fr\/wp-json\/wp\/v2\/media\/285835"}],"wp:attachment":[{"href":"https:\/\/www.europesays.com\/fr\/wp-json\/wp\/v2\/media?parent=285834"}],"wp:term":[{"taxonomy":"category","embeddable":true,"href":"https:\/\/www.europesays.com\/fr\/wp-json\/wp\/v2\/categories?post=285834"},{"taxonomy":"post_tag","embeddable":true,"href":"https:\/\/www.europesays.com\/fr\/wp-json\/wp\/v2\/tags?post=285834"}],"curies":[{"name":"wp","href":"https:\/\/api.w.org\/{rel}","templated":true}]}}