{"id":285836,"date":"2025-07-31T04:01:28","date_gmt":"2025-07-31T04:01:28","guid":{"rendered":"https:\/\/www.europesays.com\/fr\/285836\/"},"modified":"2025-07-31T04:01:28","modified_gmt":"2025-07-31T04:01:28","slug":"rexel-essilorluxottica-stellantis-les-valeurs-a-suivre-aujourdhui-a-paris-29-07-2025-a-0917","status":"publish","type":"post","link":"https:\/\/www.europesays.com\/fr\/285836\/","title":{"rendered":"Rexel, EssilorLuxottica, Stellantis&#8230; les valeurs \u00e0 suivre aujourd&rsquo;hui \u00e0 Paris &#8211; 29\/07\/2025 \u00e0 09:17"},"content":{"rendered":"<p>\n (AOF) &#8211;<br \/>\n <strong><br \/>\n  <a href=\"https:\/\/www.boursorama.com\/cours\/1rPAI\/\" rel=\"nofollow noopener\" target=\"_blank\"><br \/>\n   Air Liquide<br \/>\n  <\/a><br \/>\n <\/strong>\n<\/p>\n<p>\n Dans un environnement incertain, Air Liquide a vu ses r\u00e9sultats progresser au premier semestre. Son chiffre d&rsquo;affaires a augment\u00e9 de 2,6 %, \u00e0 13,722 milliards d&rsquo;euros, tandis que le r\u00e9sultat op\u00e9rationnel courant a connu une croissance de 5,2 %, \u00e0 2,737 milliards d&rsquo;euros. La marge op\u00e9rationnelle du groupe s&rsquo;est \u00e9lev\u00e9e \u00e0 19,9 %, en hausse de 50 points de base. Enfin, le r\u00e9sultat net r\u00e9current part du groupe a progress\u00e9 de 9,6 %, \u00e0 1,842 milliard d&rsquo;euros.\n<\/p>\n<p>\n <strong><br \/>\n  <a href=\"https:\/\/www.boursorama.com\/cours\/1rPAMUN\/\" rel=\"nofollow noopener\" target=\"_blank\"><br \/>\n   Amundi<br \/>\n  <\/a><br \/>\n <\/strong>\n<\/p>\n<p>\n La soci\u00e9t\u00e9 de gestion d\u00e9voilera ses r\u00e9sultats du premier semestre.\n<\/p>\n<p>\n <strong><br \/>\n  Bollor\u00e9 SE\/<br \/>\n  <a href=\"https:\/\/www.boursorama.com\/cours\/1rPVIV\/\" rel=\"nofollow noopener\" target=\"_blank\"><br \/>\n   Vivendi<br \/>\n  <\/a><br \/>\n <\/strong>\n<\/p>\n<p>\n Bollor\u00e9 SE a annonc\u00e9 sa d\u00e9cision de former un recours devant la cour d&rsquo;appel de Paris tendant \u00e0 l&rsquo;annulation de la d\u00e9cision de l&rsquo;Autorit\u00e9 des march\u00e9s financiers du 18 juillet 2025 imposant le d\u00e9p\u00f4t, sous six mois, d&rsquo;une offre publique de retrait sur les titres de la soci\u00e9t\u00e9 Vivendi. \u00a0\u00bb Cette d\u00e9cision de l&rsquo;AMF est prise en vertu d&rsquo;un arr\u00eat de la Cour d&rsquo;appel de Paris du 22 avril 2025 contre lequel Bollor\u00e9 SE et Vivendi SE ont form\u00e9 des pourvois devant la Cour de cassation, dont l&rsquo;audience a \u00e9t\u00e9 fix\u00e9e au 25 novembre 2025 \u00a0\u00bb rappelle la holding.\n<\/p>\n<p>\n <strong><br \/>\n  <a href=\"https:\/\/www.boursorama.com\/cours\/1rEPALCAR\/\" rel=\"nofollow noopener\" target=\"_blank\"><br \/>\n   Carmat<br \/>\n  <\/a><br \/>\n <\/strong>\n<\/p>\n<p>\n Carmat a obtenu le marquage CE au titre du r\u00e8glement relatif aux dispositifs m\u00e9dicaux, qui remplace une ancienne directive. Ce marquage couvre l&rsquo;indication de pont \u00e0 la transplantation et concerne le c\u0153ur artificiel Aeson en tant que dispositif implantable actif. La soci\u00e9t\u00e9 Carmat est sous proc\u00e9dure de redressement judiciaire depuis le 1er juillet. Elle a depuis lanc\u00e9 un appel d&rsquo;offres pour rechercher d&rsquo;\u00e9ventuels repreneurs ou investisseurs.\n<\/p>\n<p>\n <strong><br \/>\n  <a href=\"https:\/\/www.boursorama.com\/cours\/1rPCLARI\/\" rel=\"nofollow noopener\" target=\"_blank\"><br \/>\n   Clariane<br \/>\n  <\/a><br \/>\n <\/strong>\n<\/p>\n<p>\n L&rsquo;ex-Korian pr\u00e9cisera ses r\u00e9sultats du premier semestre.\n<\/p>\n<p>\n <strong><br \/>\n  Compagnie des Alpes<br \/>\n <\/strong>\n<\/p>\n<p>\n Le groupe de loisirs annoncera son chiffre d&rsquo;affaires du troisi\u00e8me trimestre.\n<\/p>\n<p>\n <strong><br \/>\n  <a href=\"https:\/\/www.boursorama.com\/cours\/1rPEL\/\" rel=\"nofollow noopener\" target=\"_blank\"><br \/>\n   EssilorLuxottica<br \/>\n  <\/a><br \/>\n <\/strong>\n<\/p>\n<p>\n Au premier semestre, le chiffre d&rsquo;affaires d&rsquo;EssilorLuxottica a augment\u00e9 de 7,3%, \u00e0 taux de change constants, \u00e0 14,02 milliards d&rsquo;euros. Concernant les marges op\u00e9rationnelles sur cette p\u00e9riode, le groupe a r\u00e9ussi \u00e0 confirmer le niveau de l&rsquo;ann\u00e9e derni\u00e8re, avec un r\u00e9sultat op\u00e9rationnel ajust\u00e9 \u00e0 18,3% du chiffre d&rsquo;affaires, \u00e0 taux de change constants, malgr\u00e9 les vents contraires li\u00e9s aux nouveaux droits de douane aux \u00c9tats-Unis. Il est en progression de 7,1% \u00e0 taux de change constants \u00e0 2,53 milliards d&rsquo;euros.\n<\/p>\n<p>\n <strong><br \/>\n  Euroapi<br \/>\n <\/strong>\n<\/p>\n<p>\n Le sp\u00e9cialiste des principes actifs signalera ses r\u00e9sultats du premier semestre.\n<\/p>\n<p>\n <strong><br \/>\n  <a href=\"https:\/\/www.boursorama.com\/cours\/1rPGTT\/\" rel=\"nofollow noopener\" target=\"_blank\"><br \/>\n   GTT<br \/>\n  <\/a><br \/>\n <\/strong>\n<\/p>\n<p>\n L&rsquo;expert technologique des syst\u00e8mes de confinement \u00e0 membranes d\u00e9di\u00e9s au transport et au stockage des gaz liqu\u00e9fi\u00e9s communiquera ses r\u00e9sultats du premier semestre.\n<\/p>\n<p>\n <strong><br \/>\n  <a href=\"https:\/\/www.boursorama.com\/cours\/1rPNK\/\" rel=\"nofollow noopener\" target=\"_blank\"><br \/>\n   Imerys<br \/>\n  <\/a><br \/>\n <\/strong>\n<\/p>\n<p>\n Le groupe d\u00e9di\u00e9 aux sp\u00e9cialit\u00e9s min\u00e9rales pour l&rsquo;industrie publiera ses r\u00e9sultats du premier semestre.\n<\/p>\n<p>\n <strong><br \/>\n  <a href=\"https:\/\/www.boursorama.com\/cours\/1rPDEC\/\" rel=\"nofollow noopener\" target=\"_blank\"><br \/>\n   JCDecaux<br \/>\n  <\/a><br \/>\n <\/strong>\n<\/p>\n<p>\n JCDecaux a remport\u00e9 un appel d&rsquo;offres pour la concession publicitaire exclusive de l&rsquo;a\u00e9roport de Bruxelles. Le num\u00e9ro un mondial de la communication ext\u00e9rieure sera charg\u00e9, \u00e0 partir du 1er janvier 2026, de l&rsquo;installation, la gestion et la commercialisation des dispositifs publicitaires \u00e0 l&rsquo;int\u00e9rieur, \u00e0 l&rsquo;ext\u00e9rieur ainsi qu&rsquo;aux abords de l&rsquo;a\u00e9roport. La soci\u00e9t\u00e9 fran\u00e7aise a rappel\u00e9 qu&rsquo;elle \u00e9tait partenaire de l&rsquo;a\u00e9roport de la capitale belge depuis 18 ans.\n<\/p>\n<p>\n <strong><br \/>\n  <a href=\"https:\/\/www.boursorama.com\/cours\/1rPKER\/\" rel=\"nofollow noopener\" target=\"_blank\"><br \/>\n   Kering<br \/>\n  <\/a><br \/>\n <\/strong>\n<\/p>\n<p>\n Le g\u00e9ant du luxe livrera ses r\u00e9sultats du premier semestre.\n<\/p>\n<p>\n <strong><br \/>\n  <a href=\"https:\/\/www.boursorama.com\/cours\/1rPOR\/\" rel=\"nofollow noopener\" target=\"_blank\"><br \/>\n   L&rsquo;Or\u00e9al<br \/>\n  <\/a><br \/>\n <\/strong>\n<\/p>\n<p>\n Le sp\u00e9cialiste des cosm\u00e9tiques diffusera ses r\u00e9sultats du premier semestre.\n<\/p>\n<p>\n <strong><br \/>\n  Lumibird<br \/>\n <\/strong>\n<\/p>\n<p>\n Lumibird a enregistr\u00e9 un chiffre d&rsquo;affaires consolid\u00e9 de 106,8 millions d&rsquo;euros pour le premier semestre 2025, en hausse de 9%. Cette croissance est tir\u00e9e par une progression de 8,6% dans la division Photonique et de 9,4% dans la division M\u00e9dical. La croissance organique du groupe est pass\u00e9e de 11,7% au premier trimestre, \u00e0 6,9% au deuxi\u00e8me trimestre. Le groupe pr\u00e9cise que sur cette p\u00e9riode, la division M\u00e9dical poursuit sa trajectoire de croissance.\n<\/p>\n<p>\n <strong><br \/>\n  <a href=\"https:\/\/www.boursorama.com\/cours\/1rPMMT\/\" rel=\"nofollow noopener\" target=\"_blank\"><br \/>\n   M6<br \/>\n  <\/a><br \/>\n <\/strong>\n<\/p>\n<p>\n Le groupe audiovisuel rendra compte de ses r\u00e9sultats du premier semestre.\n<\/p>\n<p>\n <strong><br \/>\n  <a href=\"https:\/\/www.boursorama.com\/cours\/1rPMRN\/\" rel=\"nofollow noopener\" target=\"_blank\"><br \/>\n   Mersen<br \/>\n  <\/a><br \/>\n <\/strong>\n<\/p>\n<p>\n Mersen a annonc\u00e9 la signature d&rsquo;une s\u00e9rie de commandes pour un montant cumul\u00e9 de plus de 35 millions d&rsquo;euros avec les principaux acteurs du transport d&rsquo;\u00e9lectricit\u00e9 longues distances de technologie HVDC (High Voltage Direct Current). L&rsquo;expert mondial des sp\u00e9cialit\u00e9s \u00e9lectriques et des mat\u00e9riaux avanc\u00e9s sera charg\u00e9 de raccorder cinq projets de futurs parcs \u00e9oliens offshore en mer du Nord et en mer Baltique pour alimenter les r\u00e9seaux de distribution \u00e9lectrique allemands et n\u00e9erlandais.\n<\/p>\n<p>\n <strong><br \/>\n  <a href=\"https:\/\/www.boursorama.com\/cours\/1rPORA\/\" rel=\"nofollow noopener\" target=\"_blank\"><br \/>\n   Orange<br \/>\n  <\/a><br \/>\n <\/strong>\n<\/p>\n<p>\n Au cours du deuxi\u00e8me trimestre, le chiffre d&rsquo;affaires d&rsquo;Orange a tr\u00e8s l\u00e9g\u00e8rement progress\u00e9 de 0,1 % sur une base comparable, \u00e0 9,942 milliards d&rsquo;euros. Parall\u00e8lement, l&rsquo;Ebitdaal s&rsquo;est appr\u00e9ci\u00e9 de 4,2 %, toujours en base comparable, pour s&rsquo;\u00e9lever \u00e0 3,195 milliards d&rsquo;euros. Sur le premier semestre, les revenus sont en croissance 0,3 %, \u00e0 19,853 milliards d&rsquo;euros, et l&rsquo;Ebitdaal a augment\u00e9 de 3,8 %, \u00e0 5,675 milliards d&rsquo;euros. Sur le premier semestre, les revenus sont en croissance 0,3 %, \u00e0 19,853 milliards d&rsquo;euros, et l&rsquo;Ebitdaal a augment\u00e9 de 3,8 %, \u00e0 5,675 milliards d&rsquo;euros.\n<\/p>\n<p>\n <strong><br \/>\n  <a href=\"https:\/\/www.boursorama.com\/cours\/1rPRXL\/\" rel=\"nofollow noopener\" target=\"_blank\"><br \/>\n   Rexel<br \/>\n  <\/a><br \/>\n <\/strong>\n<\/p>\n<p>\n Les ventes de Rexel s&rsquo;\u00e9l\u00e8vent \u00e0 9,77 milliards d&rsquo;euros au premier semestre 2025, en hausse de 1,6% en donn\u00e9es comparables et \u00e0 nombre de jours constants. La r\u00e9silience de sa marge d&rsquo;Ebita courant ajust\u00e9 est de 5,8% sur ce semestre, en baisse de 29 points de base. \u00a0\u00bb L&rsquo;\u00e9volution de -29 points de base r\u00e9sulte d&rsquo;une marge brute globalement stable (25% au premier semestre 2025, baisse de 1 point de base) et d&rsquo;un ratio co\u00fbts op\u00e9rationnels \/ ventes de -19,3%, en recul de 28 points de base par rapport au premier semestre 2024 \u00ab\u00a0, pr\u00e9cise le fournisseur de mat\u00e9riel \u00e9lectrique.\n<\/p>\n<p>\n <strong><br \/>\n  Semco<br \/>\n <\/strong>\n<\/p>\n<p>\n Semco a confirm\u00e9 le succ\u00e8s de son introduction en Bourse avec l&rsquo;exercice de l&rsquo;option de surallocation de 1,2 million d&rsquo;euros, portant le montant d\u00e9finitif du placement \u00e0 46,2 millions d&rsquo;euros. Le nombre total d&rsquo;actions offertes dans le cadre de cette op\u00e9ration a \u00e9t\u00e9 de 3,079 millions, dont 266 666 actions nouvelles et 2,813 millions d&rsquo;actions c\u00e9d\u00e9es dans le cadre de l&rsquo;offre, de la clause d&rsquo;extension et de l&rsquo;option de surallocation. Partant, le flottant repr\u00e9sente d\u00e9sormais environ 29,9 % du capital.\n<\/p>\n<p>\n <strong><br \/>\n  Serge Ferrari<br \/>\n <\/strong>\n<\/p>\n<p>\n Le sp\u00e9cialiste des toiles composites pr\u00e9sentera son chiffre d&rsquo;affaires du premier semestre.\n<\/p>\n<p>\n <strong><br \/>\n  SMCP<br \/>\n <\/strong>\n<\/p>\n<p>\n La maison-m\u00e8re des marques Sandro, Maje, Claudie Pierlot et Fursac livrera ses r\u00e9sultats du premier semestre.\n<\/p>\n<p>\n <strong><br \/>\n  <a href=\"https:\/\/www.boursorama.com\/cours\/1rPSTLAP\/\" rel=\"nofollow noopener\" target=\"_blank\"><br \/>\n   Stellantis<br \/>\n  <\/a><br \/>\n <\/strong>\n<\/p>\n<p>\n Sur les six premiers mois de l&rsquo;ann\u00e9e, Stellantis a vu son chiffre d&rsquo;affaires reculer de 13 %, \u00e0 74,3 milliards d&rsquo;euros, p\u00e9nalis\u00e9 par le recul observ\u00e9 en Am\u00e9rique du Nord et Europe. Le constructeur automobile multi-marques a \u00e9galement annonc\u00e9 une perte nette de 2,256 milliards d&rsquo;euros, contre un b\u00e9n\u00e9fice 5,647 milliards d&rsquo;euros un an plus t\u00f4t. Cette perte nette comprend 3,3 milliards d&rsquo;euros de charges nettes exclues du r\u00e9sultat op\u00e9rationnel ajust\u00e9. L&rsquo;entreprise a r\u00e9tabli ses perspectives financi\u00e8res et table sur une am\u00e9lioration s\u00e9quentielle continue au second semestre.\n<\/p>\n<p>\n <strong><br \/>\n  <a href=\"https:\/\/www.boursorama.com\/cours\/1rPTFI\/\" rel=\"nofollow noopener\" target=\"_blank\"><br \/>\n   TF1<br \/>\n  <\/a><br \/>\n <\/strong>\n<\/p>\n<p>\n Le groupe audiovisuel diffusera ses r\u00e9sultats du premier semestre.\n<\/p>\n<p>\n <strong><br \/>\n  <a href=\"https:\/\/www.boursorama.com\/cours\/1rPVRLA\/\" rel=\"nofollow noopener\" target=\"_blank\"><br \/>\n   Verallia<br \/>\n  <\/a><br \/>\n <\/strong>\n<\/p>\n<p>\n Le fabricant d&#8217;emballages de verre pr\u00e9sentera ses r\u00e9sultats du premier semestre.\n<\/p>\n<p>\n <strong><br \/>\n  <a href=\"https:\/\/www.boursorama.com\/cours\/1rPVCT\/\" rel=\"nofollow noopener\" target=\"_blank\"><br \/>\n   Vicat<br \/>\n  <\/a><br \/>\n <\/strong>\n<\/p>\n<p>\n Vicat a publi\u00e9 des comptes semestriels mitig\u00e9s. Sur la p\u00e9riode, le chiffre d&rsquo;affaires consolid\u00e9 a recul\u00e9 de 2,7 %, \u00e0 1,885 milliard d&rsquo;euros, avec un Ebitda en repli de 6,3 %, \u00e0 331 millions d&rsquo;euros. L&rsquo;activit\u00e9 du premier semestre a \u00e9t\u00e9 marqu\u00e9e par d&rsquo;importants effets de change n\u00e9gatifs et un ralentissement de l&rsquo;activit\u00e9 aux \u00c9tats-Unis. De son c\u00f4t\u00e9, le r\u00e9sultat net part du groupe s&rsquo;est affaiss\u00e9 de 1,7 %, \u00e0 102 millions d&rsquo;euros. Pour l&rsquo;ensemble de l&rsquo;ann\u00e9e, le cimentier vise toujours une croissance du chiffre d&rsquo;affaires \u00e0 p\u00e9rim\u00e8tre et change constants (+0,2 % au premier semestre).\n<\/p>\n<p>\n <strong><br \/>\n  <a href=\"https:\/\/www.boursorama.com\/cours\/1rPDG\/\" rel=\"nofollow noopener\" target=\"_blank\"><br \/>\n   Vinci<br \/>\n  <\/a><br \/>\n <\/strong>\n<\/p>\n<p>\n Vinci a trouv\u00e9 un accord pour l&rsquo;acquisition de la soci\u00e9t\u00e9 allemande Zimmer &amp; H\u00e4lbig. Cette soci\u00e9t\u00e9 bas\u00e9e \u00e0 Bielefeld est experte dans la conception, l&rsquo;ing\u00e9nierie, l&rsquo;installation et la maintenance de solutions complexes dans les domaines du chauffage, de la ventilation, de la climatisation et de la r\u00e9frig\u00e9ration \u00e0 destination des h\u00f4pitaux, laboratoires, installations industrielles\u2026 Fond\u00e9e en 1974, elle a g\u00e9n\u00e9r\u00e9 96 millions d&rsquo;euro de chiffre d&rsquo;affaires l&rsquo;an pass\u00e9 et dispose de 310 collaborateurs.\n<\/p>\n<p>\n <strong><br \/>\n  Wavestone<br \/>\n <\/strong>\n<\/p>\n<p>\n Au 1er trimestre de son exercice 2025\/26, Wavestone a r\u00e9alis\u00e9 un chiffre d&rsquo;affaires consolid\u00e9 de 231,5 millions d&rsquo;euros, en l\u00e9g\u00e8re baisse de 0,4%. \u00c0 taux de change et \u00e0 p\u00e9rim\u00e8tre constants, le repli trimestriel est de 0,6%, mais signale cabinet de conseil, cette p\u00e9riode pr\u00e9sente un effet jour d\u00e9favorable de 0,7%. Wavestone consolide Wivoo, cabinet fran\u00e7ais de conseil \u00e0 partir du 1er juin 2025. Le taux d&rsquo;activit\u00e9 est demeur\u00e9 sous pression au 1er trimestre 2025\/26 \u00e0 71% contre 73% sur l&rsquo;ensemble de l&rsquo;exercice 2024\/25. Le taux journalier moyen a augment\u00e9 de 0,5% \u00e0 944 euros.<\/p>\n","protected":false},"excerpt":{"rendered":"(AOF) &#8211; Air Liquide Dans un environnement incertain, Air Liquide a vu ses r\u00e9sultats progresser au premier semestre.&hellip;\n","protected":false},"author":2,"featured_media":17400,"comment_status":"","ping_status":"","sticky":false,"template":"","format":"standard","meta":{"footnotes":""},"categories":[1888],"tags":[400,1111,1928,11,1927,398,408,405,1777,674,1011,27,403,402,399,404,12,1926,626,1925,25,401,406,407],"class_list":{"0":"post-285836","1":"post","2":"type-post","3":"status-publish","4":"format-standard","5":"has-post-thumbnail","7":"category-paris","8":"tag-action-cac-40","9":"tag-actu","10":"tag-actu-paris","11":"tag-actualites","12":"tag-actualites-paris","13":"tag-bourse-de-paris","14":"tag-boursorama","15":"tag-cotations","16":"tag-eu","17":"tag-europe","18":"tag-fr","19":"tag-france","20":"tag-indices-devises","21":"tag-investir","22":"tag-investissement","23":"tag-marche-boursier","24":"tag-news","25":"tag-news-paris","26":"tag-paris","27":"tag-paris-news","28":"tag-republique-francaise","29":"tag-sicav","30":"tag-trackers","31":"tag-warrants"},"share_on_mastodon":{"url":"https:\/\/pubeurope.com\/@fr\/114945856842981738","error":""},"_links":{"self":[{"href":"https:\/\/www.europesays.com\/fr\/wp-json\/wp\/v2\/posts\/285836","targetHints":{"allow":["GET"]}}],"collection":[{"href":"https:\/\/www.europesays.com\/fr\/wp-json\/wp\/v2\/posts"}],"about":[{"href":"https:\/\/www.europesays.com\/fr\/wp-json\/wp\/v2\/types\/post"}],"author":[{"embeddable":true,"href":"https:\/\/www.europesays.com\/fr\/wp-json\/wp\/v2\/users\/2"}],"replies":[{"embeddable":true,"href":"https:\/\/www.europesays.com\/fr\/wp-json\/wp\/v2\/comments?post=285836"}],"version-history":[{"count":0,"href":"https:\/\/www.europesays.com\/fr\/wp-json\/wp\/v2\/posts\/285836\/revisions"}],"wp:featuredmedia":[{"embeddable":true,"href":"https:\/\/www.europesays.com\/fr\/wp-json\/wp\/v2\/media\/17400"}],"wp:attachment":[{"href":"https:\/\/www.europesays.com\/fr\/wp-json\/wp\/v2\/media?parent=285836"}],"wp:term":[{"taxonomy":"category","embeddable":true,"href":"https:\/\/www.europesays.com\/fr\/wp-json\/wp\/v2\/categories?post=285836"},{"taxonomy":"post_tag","embeddable":true,"href":"https:\/\/www.europesays.com\/fr\/wp-json\/wp\/v2\/tags?post=285836"}],"curies":[{"name":"wp","href":"https:\/\/api.w.org\/{rel}","templated":true}]}}