{"id":285837,"date":"2025-07-31T04:02:14","date_gmt":"2025-07-31T04:02:14","guid":{"rendered":"https:\/\/www.europesays.com\/fr\/285837\/"},"modified":"2025-07-31T04:02:14","modified_gmt":"2025-07-31T04:02:14","slug":"interpellation-filmee-a-bobigny-deja-condamne-pour-trafic-de-drogue-le-suspect-devrait-etre-juge-dici-vendredi","status":"publish","type":"post","link":"https:\/\/www.europesays.com\/fr\/285837\/","title":{"rendered":"Interpellation film\u00e9e \u00e0 Bobigny\u00a0: d\u00e9j\u00e0 condamn\u00e9 pour trafic de drogue, le suspect devrait \u00eatre jug\u00e9 d\u2019ici vendredi"},"content":{"rendered":"<p class=\"paragraph text_align_left lp-f-body-02\">La vid\u00e9o de <a href=\"https:\/\/www.leparisien.fr\/seine-saint-denis-93\/le-depute-aly-diouara-denonce-la-violence-insoutenable-dune-interpellation-filmee-a-bobigny-29-07-2025-57O4SB3KA5CX5JU2B46NLGOIRM.php\" target=\"_self\" rel=\"nofollow noopener\">son interpellation muscl\u00e9e<\/a> a fait le tour des r\u00e9seaux sociaux, largement relay\u00e9e par des internautes qui y voient une nouvelle illustration de \u00ab violences polici\u00e8res \u00bb. Le suspect qui a \u00e9t\u00e9 arr\u00eat\u00e9 lundi du c\u00f4t\u00e9 de la cit\u00e9 des Bons-Enfants \u00e0 Bobigny se trouvait toujours en garde \u00e0 vue ce mercredi apr\u00e8s-midi, indique au Parisien \u00c9ric Mathais, le procureur de la R\u00e9publique de Bobigny. D\u00e9j\u00e0 condamn\u00e9 \u00e0 deux reprises pour trafic de drogue, il pourrait \u00eatre jug\u00e9 en comparution imm\u00e9diate d\u00e8s ce jeudi ou ce vendredi.<\/p>\n<p class=\"paragraph text_align_left lp-f-body-02\">Sur la vid\u00e9o film\u00e9e vraisemblablement depuis un balcon, on voit trois \u00e0 quatre policiers tenter de ma\u00eetriser un jeune homme menott\u00e9. Ce dernier se d\u00e9bat et exige que les fonctionnaires ne rentrent pas \u00e0 son domicile. S\u2019ensuivent alors cl\u00e9 d\u2019\u00e9tranglement, coups de poing et d\u00e9charges de pistolet \u00e0 impulsion \u00e9lectrique pour le contenir. Aly Diouara (LFI), le d\u00e9put\u00e9 de la circonscription, r\u00e9clame l\u2019ouverture d\u2019une enqu\u00eate \u00ab \u00e0 l\u2019encontre des policiers mis en cause \u00bb.<\/p>\n<p>\u00ab Les policiers ont vu le suspect en train de fumer un joint \u00bb<\/p>\n<p class=\"paragraph text_align_left lp-f-body-02\">La vid\u00e9o, d\u2019une dur\u00e9e de 2 minutes et 41 secondes, ne permet pas de saisir le contexte ni les raisons de cette intervention. \u00c9ric Mathais indique que celle-ci s\u2019explique par \u00ab une suspicion de trafic de drogue \u00bb. Les policiers auraient b\u00e9n\u00e9fici\u00e9 d\u2019un renseignement anonyme.<\/p>\n<p class=\"paragraph text_align_left lp-f-body-02\">\u00ab Ils ont vu le suspect en train de fumer un joint, il a refus\u00e9 son interpellation et il a commis des violences sur un des fonctionnaires \u00bb, retrace le procureur. \u00ab L\u2019individu s\u2019est vivement rebell\u00e9, en mordant le policier au bras et lui causant une entorse au pouce \u00bb, pr\u00e9cisait ce mardi la pr\u00e9fecture de police de Paris.<\/p>\n<p class=\"paragraph text_align_left lp-f-body-02\">La perquisition a son domicile a \u00e9t\u00e9 particuli\u00e8rement fructueuse pour les policiers. D\u2019apr\u00e8s nos informations, qui recoupent celles publi\u00e9es ce mardi par le site <a href=\"https:\/\/actu17.fr\/faits-divers\/bobigny-il-mord-un-policier-lors-de-son-interpellation-de-la-drogue-et-34-000-eur-saisis-a-son-domicile.html\" target=\"_self\" rel=\"nofollow noopener\">Actu17<\/a>, ils ont notamment mis la main sur 2,2 kg de r\u00e9sine de cannabis, 22 grammes d\u2019un produit qui serait de la coca\u00efne (des analyses sont en cours) et 130 g de <a href=\"https:\/\/www.leparisien.fr\/hauts-de-seine-92\/overdose-de-mdma-juges-neuf-ans-apres-la-mort-de-sarah-les-coupables-ne-retournent-pas-en-prison-23-03-2025-77NNBUS4FNHRLDQXDR7VOKPULU.php\" target=\"_self\" rel=\"nofollow noopener\">MDMA, <\/a>le principe actif de l\u2019ecstasy. L\u2019enqu\u00eate a \u00e9t\u00e9 confi\u00e9e \u00e0 la S\u00fbret\u00e9 de Seine-Saint-Denis.<\/p>\n<p class=\"paragraph text_align_left lp-f-body-02\">Selon une source proche du dossier, le jeune homme interpell\u00e9 est d\u00e9j\u00e0 connu des services de police et de la justice pour des actes de violence envers la police. Il a par ailleurs \u00e9t\u00e9 condamn\u00e9 \u00e0 deux reprises pour trafic de drogue, \u00e0 Bobigny en 2020 et \u00e0 Meaux (Seine-et-Marne) l\u2019ann\u00e9e suivante. Il a \u00e9t\u00e9 condamn\u00e9 la premi\u00e8re fois \u00e0 trois ans de prison dont dix mois de sursis probatoire et la seconde fois \u00e0 18 mois ferme.<\/p>\n","protected":false},"excerpt":{"rendered":"La vid\u00e9o de son interpellation muscl\u00e9e a fait le tour des r\u00e9seaux sociaux, largement relay\u00e9e par des internautes&hellip;\n","protected":false},"author":2,"featured_media":285838,"comment_status":"","ping_status":"","sticky":false,"template":"","format":"standard","meta":{"footnotes":""},"categories":[1888],"tags":[11,1777,674,118,1011,27,1944,12,626,25,1945],"class_list":{"0":"post-285837","1":"post","2":"type-post","3":"status-publish","4":"format-standard","5":"has-post-thumbnail","7":"category-paris","8":"tag-actualites","9":"tag-eu","10":"tag-europe","11":"tag-faits-divers","12":"tag-fr","13":"tag-france","14":"tag-ma-ville","15":"tag-news","16":"tag-paris","17":"tag-republique-francaise","18":"tag-seine-saint-denis"},"share_on_mastodon":{"url":"https:\/\/pubeurope.com\/@fr\/114945860766352859","error":""},"_links":{"self":[{"href":"https:\/\/www.europesays.com\/fr\/wp-json\/wp\/v2\/posts\/285837","targetHints":{"allow":["GET"]}}],"collection":[{"href":"https:\/\/www.europesays.com\/fr\/wp-json\/wp\/v2\/posts"}],"about":[{"href":"https:\/\/www.europesays.com\/fr\/wp-json\/wp\/v2\/types\/post"}],"author":[{"embeddable":true,"href":"https:\/\/www.europesays.com\/fr\/wp-json\/wp\/v2\/users\/2"}],"replies":[{"embeddable":true,"href":"https:\/\/www.europesays.com\/fr\/wp-json\/wp\/v2\/comments?post=285837"}],"version-history":[{"count":0,"href":"https:\/\/www.europesays.com\/fr\/wp-json\/wp\/v2\/posts\/285837\/revisions"}],"wp:featuredmedia":[{"embeddable":true,"href":"https:\/\/www.europesays.com\/fr\/wp-json\/wp\/v2\/media\/285838"}],"wp:attachment":[{"href":"https:\/\/www.europesays.com\/fr\/wp-json\/wp\/v2\/media?parent=285837"}],"wp:term":[{"taxonomy":"category","embeddable":true,"href":"https:\/\/www.europesays.com\/fr\/wp-json\/wp\/v2\/categories?post=285837"},{"taxonomy":"post_tag","embeddable":true,"href":"https:\/\/www.europesays.com\/fr\/wp-json\/wp\/v2\/tags?post=285837"}],"curies":[{"name":"wp","href":"https:\/\/api.w.org\/{rel}","templated":true}]}}