{"id":285841,"date":"2025-07-31T04:04:10","date_gmt":"2025-07-31T04:04:10","guid":{"rendered":"https:\/\/www.europesays.com\/fr\/285841\/"},"modified":"2025-07-31T04:04:10","modified_gmt":"2025-07-31T04:04:10","slug":"une-attaque-de-drones-et-de-missiles-sur-kiev-fait-au-moins-un-mort-et-vingt-blesses","status":"publish","type":"post","link":"https:\/\/www.europesays.com\/fr\/285841\/","title":{"rendered":"une attaque de drones et de missiles sur Kiev fait au moins un mort et vingt bless\u00e9s"},"content":{"rendered":"<p>   Perquisitions dans les locaux d\u2019une firme allemande soup\u00e7onn\u00e9e de contourner l\u2019embargo \u00e9conomique impos\u00e9 \u00e0 la Russie             <\/p>\n<p class=\"post__live-container--answer-text post__space-node\">Des perquisitions ont eu lieu, jeudi, chez un fabriquant allemand de machines-outils, a annonc\u00e9 le parquet de Munich (Sud), dans un communiqu\u00e9. Trois personnes travaillant pour cette entreprise sont mises en cause, \u00e9crit la justice allemande, qui m\u00e8ne l\u2019enqu\u00eate avec les services des douanes depuis la mi-f\u00e9vrier.<\/p>\n<p class=\"post__live-container--answer-text post__space-node\">\u00ab\u00a0Plusieurs mandats de perquisition ont \u00e9t\u00e9 ex\u00e9cut\u00e9s simultan\u00e9ment, jeudi, dans la r\u00e9gion de Munich, dans le Bade-Wurtemberg et en Bulgarie\u00a0\u00bb, ajoute le parquet. \u00ab\u00a0Au total, plus de 20\u00a0machines-outils de haute pr\u00e9cision, d\u2019une valeur commerciale d\u2019environ 5,5\u00a0millions d\u2019euros, auraient \u00e9t\u00e9 d\u00e9lib\u00e9r\u00e9ment livr\u00e9es en Russie en contournant les sanctions impos\u00e9es \u00e0 ce pays\u00a0\u00bb, continue-t-il.<\/p>\n<p class=\"post__live-container--answer-text post__space-node\">Le nom de l\u2019entreprise suspecte n\u2019est pas mentionn\u00e9 dans le communiqu\u00e9, mais le parquet renvoie \u00e0 un <a href=\"https:\/\/www.youtube.com\/watch?v=pHdnJ9IajRs\" target=\"_blank\" rel=\"noopener nofollow\" title=\"Nouvelle fen\u00eatre\">documentaire de la cha\u00eene Arte du 28\u00a0janvier<\/a>, \u00e9mettant des accusations sur l\u2019entreprise allemande Spinner, dont le si\u00e8ge se trouve \u00e0 Sauerlach, pr\u00e8s de Munich.<\/p>\n<p class=\"post__live-container--answer-text post__space-node\">Dans le reportage, il est notamment d\u00e9crit comment l\u2019entreprise Spinner continue \u00e0 vendre des machines-outils de haute pr\u00e9cision \u00e0 la Russie en passant notamment par l\u2019Ouzb\u00e9kistan ou la Turquie, en utilisant notamment des documents falsifi\u00e9s.<\/p>\n<p class=\"post__live-container--answer-text post__space-node\">Contact\u00e9 par Arte, le patron de la firme, Nicolaus Spinner, d\u00e9ment les accusations, affirmant notamment que le client ouzbek est un fabricant connu de machines agricoles, bas\u00e9 \u00e0 Tachkent. Confront\u00e9 par Arte au fait que les documents ont \u00e9t\u00e9 falsifi\u00e9s, M.\u00a0Spinner r\u00e9pond que si c\u2019est le cas \u00ab\u00a0c\u2019est un grand choc\u00a0\u00bb.<\/p>\n<p class=\"post__live-container--answer-text post__space-node\">Au moment o\u00f9 le reportage a \u00e9t\u00e9 diffus\u00e9, une plainte anonyme contre l\u2019entreprise Spinner a \u00e9t\u00e9 d\u00e9pos\u00e9e aupr\u00e8s du service des douanes de Munich. Spinner n\u2019\u00e9tait pas imm\u00e9diatement joignable par l\u2019Agence France-Presse pour commenter ces informations.<\/p>\n","protected":false},"excerpt":{"rendered":"Perquisitions dans les locaux d\u2019une firme allemande soup\u00e7onn\u00e9e de contourner l\u2019embargo \u00e9conomique impos\u00e9 \u00e0 la Russie Des perquisitions&hellip;\n","protected":false},"author":2,"featured_media":285842,"comment_status":"","ping_status":"","sticky":false,"template":"","format":"standard","meta":{"footnotes":""},"categories":[1591],"tags":[11,1887,12,1885,1886,132],"class_list":{"0":"post-285841","1":"post","2":"type-post","3":"status-publish","4":"format-standard","5":"has-post-thumbnail","7":"category-russie","8":"tag-actualites","9":"tag-federation-de-russie","10":"tag-news","11":"tag-russia","12":"tag-russian-federation","13":"tag-russie"},"share_on_mastodon":{"url":"https:\/\/pubeurope.com\/@fr\/114945868700292623","error":""},"_links":{"self":[{"href":"https:\/\/www.europesays.com\/fr\/wp-json\/wp\/v2\/posts\/285841","targetHints":{"allow":["GET"]}}],"collection":[{"href":"https:\/\/www.europesays.com\/fr\/wp-json\/wp\/v2\/posts"}],"about":[{"href":"https:\/\/www.europesays.com\/fr\/wp-json\/wp\/v2\/types\/post"}],"author":[{"embeddable":true,"href":"https:\/\/www.europesays.com\/fr\/wp-json\/wp\/v2\/users\/2"}],"replies":[{"embeddable":true,"href":"https:\/\/www.europesays.com\/fr\/wp-json\/wp\/v2\/comments?post=285841"}],"version-history":[{"count":0,"href":"https:\/\/www.europesays.com\/fr\/wp-json\/wp\/v2\/posts\/285841\/revisions"}],"wp:featuredmedia":[{"embeddable":true,"href":"https:\/\/www.europesays.com\/fr\/wp-json\/wp\/v2\/media\/285842"}],"wp:attachment":[{"href":"https:\/\/www.europesays.com\/fr\/wp-json\/wp\/v2\/media?parent=285841"}],"wp:term":[{"taxonomy":"category","embeddable":true,"href":"https:\/\/www.europesays.com\/fr\/wp-json\/wp\/v2\/categories?post=285841"},{"taxonomy":"post_tag","embeddable":true,"href":"https:\/\/www.europesays.com\/fr\/wp-json\/wp\/v2\/tags?post=285841"}],"curies":[{"name":"wp","href":"https:\/\/api.w.org\/{rel}","templated":true}]}}