{"id":285845,"date":"2025-07-31T04:06:12","date_gmt":"2025-07-31T04:06:12","guid":{"rendered":"https:\/\/www.europesays.com\/fr\/285845\/"},"modified":"2025-07-31T04:06:12","modified_gmt":"2025-07-31T04:06:12","slug":"aux-etats-unis-kristi-noem-le-visage-des-raids-contre-les-immigres","status":"publish","type":"post","link":"https:\/\/www.europesays.com\/fr\/285845\/","title":{"rendered":"Aux Etats-Unis, Kristi Noem, le visage des raids contre les immigr\u00e9s"},"content":{"rendered":"<p>                         <img loading=\"lazy\" decoding=\"async\" src=\"https:\/\/www.europesays.com\/fr\/wp-content\/uploads\/2025\/07\/b64c221_upload-1-x0w3brrgndq9-000-382h3az.jpg\" alt=\"La secr\u00e9taire \u00e0 la s\u00e9curit\u00e9 int\u00e9rieure de Donald Trump, Kristi Noem, et le ministre de la justice et de la s\u00e9curit\u00e9 publique du Salvador, Gustavo Villatoro, visitent le Centre d\u2019internement pour terroristes (Cecot) de\u00a0Tecoluca (Salvador), le 26\u00a0mars\u00a02025.\"   width=\"664\" height=\"443\"\/>    La secr\u00e9taire \u00e0 la s\u00e9curit\u00e9 int\u00e9rieure de Donald Trump, Kristi Noem, et le ministre de la justice et de la s\u00e9curit\u00e9 publique du Salvador, Gustavo Villatoro, visitent le Centre d\u2019internement pour terroristes (Cecot) de\u00a0Tecoluca (Salvador), le 26\u00a0mars\u00a02025.  ALEX BRANDON\/AFP                 <\/p>\n<p class=\"article__paragraph  \">Depuis le 20\u00a0janvier, elle est le visage des raids<strong> <\/strong>anti-immigrants aux Etats-Unis. Kristi Noem, la secr\u00e9taire \u00e0 la s\u00e9curit\u00e9 int\u00e9rieure de Donald Trump, assume tout. Les poursuites d\u2019ouvriers agricoles dans les champs de Californie, les incarc\u00e9rations dans les mar\u00e9cages insalubres de Floride, les citoyens am\u00e9ricains pris dans le filet de la police de l\u2019immigration, les enfants laiss\u00e9s seuls apr\u00e8s l\u2019arrestation de leurs parents \u00e0 un feu rouge\u2026<\/p>\n<p class=\"article__paragraph  \">Non seulement elle assume, mais elle pr\u00eate assid\u00fbment son visage aux op\u00e9rations. Jusqu\u2019\u00e0 poser, le 26\u00a0mars, devant la prison de haute s\u00e9curit\u00e9 du Salvador. En arri\u00e8re-plan, des dizaines de d\u00e9tenus au cr\u00e2ne ras\u00e9, torse nu sur short blanc, mass\u00e9s comme du b\u00e9tail derri\u00e8re les barreaux. La ministre est venue montrer que les Etats-Unis de Donald Trump n\u2019expulsent que de dangereux \u00ab\u00a0criminels\u00a0\u00bb, quoi qu\u2019en pense le juge am\u00e9ricain qui maintient que toute personne arr\u00eat\u00e9e a le droit de contester son placement en d\u00e9tention.<\/p>\n<p class=\"reading-mode-only \"><strong>Il vous reste 86.72% de cet article \u00e0 lire. La suite est r\u00e9serv\u00e9e aux abonn\u00e9s.<\/strong><\/p>\n","protected":false},"excerpt":{"rendered":"La secr\u00e9taire \u00e0 la s\u00e9curit\u00e9 int\u00e9rieure de Donald Trump, Kristi Noem, et le ministre de la justice et&hellip;\n","protected":false},"author":2,"featured_media":285846,"comment_status":"","ping_status":"","sticky":false,"template":"","format":"standard","meta":{"footnotes":""},"categories":[1589],"tags":[11,73,1866,12,1864,1865,1863,308],"class_list":{"0":"post-285845","1":"post","2":"type-post","3":"status-publish","4":"format-standard","5":"has-post-thumbnail","7":"category-etats-unis","8":"tag-actualites","9":"tag-etats-unis","10":"tag-etats-unis-damerique","11":"tag-news","12":"tag-united-states","13":"tag-united-states-of-america","14":"tag-us","15":"tag-usa"},"share_on_mastodon":{"url":"https:\/\/pubeurope.com\/@fr\/114945876498635416","error":""},"_links":{"self":[{"href":"https:\/\/www.europesays.com\/fr\/wp-json\/wp\/v2\/posts\/285845","targetHints":{"allow":["GET"]}}],"collection":[{"href":"https:\/\/www.europesays.com\/fr\/wp-json\/wp\/v2\/posts"}],"about":[{"href":"https:\/\/www.europesays.com\/fr\/wp-json\/wp\/v2\/types\/post"}],"author":[{"embeddable":true,"href":"https:\/\/www.europesays.com\/fr\/wp-json\/wp\/v2\/users\/2"}],"replies":[{"embeddable":true,"href":"https:\/\/www.europesays.com\/fr\/wp-json\/wp\/v2\/comments?post=285845"}],"version-history":[{"count":0,"href":"https:\/\/www.europesays.com\/fr\/wp-json\/wp\/v2\/posts\/285845\/revisions"}],"wp:featuredmedia":[{"embeddable":true,"href":"https:\/\/www.europesays.com\/fr\/wp-json\/wp\/v2\/media\/285846"}],"wp:attachment":[{"href":"https:\/\/www.europesays.com\/fr\/wp-json\/wp\/v2\/media?parent=285845"}],"wp:term":[{"taxonomy":"category","embeddable":true,"href":"https:\/\/www.europesays.com\/fr\/wp-json\/wp\/v2\/categories?post=285845"},{"taxonomy":"post_tag","embeddable":true,"href":"https:\/\/www.europesays.com\/fr\/wp-json\/wp\/v2\/tags?post=285845"}],"curies":[{"name":"wp","href":"https:\/\/api.w.org\/{rel}","templated":true}]}}