{"id":285847,"date":"2025-07-31T04:07:11","date_gmt":"2025-07-31T04:07:11","guid":{"rendered":"https:\/\/www.europesays.com\/fr\/285847\/"},"modified":"2025-07-31T04:07:11","modified_gmt":"2025-07-31T04:07:11","slug":"royaume-uni-plus-de-120-vols-perturbes-a-la-suite-dun-probleme-technique","status":"publish","type":"post","link":"https:\/\/www.europesays.com\/fr\/285847\/","title":{"rendered":"Royaume-Uni: plus de 120 vols perturb\u00e9s \u00e0 la suite d&rsquo;un \u00ab\u00a0probl\u00e8me technique\u00a0\u00bb"},"content":{"rendered":"<p class=\"ap-StoryElement ap-StoryElement--mb ap-StoryText\">Selon Cirium, fournisseur de donn\u00e9es pour l&rsquo;a\u00e9ronautique, 67 d\u00e9parts et 55 arriv\u00e9es ont \u00e9t\u00e9 annul\u00e9s \u00e0 19h30 (20h30 heure belge), tandis qu&rsquo;un certain nombre de vols ont \u00e9galement \u00e9t\u00e9 d\u00e9rout\u00e9s.<\/p>\n<p class=\"ap-StoryElement ap-StoryElement--mb ap-StoryText\">Le directeur des op\u00e9rations de Ryanair, Neal McMahon, a demand\u00e9 la d\u00e9mission du directeur g\u00e9n\u00e9ral du NATS, Martin Rolfe, en raison de cette panne.<\/p>\n<p class=\"ap-StoryElement ap-StoryElement--mb ap-StoryText\">Son homologue d&rsquo;EasyJet, David Morgan, a d\u00e9clar\u00e9 qu&rsquo;il \u00e9tait \u00ab\u00a0extr\u00eamement d\u00e9cevant\u00a0\u00bb de voir \u00e0 nouveau une panne \u00ab\u00a0perturber nos clients \u00e0 cette p\u00e9riode de l&rsquo;ann\u00e9e si importante et charg\u00e9e pour les voyages\u00a0\u00bb.<\/p>\n<p class=\"ap-StoryElement ap-StoryElement--mb ap-StoryText\">Un porte-parole du d\u00e9partement des Transports a indiqu\u00e9 qu&rsquo;il \u00ab\u00a0travaillait en \u00e9troite collaboration\u00a0\u00bb avec le NATS pour comprendre la cause du probl\u00e8me qui proviendrait, d&rsquo;apr\u00e8s lui, d&rsquo;un centre de contr\u00f4le \u00e0 Swanwick, dans le sud-ouest de l&rsquo;Angleterre.<\/p>\n","protected":false},"excerpt":{"rendered":"Selon Cirium, fournisseur de donn\u00e9es pour l&rsquo;a\u00e9ronautique, 67 d\u00e9parts et 55 arriv\u00e9es ont \u00e9t\u00e9 annul\u00e9s \u00e0 19h30 (20h30&hellip;\n","protected":false},"author":2,"featured_media":2837,"comment_status":"","ping_status":"","sticky":false,"template":"","format":"standard","meta":{"footnotes":""},"categories":[1588],"tags":[11,296,1777,674,12,473,1853,2803,1851,1850,1852],"class_list":{"0":"post-285847","1":"post","2":"type-post","3":"status-publish","4":"format-standard","5":"has-post-thumbnail","7":"category-royaume-uni","8":"tag-actualites","9":"tag-aeronautique","10":"tag-eu","11":"tag-europe","12":"tag-news","13":"tag-royaume-uni","14":"tag-royaume-uni-de-grande-bretagne-et-dirlande-du-nord","15":"tag-transport","16":"tag-uk","17":"tag-united-kingdom","18":"tag-united-kingdom-of-great-britain-and-northern-ireland"},"share_on_mastodon":{"url":"https:\/\/pubeurope.com\/@fr\/114945880519152080","error":""},"_links":{"self":[{"href":"https:\/\/www.europesays.com\/fr\/wp-json\/wp\/v2\/posts\/285847","targetHints":{"allow":["GET"]}}],"collection":[{"href":"https:\/\/www.europesays.com\/fr\/wp-json\/wp\/v2\/posts"}],"about":[{"href":"https:\/\/www.europesays.com\/fr\/wp-json\/wp\/v2\/types\/post"}],"author":[{"embeddable":true,"href":"https:\/\/www.europesays.com\/fr\/wp-json\/wp\/v2\/users\/2"}],"replies":[{"embeddable":true,"href":"https:\/\/www.europesays.com\/fr\/wp-json\/wp\/v2\/comments?post=285847"}],"version-history":[{"count":0,"href":"https:\/\/www.europesays.com\/fr\/wp-json\/wp\/v2\/posts\/285847\/revisions"}],"wp:featuredmedia":[{"embeddable":true,"href":"https:\/\/www.europesays.com\/fr\/wp-json\/wp\/v2\/media\/2837"}],"wp:attachment":[{"href":"https:\/\/www.europesays.com\/fr\/wp-json\/wp\/v2\/media?parent=285847"}],"wp:term":[{"taxonomy":"category","embeddable":true,"href":"https:\/\/www.europesays.com\/fr\/wp-json\/wp\/v2\/categories?post=285847"},{"taxonomy":"post_tag","embeddable":true,"href":"https:\/\/www.europesays.com\/fr\/wp-json\/wp\/v2\/tags?post=285847"}],"curies":[{"name":"wp","href":"https:\/\/api.w.org\/{rel}","templated":true}]}}