{"id":285848,"date":"2025-07-31T04:08:13","date_gmt":"2025-07-31T04:08:13","guid":{"rendered":"https:\/\/www.europesays.com\/fr\/285848\/"},"modified":"2025-07-31T04:08:13","modified_gmt":"2025-07-31T04:08:13","slug":"allemagne-la-faillite-de-letat-face-a-linsecurite-migratoire-interview-danna-nguyen-de-lafd","status":"publish","type":"post","link":"https:\/\/www.europesays.com\/fr\/285848\/","title":{"rendered":"Allemagne. La faillite de l\u2019Etat face \u00e0 l\u2019ins\u00e9curit\u00e9 migratoire [Interview d&rsquo;Anna Nguyen, de l&rsquo;AfD]"},"content":{"rendered":"<p>R\u00e9cemment, une horreur s\u2019est produite dans une piscine publique en Hesse, en Allemagne. Une horreur que les m\u00e9dias mainstream ont d\u2019abord tent\u00e9 de minimiser, avant que l\u2019ampleur des faits ne force l\u2019information \u00e0 \u00e9clater : au total, neuf enfants et adolescentes, \u00e2g\u00e9es de 11 \u00e0 17 ans, ont \u00e9t\u00e9 victimes d\u2019agressions sexuelles dans un espace cens\u00e9 \u00eatre s\u00fbr, public, surveill\u00e9. Le d\u00e9tail gla\u00e7ant de l\u2019affaire est d\u00e9sormais connu. Les auteurs pr\u00e9sum\u00e9s, tous de nationalit\u00e9 syrienne, ont profit\u00e9 de l\u2019affluence estivale pour cibler des jeunes filles dans l\u2019eau. La police allemande a rapidement interpell\u00e9 quatre suspects, \u00e2g\u00e9s de 18 \u00e0 28 ans. Un cinqui\u00e8me est parvenu \u00e0 s\u2019enfuir. Selon les forces de l\u2019ordre, deux des suspects seraient fr\u00e8res. Les agresseurs n\u2019\u00e9taient pas en groupe : leur mode op\u00e9ratoire semble avoir \u00e9t\u00e9 plus insidieux, plus inqui\u00e9tant encore \u2013 coordonn\u00e9 sans \u00eatre visible, opportuniste mais structur\u00e9.<\/p>\n<p>La r\u00e9action de la population ne s\u2019est pas fait attendre. Angelika Kamperides, pu\u00e9ricultrice et m\u00e8re de cinq enfants, t\u00e9moigne : \u00ab Je vais \u00e0 la piscine avec des sentiments mitig\u00e9s. Je me sens en s\u00e9curit\u00e9, mais c\u2019est dommage que cette insouciance ait disparu. \u00bb Voil\u00e0 la cons\u00e9quence imm\u00e9diate de ces agressions : la fin de l\u2019insouciance pour les familles allemandes, l\u2019angoisse d\u00e9sormais tapie dans chaque instant de d\u00e9tente, la peur diffuse qui se glisse dans les bassins d\u2019eau chlor\u00e9e. Car ce n\u2019est pas un cas isol\u00e9. Le Land de Hesse a vu se multiplier les cas d\u2019agressions sexuelles dans les lieux publics ces derniers mois, en particulier dans les piscines. Ce ph\u00e9nom\u00e8ne n\u2019a rien de nouveau : il est le prolongement direct des ann\u00e9es Merkel et de son irresponsable politique migratoire. Rappelons-nous 2015. Rappelons-nous Cologne. Rappelons-nous que ces drames n\u2019\u00e9taient pas des exceptions, mais les premiers signaux d\u2019alerte.<\/p>\n<p><b>Une d\u00e9put\u00e9e lucide : Anna Nguyen (AfD) tire la sonnette d\u2019alarme<\/b><b\/><\/p>\n<p>Face \u00e0 ce climat de peur, certains responsables politiques osent encore dire la v\u00e9rit\u00e9. Parmi eux, Anna Nguyen, d\u00e9put\u00e9e de l\u2019AfD en Hesse, que nous avons rencontr\u00e9e \u00e0 la suite de ce drame. \u00c0 34 ans, responsable de la politique des femmes au sein de son parti, elle r\u00e9sume la situation avec sobri\u00e9t\u00e9 mais fermet\u00e9 : \u00ab Dans cette piscine, huit filles ont \u00e9t\u00e9 agress\u00e9es sexuellement par quatre Syriens. La plus jeune avait onze ans. \u00bb Plus que le choc, c\u2019est la lucidit\u00e9 politique de Mme Nguyen qui marque : \u00ab La migration ill\u00e9gale a beaucoup de risques pour les femmes et pour les hommes aussi, mais surtout pour les jeunes femmes. Il faut vraiment fermer les fronti\u00e8res. Il faut expulser les clandestins. Et la justice doit vraiment s\u00e9vir. \u00bb Tout est dit. Ce que Mme Nguyen exprime ici, c\u2019est ce que des millions d\u2019Allemands pensent tout bas mais n\u2019osent plus dire dans un climat de terreur id\u00e9ologique. La gauche morale, les bien-pensants des plateaux t\u00e9l\u00e9, les ONG subventionn\u00e9es et les juges militants ont pass\u00e9 des ann\u00e9es \u00e0 diaboliser quiconque osait faire le lien entre immigration massive et ins\u00e9curit\u00e9 croissante. Aujourd\u2019hui, ce lien n\u2019est plus un fantasme : il est une \u00e9vidence statistique, un constat empirique, un fait social massif.`<\/p>\n<blockquote class=\"twitter-tweet\">\n<p dir=\"ltr\" lang=\"fr\">\u00ab La migration ill\u00e9gale a beaucoup de risques, surtout pour les jeunes femmes. Il faut vraiment fermer les fronti\u00e8res \u00bb Anna Nguyen, AfD \ud83c\udde9\ud83c\uddea <a href=\"https:\/\/t.co\/S5WflmIXPs\" rel=\"nofollow\">pic.twitter.com\/S5WflmIXPs<\/a><\/p>\n<p>\u2014 Voxeuropa Herald (@VoxEuropaHerald) <a href=\"https:\/\/twitter.com\/VoxEuropaHerald\/status\/1948433733683413452?ref_src=twsrc%5Etfw\" rel=\"nofollow noopener\" target=\"_blank\">July 24, 2025<\/a><\/p>\n<\/blockquote>\n<p><b>La na\u00efvet\u00e9 criminelle des \u00e9lites progressistes<\/b><b\/><\/p>\n<p>Le cas de cette piscine hessoise n\u2019est pas un accident, c\u2019est le sympt\u00f4me. Le sympt\u00f4me d\u2019un \u00c9tat qui a trahi sa mission premi\u00e8re : prot\u00e9ger sa population. Depuis dix ans, l\u2019Allemagne accueille, loge, nourrit, soigne et d\u00e9fend juridiquement des centaines de milliers de jeunes hommes issus de cultures patriarcales, parfois profond\u00e9ment hostiles \u00e0 notre civilisation. Certains n\u2019ont aucun respect pour les femmes europ\u00e9ennes. Pour eux, une adolescente en maillot de bain est une proie, pas une personne.<\/p>\n<p>L\u2019excuse sociologique ne tient plus. L\u2019excuse du \u00ab d\u00e9sespoir \u00bb, de la \u00ab pr\u00e9carit\u00e9 \u00bb, de la \u00ab stigmatisation \u00bb a bon dos. Les victimes, ce sont les filles de onze ans, pas les agresseurs. Ceux qui sont \u00e0 plaindre, ce sont les parents qui n\u2019osent plus envoyer leurs enfants se baigner, pas les d\u00e9linquants multir\u00e9cidivistes prot\u00e9g\u00e9s par un syst\u00e8me judiciaire paralys\u00e9.<\/p>\n<p><b>L\u2019AfD, seul rempart politique ?<\/b><b\/><\/p>\n<p>Alors que les autres partis multiplient les d\u00e9clarations fades, appellent au \u00ab dialogue interculturel \u00bb ou \u00e9voquent de simples \u00ab dysfonctionnements \u00bb, seule l\u2019AfD semble encore parler clair. Fermeture des fronti\u00e8res. R\u00e9tablissement du droit. Expulsions massives. Voix des victimes. Voil\u00e0 le programme. Voil\u00e0 ce que Mme Nguyen incarne. La gauche, elle, pr\u00e9f\u00e8re parler de \u00ab vivre-ensemble \u00bb. Mais vivre-ensemble avec qui ? Avec ceux qui voient dans nos enfants une cible ? Avec ceux qui ne partagent ni nos m\u0153urs, ni nos valeurs, ni notre vision du monde ? Le multiculturalisme est devenu une machine \u00e0 produire de la violence. Une id\u00e9ologie qui exige de chaque peuple europ\u00e9en un sacrifice de ses traditions, de sa s\u00e9curit\u00e9, de son avenir.<\/p>\n<p><b>Les femmes, premi\u00e8res sacrifi\u00e9es du grand remplacement<\/b><b\/><\/p>\n<p>Ce qui se joue ici, au-del\u00e0 de la seule question migratoire, c\u2019est la guerre culturelle men\u00e9e contre les femmes europ\u00e9ennes. On les a incit\u00e9es \u00e0 se d\u00e9couvrir, \u00e0 s\u2019affranchir du patriarcat traditionnel \u2013 et c\u2019est une conqu\u00eate majeure de la modernit\u00e9. Mais on les abandonne aujourd\u2019hui, sans d\u00e9fense, face \u00e0 des hommes \u00e9lev\u00e9s dans le m\u00e9pris de cette libert\u00e9. L\u2019\u00c9tat allemand, en ouvrant grand ses portes \u00e0 une immigration incontr\u00f4l\u00e9e, a sacrifi\u00e9 ses filles sur l\u2019autel de la tol\u00e9rance.<\/p>\n<p>Il ne s\u2019agit pas ici de stigmatiser tous les immigr\u00e9s. Mais de dire une chose simple : l\u2019Allemagne n\u2019est pas un terrain d\u2019exp\u00e9rimentation sociale. C\u2019est une nation. Elle a le droit de choisir qui entre sur son sol. Elle a le devoir de prot\u00e9ger les siens. Et elle a l\u2019obligation, surtout, de tirer les cons\u00e9quences de ses erreurs pass\u00e9es.<\/p>\n<p>L\u2019agression de ces jeunes filles en Hesse n\u2019est pas seulement un fait divers. C\u2019est un moment de v\u00e9rit\u00e9. Le moment o\u00f9 une soci\u00e9t\u00e9 se regarde dans le miroir et d\u00e9cide si elle veut continuer \u00e0 sombrer ou si elle veut se relever. Les solutions existent. Elles sont connues. Elles sont port\u00e9es, aujourd\u2019hui, par une minorit\u00e9 politique courageuse que beaucoup s\u2019efforcent encore de diaboliser : la droite identitaire.<\/p>\n<p>Il est temps que les Allemands reprennent le contr\u00f4le de leur destin. Que leurs dirigeants entendent enfin leur col\u00e8re. Et que la s\u00e9curit\u00e9 des enfants allemands soit une priorit\u00e9 absolue \u2013 non un dommage collat\u00e9ral de l\u2019id\u00e9ologie immigrationniste.<\/p>\n<p>L\u2019histoire jugera. Elle saura dire qui a prot\u00e9g\u00e9 les siens, et qui les a livr\u00e9s.<\/p>\n<p>Face \u00e0 cette mont\u00e9e de l\u2019ins\u00e9curit\u00e9, une nouvelle g\u00e9n\u00e9ration de femmes se l\u00e8ve, hors des sentiers battus du f\u00e9minisme de gauche. C\u2019est le cas de <b>Lukreta<\/b> en Allemagne et du <b>Collectif N\u00e9m\u00e9sis<\/b>, en France, des groupes de jeunes femmes europ\u00e9ennes qui d\u00e9noncent le double discours des mouvements f\u00e9ministes. Contrairement aux Femen ou \u00e0 Osez le f\u00e9minisme, ces militantes de droite osent nommer les causes de l\u2019explosion des violences sexuelles : immigration massive, multiculturalisme impos\u00e9, suppressions des fronti\u00e8res. Elles incarnent une r\u00e9volte identitaire f\u00e9minine, lucide et courageuse, qui refuse de sacrifier les femmes europ\u00e9ennes sur l\u2019autel de la diversit\u00e9. Leur message est clair : <b>prot\u00e9ger les femmes, c\u2019est d\u2019abord prot\u00e9ger notre civilisation.<\/b><\/p>\n<p><strong>Matisse Royer, pour Vox Europa Herald<\/strong><\/p>\n<p>Cr\u00e9dit photo : DR<br \/>[cc] Breizh-info.com, 2025, d\u00e9p\u00eaches libres de copie et de diffusion sous r\u00e9serve de mention et de lien vers la source d\u2019origine<\/p>\n<p>\t\t\t\t<script async src=\"https:\/\/platform.twitter.com\/widgets.js\" charset=\"utf-8\"><\/script><\/p>\n","protected":false},"excerpt":{"rendered":"R\u00e9cemment, une horreur s\u2019est produite dans une piscine publique en Hesse, en Allemagne. Une horreur que les m\u00e9dias&hellip;\n","protected":false},"author":2,"featured_media":285849,"comment_status":"","ping_status":"","sticky":false,"template":"","format":"standard","meta":{"footnotes":""},"categories":[1587],"tags":[11,1862,672,1804,1805,1803,1777,674,1801,1061,42478,12,42479,1802],"class_list":{"0":"post-285848","1":"post","2":"type-post","3":"status-publish","4":"format-standard","5":"has-post-thumbnail","7":"category-allemagne","8":"tag-actualites","9":"tag-afd","10":"tag-allemagne","11":"tag-bundesrepublik-deutschland","12":"tag-de","13":"tag-deutschland","14":"tag-eu","15":"tag-europe","16":"tag-germany","17":"tag-immigration","18":"tag-matisse-royer","19":"tag-news","20":"tag-nguyen","21":"tag-republique-federale-dallemagne"},"share_on_mastodon":{"url":"https:\/\/pubeurope.com\/@fr\/114945884353885503","error":""},"_links":{"self":[{"href":"https:\/\/www.europesays.com\/fr\/wp-json\/wp\/v2\/posts\/285848","targetHints":{"allow":["GET"]}}],"collection":[{"href":"https:\/\/www.europesays.com\/fr\/wp-json\/wp\/v2\/posts"}],"about":[{"href":"https:\/\/www.europesays.com\/fr\/wp-json\/wp\/v2\/types\/post"}],"author":[{"embeddable":true,"href":"https:\/\/www.europesays.com\/fr\/wp-json\/wp\/v2\/users\/2"}],"replies":[{"embeddable":true,"href":"https:\/\/www.europesays.com\/fr\/wp-json\/wp\/v2\/comments?post=285848"}],"version-history":[{"count":0,"href":"https:\/\/www.europesays.com\/fr\/wp-json\/wp\/v2\/posts\/285848\/revisions"}],"wp:featuredmedia":[{"embeddable":true,"href":"https:\/\/www.europesays.com\/fr\/wp-json\/wp\/v2\/media\/285849"}],"wp:attachment":[{"href":"https:\/\/www.europesays.com\/fr\/wp-json\/wp\/v2\/media?parent=285848"}],"wp:term":[{"taxonomy":"category","embeddable":true,"href":"https:\/\/www.europesays.com\/fr\/wp-json\/wp\/v2\/categories?post=285848"},{"taxonomy":"post_tag","embeddable":true,"href":"https:\/\/www.europesays.com\/fr\/wp-json\/wp\/v2\/tags?post=285848"}],"curies":[{"name":"wp","href":"https:\/\/api.w.org\/{rel}","templated":true}]}}