{"id":285852,"date":"2025-07-31T04:10:12","date_gmt":"2025-07-31T04:10:12","guid":{"rendered":"https:\/\/www.europesays.com\/fr\/285852\/"},"modified":"2025-07-31T04:10:12","modified_gmt":"2025-07-31T04:10:12","slug":"18-etats-membres-dont-la-france-interesses-par-le-programme-dachat-en-commun-safe","status":"publish","type":"post","link":"https:\/\/www.europesays.com\/fr\/285852\/","title":{"rendered":"18 \u00c9tats membres, dont la France, int\u00e9ress\u00e9s par le programme d&rsquo;achat en commun \u00ab\u00a0Safe\u00a0\u00bb"},"content":{"rendered":"<p>&#13;<br \/>\n\tDix-huit \u00c9tats membres de l&rsquo;Union europ\u00e9enne (UE) ont jusqu&rsquo;\u00e0 pr\u00e9sent exprim\u00e9 leur int\u00e9r\u00eat pour le programme europ\u00e9en d&rsquo;achats d&rsquo;armements en commun destin\u00e9 \u00e0 renforcer les capacit\u00e9s de d\u00e9fense du bloc, pour un montant de 147 millions d&rsquo;euros, a d\u00e9clar\u00e9 la Commission europ\u00e9enne mercredi 30 juillet.<\/p>\n<p>&#13;<br \/>\n\tLe fonds, baptis\u00e9 \u00ab\u00a0Safe\u00a0\u00bb (Action de s\u00e9curit\u00e9 pour l&rsquo;Europe),  devrait \u00e0 terme permettre de lever 150 milliards d&rsquo;euros d&rsquo;investissements dans la d\u00e9fense. Les pays ont jusqu&rsquo;au 30 novembre pour soumettre leurs demandes.<\/p>\n<p>&#13;<br \/>\n\tLa Commission a pr\u00e9cis\u00e9 que l'\u00a0\u00bbint\u00e9r\u00eat fort\u00a0\u00bb initial pour ce programme lui permettait d\u00e9sormais de se pr\u00e9parer \u00e0 lever des fonds sur les march\u00e9s de capitaux.<\/p>\n<p>&#13;<br \/>\n\tLes pays ayant exprim\u00e9 leur int\u00e9r\u00eat incluent la France, la Belgique, la Bulgarie, Chypre, la Croatie, l&rsquo;Espagne, l&rsquo;Estonie, la Finlande, la Gr\u00e8ce, la Hongrie, l&rsquo;<a title=\"Informations et actualit\u00e9s \u00e9conomiques et industrielles en Italie\" href=\"https:\/\/www.usinenouvelle.com\/italie\/\" rel=\"nofollow noopener\" target=\"\" class=\"lien-contextuel\">Italie<\/a>, la Lettonie, la Lituanie, la Pologne, le Portugal, la R\u00e9publique tch\u00e8que, la Roumanie, la Slovaquie.<\/p>\n<p>&#13;<br \/>\n\t<strong>Avec Reuters (Bart Meijer, version fran\u00e7aise Elena Smirnova, \u00e9dit\u00e9 par Kate Entringer)<\/strong><\/p>\n<p class=\"editoTitleType1 editoTitleType1--lagoon is-uppercase\">S\u00e9lectionn\u00e9 <b>pour vous<\/b><\/p>\n<p>                                                                            <a class=\"editoCardType21__link editoCardType21__containerImage\" href=\"https:\/\/www.usinenouvelle.com\/article\/menaces-croissantes-sur-la-base-industrielle-de-defense-francaise-un-rapport-alarmantiste-de-la-drsd.N2235776\" data-xiti-name=\"2235776\" rel=\"nofollow noopener\" target=\"_blank\"><\/p>\n<p>                                                                                                                                                    <img decoding=\"async\" src=\"data:image\/gif;base64,R0lGODdhAQABAPAAAMPDwwAAACwAAAAAAQABAAACAkQBADs=\" data-original=\"\/mediatheque\/0\/2\/0\/001529020_256x170_c.jpeg\" alt=\"Des menaces croissantes sur la base industrielle de d\u00e9fense fran\u00e7aise : l'alerte de la DRSD\"\/><\/p>\n<p>                            <\/a><\/p>\n","protected":false},"excerpt":{"rendered":"&#13; Dix-huit \u00c9tats membres de l&rsquo;Union europ\u00e9enne (UE) ont jusqu&rsquo;\u00e0 pr\u00e9sent exprim\u00e9 leur int\u00e9r\u00eat pour le programme europ\u00e9en&hellip;\n","protected":false},"author":2,"featured_media":285853,"comment_status":"","ping_status":"","sticky":false,"template":"","format":"standard","meta":{"footnotes":""},"categories":[1586],"tags":[11,670,554,2125,1018,1777,674,1779,1011,27,2124,12,25,1778,364],"class_list":{"0":"post-285852","1":"post","2":"type-post","3":"status-publish","4":"format-standard","5":"has-post-thumbnail","7":"category-europe","8":"tag-actualites","9":"tag-aero-spatial","10":"tag-defense","11":"tag-depeches-reuters","12":"tag-economie-de-guerre","13":"tag-eu","14":"tag-europe","15":"tag-european-union","16":"tag-fr","17":"tag-france","18":"tag-infos-reuters","19":"tag-news","20":"tag-republique-francaise","21":"tag-ue","22":"tag-union-europeenne"},"share_on_mastodon":{"url":"https:\/\/pubeurope.com\/@fr\/114945892233556972","error":""},"_links":{"self":[{"href":"https:\/\/www.europesays.com\/fr\/wp-json\/wp\/v2\/posts\/285852","targetHints":{"allow":["GET"]}}],"collection":[{"href":"https:\/\/www.europesays.com\/fr\/wp-json\/wp\/v2\/posts"}],"about":[{"href":"https:\/\/www.europesays.com\/fr\/wp-json\/wp\/v2\/types\/post"}],"author":[{"embeddable":true,"href":"https:\/\/www.europesays.com\/fr\/wp-json\/wp\/v2\/users\/2"}],"replies":[{"embeddable":true,"href":"https:\/\/www.europesays.com\/fr\/wp-json\/wp\/v2\/comments?post=285852"}],"version-history":[{"count":0,"href":"https:\/\/www.europesays.com\/fr\/wp-json\/wp\/v2\/posts\/285852\/revisions"}],"wp:featuredmedia":[{"embeddable":true,"href":"https:\/\/www.europesays.com\/fr\/wp-json\/wp\/v2\/media\/285853"}],"wp:attachment":[{"href":"https:\/\/www.europesays.com\/fr\/wp-json\/wp\/v2\/media?parent=285852"}],"wp:term":[{"taxonomy":"category","embeddable":true,"href":"https:\/\/www.europesays.com\/fr\/wp-json\/wp\/v2\/categories?post=285852"},{"taxonomy":"post_tag","embeddable":true,"href":"https:\/\/www.europesays.com\/fr\/wp-json\/wp\/v2\/tags?post=285852"}],"curies":[{"name":"wp","href":"https:\/\/api.w.org\/{rel}","templated":true}]}}