{"id":285856,"date":"2025-07-31T04:12:24","date_gmt":"2025-07-31T04:12:24","guid":{"rendered":"https:\/\/www.europesays.com\/fr\/285856\/"},"modified":"2025-07-31T04:12:24","modified_gmt":"2025-07-31T04:12:24","slug":"rsa-assurance-chomage-pauvrete-face-a-lexplosion-des-inegalites-une-flopee-de-mesures-insensees-liberation","status":"publish","type":"post","link":"https:\/\/www.europesays.com\/fr\/285856\/","title":{"rendered":"RSA, assurance ch\u00f4mage, pauvret\u00e9\u2026 Face \u00e0 l\u2019explosion des in\u00e9galit\u00e9s, une flop\u00e9e de mesures insens\u00e9es \u2013 Lib\u00e9ration"},"content":{"rendered":"<p class=\"sc-ksZaOG ehjQrN text-element\">Nappe rouge d\u00e9ploy\u00e9e sur une table \u00e0 la longueur interminable, verres d\u2019eau, de jus d\u2019orange et caf\u00e9s, ils \u00e9taient une vingtaine de repr\u00e9sentants des associations de solidarit\u00e9 \u00e0 s\u2019aligner face \u00e0 deux ministres et au premier d\u2019entre eux, Fran\u00e7ois Bayrou, \u00e0 l\u2019h\u00f4tel de Matignon, le 3 juillet. Les chevalets permettaient aux uns et aux autres de s\u2019identifier pour cette premi\u00e8re rencontre avec le chef du gouvernement, pr\u00e8s de sept mois apr\u00e8s sa nomination. La discussion a fil\u00e9 deux heures durant sur l\u2019exclusion, la strat\u00e9gie de lutte contre la pauvret\u00e9, <a href=\"https:\/\/www.liberation.fr\/economie\/social\/versement-des-allocations-macron-des-sources-20220902_K6AUXSWN6ZDZ5APNLGA43BCNWM\/\" target=\"_blank\" rel=\"nofollow noopener\" title=\"https:\/\/www.liberation.fr\/economie\/social\/versement-des-allocations-macron-des-sources-20220902_K6AUXSWN6ZDZ5APNLGA43BCNWM\/\">la solidarit\u00e9 \u00e0 la source<\/a>, les difficult\u00e9s des associations, la future allocation sociale unifi\u00e9e\u2026 \u00abLe Premier ministre et les ministres pr\u00e9sentes ont [\u2026] tenu \u00e0 renouveler leur gratitude et leur reconnaissance pour l\u2019engagement [des associations et des professionnels] sans faille\u00bb, relate le communiqu\u00e9 officiel. La nette accalmie de l\u2019inflation (attendue autour de 1,3 % cette ann\u00e9e) a bien \u00e9t\u00e9 \u00e9voqu\u00e9e, mais <a href=\"https:\/\/www.liberation.fr\/economie\/social\/retraites-modestes-chomeurs-pauvres-qui-sont-les-principales-victimes-du-projet-de-bayrou-pour-le-budget-2026-20250717_WNHBOFO2ZBGJDHXV22KN5WHGIM\/\" target=\"_blank\" rel=\"nofollow noopener\" title=\"htt&lt;\/p&gt;&lt;\/div&gt;&lt;\/article&gt;&lt;\/div&gt;&lt;div data-fusion-lazy-id=\" f0f8vgvlad832fw=\"\"><\/p>\n","protected":false},"excerpt":{"rendered":"Nappe rouge d\u00e9ploy\u00e9e sur une table \u00e0 la longueur interminable, verres d\u2019eau, de jus d\u2019orange et caf\u00e9s, ils&hellip;\n","protected":false},"author":2,"featured_media":285857,"comment_status":"","ping_status":"","sticky":false,"template":"","format":"standard","meta":{"footnotes":""},"categories":[2],"tags":[11,214,1011,27,12,4518,25,12097],"class_list":{"0":"post-285856","1":"post","2":"type-post","3":"status-publish","4":"format-standard","5":"has-post-thumbnail","7":"category-actualites","8":"tag-actualites","9":"tag-chomage","10":"tag-fr","11":"tag-france","12":"tag-news","13":"tag-pauvrete","14":"tag-republique-francaise","15":"tag-rsa"},"share_on_mastodon":{"url":"https:\/\/pubeurope.com\/@fr\/114945900140930676","error":""},"_links":{"self":[{"href":"https:\/\/www.europesays.com\/fr\/wp-json\/wp\/v2\/posts\/285856","targetHints":{"allow":["GET"]}}],"collection":[{"href":"https:\/\/www.europesays.com\/fr\/wp-json\/wp\/v2\/posts"}],"about":[{"href":"https:\/\/www.europesays.com\/fr\/wp-json\/wp\/v2\/types\/post"}],"author":[{"embeddable":true,"href":"https:\/\/www.europesays.com\/fr\/wp-json\/wp\/v2\/users\/2"}],"replies":[{"embeddable":true,"href":"https:\/\/www.europesays.com\/fr\/wp-json\/wp\/v2\/comments?post=285856"}],"version-history":[{"count":0,"href":"https:\/\/www.europesays.com\/fr\/wp-json\/wp\/v2\/posts\/285856\/revisions"}],"wp:featuredmedia":[{"embeddable":true,"href":"https:\/\/www.europesays.com\/fr\/wp-json\/wp\/v2\/media\/285857"}],"wp:attachment":[{"href":"https:\/\/www.europesays.com\/fr\/wp-json\/wp\/v2\/media?parent=285856"}],"wp:term":[{"taxonomy":"category","embeddable":true,"href":"https:\/\/www.europesays.com\/fr\/wp-json\/wp\/v2\/categories?post=285856"},{"taxonomy":"post_tag","embeddable":true,"href":"https:\/\/www.europesays.com\/fr\/wp-json\/wp\/v2\/tags?post=285856"}],"curies":[{"name":"wp","href":"https:\/\/api.w.org\/{rel}","templated":true}]}}