{"id":285858,"date":"2025-07-31T04:13:14","date_gmt":"2025-07-31T04:13:14","guid":{"rendered":"https:\/\/www.europesays.com\/fr\/285858\/"},"modified":"2025-07-31T04:13:14","modified_gmt":"2025-07-31T04:13:14","slug":"tour-de-france-femmes-le-parcours-et-le-profil-de-letape-6-entre-clermont-ferrand-et-ambert","status":"publish","type":"post","link":"https:\/\/www.europesays.com\/fr\/285858\/","title":{"rendered":"Tour de France femmes\u00a0: le parcours et le profil de l\u2019\u00e9tape 6 entre Clermont-Ferrand et Ambert"},"content":{"rendered":"<p class=\"paragraph text_align_left lp-f-body-02\">Apr\u00e8s une journ\u00e9e d\u2019accalmie dans les paysages vallonn\u00e9s de la Creuse, le <a href=\"https:\/\/www.leparisien.fr\/sports\/cyclisme\/tour-de-france-feminin\/\" target=\"_self\" rel=\"noopener\">Tour de France femmes<\/a> entre dans le vif du sujet. Cap sur le puy de D\u00f4me, et surtout sur la montagne. Ce sixi\u00e8me acte d\u00e9bute en plein c\u0153ur de Clermont-Ferrand, sur la place de Jaude, avant d\u2019emmener le peloton pour une journ\u00e9e exigeante de 124 km, en mont\u00e9e progressive vers les hauteurs auvergnates.<\/p>\n<p class=\"paragraph text_align_left lp-f-body-02\">Le parcours commence en douceur avec la c\u00f4te de Courpi\u00e8re, puis celle d\u2019Augerolles. Il faudra attendre le 54e kilom\u00e8tre, o\u00f9 le peloton arrivera au pied du col du B\u00e9al : 10,2 km d\u2019ascension \u00e0 5,6 % de moyenne. <\/p>\n<p><img decoding=\"async\" class=\"image \" loading=\"lazy\" src=\"https:\/\/www.europesays.com\/fr\/wp-content\/uploads\/2025\/07\/MWALQ7B34RFVRN3YRPXHG6J2DA.jpg\" alt=\"\" align=\"\" data-rubrique-principale=\"\" data-article-type=\"\" fetchpriority=\"auto\"\/><\/p>\n<p class=\"paragraph text_align_left lp-f-body-02\">Une descente technique plus tard, o\u00f9 les coureuses devront encha\u00eener avec le col du Chansert, puis la c\u00f4te de Valcivi\u00e8res. La derni\u00e8re partie, en descente, m\u00e8ne vers une arriv\u00e9e pr\u00e9vue \u00e0 Ambert.<\/p>\n","protected":false},"excerpt":{"rendered":"Apr\u00e8s une journ\u00e9e d\u2019accalmie dans les paysages vallonn\u00e9s de la Creuse, le Tour de France femmes entre dans&hellip;\n","protected":false},"author":2,"featured_media":285859,"comment_status":"","ping_status":"","sticky":false,"template":"","format":"standard","meta":{"footnotes":""},"categories":[4],"tags":[11,207,459,1011,27,12,25,60,26588],"class_list":{"0":"post-285858","1":"post","2":"type-post","3":"status-publish","4":"format-standard","5":"has-post-thumbnail","7":"category-france","8":"tag-actualites","9":"tag-cyclisme","10":"tag-departements-horsidfo","11":"tag-fr","12":"tag-france","13":"tag-news","14":"tag-republique-francaise","15":"tag-sports","16":"tag-tour-de-france-feminin"},"share_on_mastodon":{"url":"https:\/\/pubeurope.com\/@fr\/114945904047829250","error":""},"_links":{"self":[{"href":"https:\/\/www.europesays.com\/fr\/wp-json\/wp\/v2\/posts\/285858","targetHints":{"allow":["GET"]}}],"collection":[{"href":"https:\/\/www.europesays.com\/fr\/wp-json\/wp\/v2\/posts"}],"about":[{"href":"https:\/\/www.europesays.com\/fr\/wp-json\/wp\/v2\/types\/post"}],"author":[{"embeddable":true,"href":"https:\/\/www.europesays.com\/fr\/wp-json\/wp\/v2\/users\/2"}],"replies":[{"embeddable":true,"href":"https:\/\/www.europesays.com\/fr\/wp-json\/wp\/v2\/comments?post=285858"}],"version-history":[{"count":0,"href":"https:\/\/www.europesays.com\/fr\/wp-json\/wp\/v2\/posts\/285858\/revisions"}],"wp:featuredmedia":[{"embeddable":true,"href":"https:\/\/www.europesays.com\/fr\/wp-json\/wp\/v2\/media\/285859"}],"wp:attachment":[{"href":"https:\/\/www.europesays.com\/fr\/wp-json\/wp\/v2\/media?parent=285858"}],"wp:term":[{"taxonomy":"category","embeddable":true,"href":"https:\/\/www.europesays.com\/fr\/wp-json\/wp\/v2\/categories?post=285858"},{"taxonomy":"post_tag","embeddable":true,"href":"https:\/\/www.europesays.com\/fr\/wp-json\/wp\/v2\/tags?post=285858"}],"curies":[{"name":"wp","href":"https:\/\/api.w.org\/{rel}","templated":true}]}}