{"id":285862,"date":"2025-07-31T04:17:14","date_gmt":"2025-07-31T04:17:14","guid":{"rendered":"https:\/\/www.europesays.com\/fr\/285862\/"},"modified":"2025-07-31T04:17:14","modified_gmt":"2025-07-31T04:17:14","slug":"katie-et-moi-aimerions-demander-une-wild-card-de-minaur-et-boulter-reclament-leur-invitation-au-double-mixte-de-lus-open","status":"publish","type":"post","link":"https:\/\/www.europesays.com\/fr\/285862\/","title":{"rendered":"\u00ab Katie et moi aimerions demander une wild card \u00bb, De Minaur et Boulter r\u00e9clament leur invitation au double mixte de l\u2019US Open"},"content":{"rendered":"<p>                <img decoding=\"async\" src=\"https:\/\/www.europesays.com\/fr\/wp-content\/uploads\/2025\/07\/E145.jpg\" alt=\"\u00ab Katie et moi aimerions demander une wild card \u00bb, De Minaur et Boulter r\u00e9clament leur invitation au double mixte de l\u2019US Open\"\/><\/p>\n<p>Hier, l\u2019US Open a officialis\u00e9 14 des 16 \u00e9quipes qui participeront \u00e0 la nouvelle comp\u00e9tition de double mixte (19-20 ao\u00fbt).<\/p>\n<p>Avec deux wild cards restantes \u00e0 attribuer, Alex De Minaur et Katie Boulter gardent espoir de participer \u00e0 l\u2019\u00e9preuve. L\u2019Australien, 8e mondial, a ainsi effectu\u00e9 sa demande sur son compte X (ex-Twitter) aupr\u00e8s des organisateurs :<\/p>\n<p><strong>\u00ab Katie et moi aimerions demander une wild card, s\u2019il vous pla\u00eet. \u00bb<\/strong><\/p>\n<p>Les fianc\u00e9s devront attendre quelques jours avant de savoir s\u2019ils recevront l\u2019un des pr\u00e9cieux s\u00e9sames. Pour rappel, la paire gagnante recevra la somme d\u2019un million de dollars.<\/p>\n","protected":false},"excerpt":{"rendered":"Hier, l\u2019US Open a officialis\u00e9 14 des 16 \u00e9quipes qui participeront \u00e0 la nouvelle comp\u00e9tition de double mixte&hellip;\n","protected":false},"author":2,"featured_media":285863,"comment_status":"","ping_status":"","sticky":false,"template":"","format":"standard","meta":{"footnotes":""},"categories":[1415],"tags":[1011,27,60,1467],"class_list":{"0":"post-285862","1":"post","2":"type-post","3":"status-publish","4":"format-standard","5":"has-post-thumbnail","7":"category-tennis","8":"tag-fr","9":"tag-france","10":"tag-sports","11":"tag-tennis"},"share_on_mastodon":{"url":"https:\/\/pubeurope.com\/@fr\/114945919758291344","error":""},"_links":{"self":[{"href":"https:\/\/www.europesays.com\/fr\/wp-json\/wp\/v2\/posts\/285862","targetHints":{"allow":["GET"]}}],"collection":[{"href":"https:\/\/www.europesays.com\/fr\/wp-json\/wp\/v2\/posts"}],"about":[{"href":"https:\/\/www.europesays.com\/fr\/wp-json\/wp\/v2\/types\/post"}],"author":[{"embeddable":true,"href":"https:\/\/www.europesays.com\/fr\/wp-json\/wp\/v2\/users\/2"}],"replies":[{"embeddable":true,"href":"https:\/\/www.europesays.com\/fr\/wp-json\/wp\/v2\/comments?post=285862"}],"version-history":[{"count":0,"href":"https:\/\/www.europesays.com\/fr\/wp-json\/wp\/v2\/posts\/285862\/revisions"}],"wp:featuredmedia":[{"embeddable":true,"href":"https:\/\/www.europesays.com\/fr\/wp-json\/wp\/v2\/media\/285863"}],"wp:attachment":[{"href":"https:\/\/www.europesays.com\/fr\/wp-json\/wp\/v2\/media?parent=285862"}],"wp:term":[{"taxonomy":"category","embeddable":true,"href":"https:\/\/www.europesays.com\/fr\/wp-json\/wp\/v2\/categories?post=285862"},{"taxonomy":"post_tag","embeddable":true,"href":"https:\/\/www.europesays.com\/fr\/wp-json\/wp\/v2\/tags?post=285862"}],"curies":[{"name":"wp","href":"https:\/\/api.w.org\/{rel}","templated":true}]}}