{"id":285866,"date":"2025-07-31T04:20:09","date_gmt":"2025-07-31T04:20:09","guid":{"rendered":"https:\/\/www.europesays.com\/fr\/285866\/"},"modified":"2025-07-31T04:20:09","modified_gmt":"2025-07-31T04:20:09","slug":"f1-horner-vire-un-cataclysme-qui-laisse-verstappen-glacial-ingratitude-ou-rancoeur","status":"publish","type":"post","link":"https:\/\/www.europesays.com\/fr\/285866\/","title":{"rendered":"F1 Horner vir\u00e9, un cataclysme qui laisse Verstappen glacial, ingratitude ou rancoeur ?"},"content":{"rendered":"<p>En F1, Max Verstappen n\u2019a \u00e9videmment pas \u00e9t\u00e9 touch\u00e9 par l\u2019\u00e9viction de Christian Horner, aussi soudaine pouvait-elle paraitre. Mais on imagine que le N\u00e9erlandais avait \u00e9t\u00e9 inform\u00e9 en amont des plans des dirigeants de Red Bull pour l\u2019\u00e9curie de F1. Toutefois, la r\u00e9action publique du quadruple champion du monde a presque de quoi choquer, tant l\u2019int\u00e9ress\u00e9 s\u2019est montr\u00e9 impassible\u2026<\/p>\n<p>F1 : Christian Horner esseul\u00e9 avant son licenciement ?<\/p>\n<p>Max Verstappen a-t-il d\u00e9j\u00e0 oubli\u00e9 \u00e0 quel point les quatre titres remport\u00e9s ces derni\u00e8res saisons \u00e9taient intimement li\u00e9es \u00e0 la gestion de Christian Horner, en tant que patron de l\u2019\u00e9quipe Red Bull Racing ? Probablement que non. Toutefois, les tensions apparues entre le britannique et Helmut Marko, petit pr\u00e9f\u00e9r\u00e9 du champion en titre, de longue date et proche de la famille, ont sans aucun doute accentu\u00e9 le fauss\u00e9 s\u00e9parant les deux parties.<\/p>\n<p>D\u2019o\u00f9 ce qui peut apparaitre comme un soulagement, pour Max, avec une situation potentiellement plus apais\u00e9e car d\u00e9nu\u00e9e de guerre des chefs et davantage propice \u00e0 la progression de l\u2019\u00e9curie autrichienne, actuellement en difficult\u00e9. Reste maintenant \u00e0 d\u00e9terminer si son successeur, le Fran\u00e7ais <a href=\"https:\/\/lemagsportauto.ouest-france.fr\/tag\/laurent-mekies\/\" target=\"_blank\" rel=\"noopener nofollow\">Laurent Mekies<\/a>, sera \u00e0 m\u00eame de r\u00e9ussir un tel parcours, ponctu\u00e9 de multiples titres de champion du monde. Car avant Max Verstappen, Sebastian Vettel avait, lui aussi, beaucoup gagn\u00e9\u2026<\/p>\n<p>C\u2019est donc jeudi dernier, lors de la conf\u00e9rence pr\u00e9c\u00e9dant le Grand-Prix de Belgique de F1 2025 que Max Verstappen a r\u00e9pondu aux journalistes qui r\u00e9clamaient sa r\u00e9action, apr\u00e8s ce changement de taille, \u00e0 la t\u00eate de l\u2019\u00e9curie Red Bull Racing.<\/p>\n<p>\u201cLes actionnaires me l\u2019ont dit.\u201d, avouait alors le pilote n\u00e9erlandais. \u201cJ\u2019ai une bonne relation avec eux, donc je pense que c\u2019est assez normal qu\u2019ils informent certaines personnes dans l\u2019\u00e9quipe avant que ce soit public. Je pense que c\u2019est une pratique classique. Au final, dans ce monde, ce genre de chose peut arriver. Et quand ils me l\u2019ont dit, je me suis dit \u2018OK\u2019. Ce n\u2019est pas comme s\u2019ils avaient dit \u2018C\u2019est notre d\u00e9cision\u2019 et qu\u2019ils avaient raccroch\u00e9, on a eu une discussion sur le sujet. Je n\u2019ai pas besoin d\u2019entrer dans le d\u00e9tail de ce qu\u2019ils ont dit mais [j\u2019ai dit] \u2018OK, si vous pensez que c\u2019est la solution, je suis le pilote, vous d\u00e9cidez, et c\u2019est comme \u00e7a que cela va se passer\u2019.\u201d<\/p>\n<p>\u201cLe management et, \u00e9videmment, les actionnaires, ont d\u00e9cid\u00e9 qu\u2019ils voulaient un changement et au final, ce sont eux qui g\u00e8rent l\u2019\u00e9quipe\u201d, poursuit alors l\u2019int\u00e9ress\u00e9. Je suis le pilote donc quoiqu\u2019ils d\u00e9cident, c\u2019est dans leur bon droit. Et c\u2019est ce qu\u2019il s\u2019est pass\u00e9 en fait. En m\u00eame temps, si on regarde les 20 ann\u00e9es de Red Bull, je pense que nous avons eu de grandes ann\u00e9es, de grands r\u00e9sultats.\u201d<\/p>\n<blockquote class=\"twitter-tweet\">\n<p dir=\"ltr\" lang=\"en\">Max Verstappen reflects on Christian Horner\u2019s Red Bull exit and insists it has \u201cno influence\u201d on his future <a href=\"https:\/\/twitter.com\/hashtag\/F1?src=hash&amp;ref_src=twsrc%5Etfw\" target=\"_blank\" rel=\"noopener nofollow\">#F1<\/a> <a href=\"https:\/\/twitter.com\/hashtag\/BelgianGP?src=hash&amp;ref_src=twsrc%5Etfw\" target=\"_blank\" rel=\"noopener nofollow\">#BelgianGP<\/a><a href=\"https:\/\/t.co\/hucG8hZSvJ\" rel=\"nofollow\">https:\/\/t.co\/hucG8hZSvJ<\/a><\/p>\n<p>\u2014 Formula 1 (@F1) <a href=\"https:\/\/twitter.com\/F1\/status\/1948449854298226866?ref_src=twsrc%5Etfw\" target=\"_blank\" rel=\"noopener nofollow\">July 24, 2025<\/a><\/p>\n<\/blockquote>\n<p>\u201cMaintenant, naturellement, il y a aussi des saisons qui ne se passent pas si bien et je pense que depuis un an et demi, \u00e7a ne s\u2019est pas pass\u00e9 comme nous l\u2019aurions voulu. Et oui, le management a probablement d\u00e9cid\u00e9 qu\u2019ils voulaient un changement de cap. De toute fa\u00e7on, tout le monde doit l\u2019accepter et regarder vers l\u2019avenir, et je regarde vers l\u2019avenir. J\u2019ai d\u00e9j\u00e0 eu quelques r\u00e9unions avec Laurent. Les deux derni\u00e8res semaines ont \u00e9t\u00e9 assez intenses pour lui, pour s\u2019int\u00e9grer.\u201d<\/p>\n<p>\u201cJe suis \u00e9galement ravi que l\u2019\u00e9quipe avance, parce que c\u2019est ce que nous devons faire. \u00c7a n\u2019a pas de sens de regarder en arri\u00e8re, cela ne rend pas plus rapide, mais \u00e9videmment il faut accorder de la valeur \u00e0 ces 20 ann\u00e9es et, de mon c\u00f4t\u00e9, aux dix ou 11 ans que j\u2019ai pass\u00e9s chez Red Bull. On s\u2019en rappellera toujours. Et, par exemple, la relation entre Christian et moi ne change pas. \u00c9videmment, il n\u2019est plus l\u00e0 pour le week-end de course, mais \u00e7a reste ma deuxi\u00e8me famille.\u201d[\u2026], temp\u00e8re finalement Max, histoire, sans doute, d\u2019apaiser la situation et de ne pas attiser le feu m\u00e9diatique, concernant sa propre relation avec l\u2019Anglais.<\/p>\n<p>En clair, tout semble d\u00e9sormais r\u00e9uni pour que les deux parties reprennent leur marche en avant, afin d\u2019aligner les sacres, \u00e0 l\u2019avenir, en F1. Peut-\u00eatre, aussi, une fa\u00e7on pour Red Bull Racing de s\u2019assurer de la pr\u00e9sence de son pilote \u00e0 moyen\/long terme. Sans avoir \u00e0 grandement modifier la philosophie d\u2019une monoplace, qu\u2019il reste \u00e0 ce jour le seul capable \u00e0 piloter efficacement.<\/p>\n<p>Article publi\u00e9 le 31\/07\/2025 \u00e0 5h40<\/p>\n<p>                                                            <script async src=\"https:\/\/platform.twitter.com\/widgets.js\" charset=\"utf-8\"><\/script><\/p>\n","protected":false},"excerpt":{"rendered":"En F1, Max Verstappen n\u2019a \u00e9videmment pas \u00e9t\u00e9 touch\u00e9 par l\u2019\u00e9viction de Christian Horner, aussi soudaine pouvait-elle paraitre.&hellip;\n","protected":false},"author":2,"featured_media":285867,"comment_status":"","ping_status":"","sticky":false,"template":"","format":"standard","meta":{"footnotes":""},"categories":[1412],"tags":[1451,1452,1453,1454,1455,1011,27,2236,60],"class_list":{"0":"post-285866","1":"post","2":"type-post","3":"status-publish","4":"format-standard","5":"has-post-thumbnail","7":"category-f1","8":"tag-f1","9":"tag-formula-1","10":"tag-formula1","11":"tag-formule-1","12":"tag-formule1","13":"tag-fr","14":"tag-france","15":"tag-max-verstappen","16":"tag-sports"},"share_on_mastodon":{"url":"https:\/\/pubeurope.com\/@fr\/114945931535038335","error":""},"_links":{"self":[{"href":"https:\/\/www.europesays.com\/fr\/wp-json\/wp\/v2\/posts\/285866","targetHints":{"allow":["GET"]}}],"collection":[{"href":"https:\/\/www.europesays.com\/fr\/wp-json\/wp\/v2\/posts"}],"about":[{"href":"https:\/\/www.europesays.com\/fr\/wp-json\/wp\/v2\/types\/post"}],"author":[{"embeddable":true,"href":"https:\/\/www.europesays.com\/fr\/wp-json\/wp\/v2\/users\/2"}],"replies":[{"embeddable":true,"href":"https:\/\/www.europesays.com\/fr\/wp-json\/wp\/v2\/comments?post=285866"}],"version-history":[{"count":0,"href":"https:\/\/www.europesays.com\/fr\/wp-json\/wp\/v2\/posts\/285866\/revisions"}],"wp:featuredmedia":[{"embeddable":true,"href":"https:\/\/www.europesays.com\/fr\/wp-json\/wp\/v2\/media\/285867"}],"wp:attachment":[{"href":"https:\/\/www.europesays.com\/fr\/wp-json\/wp\/v2\/media?parent=285866"}],"wp:term":[{"taxonomy":"category","embeddable":true,"href":"https:\/\/www.europesays.com\/fr\/wp-json\/wp\/v2\/categories?post=285866"},{"taxonomy":"post_tag","embeddable":true,"href":"https:\/\/www.europesays.com\/fr\/wp-json\/wp\/v2\/tags?post=285866"}],"curies":[{"name":"wp","href":"https:\/\/api.w.org\/{rel}","templated":true}]}}