{"id":285868,"date":"2025-07-31T04:21:30","date_gmt":"2025-07-31T04:21:30","guid":{"rendered":"https:\/\/www.europesays.com\/fr\/285868\/"},"modified":"2025-07-31T04:21:30","modified_gmt":"2025-07-31T04:21:30","slug":"javais-envie-de-faire-ce-criterium","status":"publish","type":"post","link":"https:\/\/www.europesays.com\/fr\/285868\/","title":{"rendered":"J&rsquo;avais envie de faire ce crit\u00e9rium"},"content":{"rendered":"<p>            Par<br \/>\n        <strong><br \/>\n            <a href=\"https:\/\/actu.fr\/auteur\/patrick-oger\" title=\"Consulter tous les articles de Patrick Oger\" rel=\"nofollow noopener\" target=\"_blank\">Patrick Oger<\/a><br \/>\n        <\/strong><\/p>\n<p>        Publi\u00e9 le<\/p>\n<p>            30 juil. 2025 \u00e0 16h53        <\/p>\n<p>Jordan Jegat, 10e du Tour de France, faisait partie des coureurs les plus attendus mardi 29 juillet 2025 sur le crit\u00e9rium d\u2019apr\u00e8s Tour de France de Lisieux. Entretien.<\/p>\n<p class=\" wall-content\"><strong>Jordan Jegat, quel bilan dressez-vous de votre Tour de France avec notamment cette 10e place du classement g\u00e9n\u00e9ral ?<\/strong><\/p>\n<p class=\" wall-content\">Cela a \u00e9t\u00e9 au del\u00e0 de mes esp\u00e9rances pour le classement g\u00e9n\u00e9ral, je visais des \u00e9tapes. Dans la montagne, j\u2019\u00e9tais au m\u00eame niveau que l\u2019an dernier. A la diff\u00e9rence de l\u2019an dernier, je n\u2019ai pas eu \u00e0 rouler pour mon leader. De plus, j\u2019ai eu la chance de passer le Tour de France sans grosse chute et sans \u00eatre malade. J\u2019ai eu une \u00e9tape ou deux difficiles dont Hautacam mais j\u2019ai r\u00e9ussi \u00e0 limiter la casse \u00e0 chaque fois.<\/p>\n<p class=\" wall-content\"><strong>Comment avez-vous v\u00e9cu de l\u2019int\u00e9rieur la domination de Tadej Pogacar ?<\/strong><\/p>\n<p class=\" wall-content\">Je n\u2019ai pas vu grand chose (sourire) car nous \u00e9tions vite d\u00e9croch\u00e9s en fait. Maintenant, je crois, tout simplement, que le vainqueur a gagn\u00e9.<\/p>\n<p class=\" wall-content\"><strong>Vous retrouvez Ben Healy sur le crit\u00e9rium de Lisieux, lui qui vous devance au classement du super combatif. Qu\u2019est-ce que cela vous inspire ?<\/strong><\/p>\n<p class=\" wall-content\">Il m\u00e9ritait tout simplement plus que moi. Il a \u00e9t\u00e9 combatif d\u00e8s le d\u00e9but du Tour. D\u2019ailleurs, il a gagn\u00e9 une \u00e9tape. Il m\u00e9rite ce titre.<\/p>\n<p class=\" wall-content\"><strong>Connaissez-vous le crit\u00e9rium de Lisieux ?<\/strong><\/p>\n<p class=\" wall-content\">J\u2019ai d\u00e9j\u00e0 fait des crit\u00e9riums mais pas forc\u00e9ment en France. Il ne me manquait plus que Lisieux. Le crit\u00e9rium de Lisieux est tr\u00e8s connu dans le peloton. Il existe depuis longtemps. J\u2019avais envie de faire ce crit\u00e9rium.<\/p>\n<p class=\" wall-content\"><strong>Enfin, quel est votre programme d\u00e9sormais ?<\/strong><\/p>\n<p class=\" wall-content\">Je vais faire le Tour de l\u2019Ain en ao\u00fbt. Ensuite, je coupe. Puis, j\u2019esp\u00e8re faire le championnat du monde. J\u2019esp\u00e8re que Thomas Voeckler (le s\u00e9lectionneur national) pensera \u00e0 moi.<\/p>\n<p class=\" wall-content\">Suivez toute l\u2019actualit\u00e9 de vos villes et m\u00e9dias favoris en vous inscrivant \u00e0 <a href=\"https:\/\/moncompte.actu.fr\" title=\"D\u00e9couvez Mon Actu\" rel=\"nofollow noopener\" data-trk=\"{&quot;cta&quot;:{&quot;action&quot;:&quot;https:\\\/\\\/moncompte.actu.fr&quot;,&quot;category&quot;:&quot;mon compte&quot;,&quot;from&quot;:&quot;article footer&quot;,&quot;name&quot;:&quot;Mon actu&quot;,&quot;type&quot;:&quot;cta&quot;}}\" target=\"_blank\">Mon Actu<\/a>.<\/p>\n","protected":false},"excerpt":{"rendered":"Par Patrick Oger Publi\u00e9 le 30 juil. 2025 \u00e0 16h53 Jordan Jegat, 10e du Tour de France, faisait&hellip;\n","protected":false},"author":2,"featured_media":285869,"comment_status":"","ping_status":"","sticky":false,"template":"","format":"standard","meta":{"footnotes":""},"categories":[1411],"tags":[1154,207,1011,27,60,210],"class_list":{"0":"post-285868","1":"post","2":"type-post","3":"status-publish","4":"format-standard","5":"has-post-thumbnail","7":"category-cyclisme","8":"tag-cycling","9":"tag-cyclisme","10":"tag-fr","11":"tag-france","12":"tag-sports","13":"tag-tour-de-france"},"share_on_mastodon":{"url":"https:\/\/pubeurope.com\/@fr\/114945935455912334","error":""},"_links":{"self":[{"href":"https:\/\/www.europesays.com\/fr\/wp-json\/wp\/v2\/posts\/285868","targetHints":{"allow":["GET"]}}],"collection":[{"href":"https:\/\/www.europesays.com\/fr\/wp-json\/wp\/v2\/posts"}],"about":[{"href":"https:\/\/www.europesays.com\/fr\/wp-json\/wp\/v2\/types\/post"}],"author":[{"embeddable":true,"href":"https:\/\/www.europesays.com\/fr\/wp-json\/wp\/v2\/users\/2"}],"replies":[{"embeddable":true,"href":"https:\/\/www.europesays.com\/fr\/wp-json\/wp\/v2\/comments?post=285868"}],"version-history":[{"count":0,"href":"https:\/\/www.europesays.com\/fr\/wp-json\/wp\/v2\/posts\/285868\/revisions"}],"wp:featuredmedia":[{"embeddable":true,"href":"https:\/\/www.europesays.com\/fr\/wp-json\/wp\/v2\/media\/285869"}],"wp:attachment":[{"href":"https:\/\/www.europesays.com\/fr\/wp-json\/wp\/v2\/media?parent=285868"}],"wp:term":[{"taxonomy":"category","embeddable":true,"href":"https:\/\/www.europesays.com\/fr\/wp-json\/wp\/v2\/categories?post=285868"},{"taxonomy":"post_tag","embeddable":true,"href":"https:\/\/www.europesays.com\/fr\/wp-json\/wp\/v2\/tags?post=285868"}],"curies":[{"name":"wp","href":"https:\/\/api.w.org\/{rel}","templated":true}]}}