{"id":285874,"date":"2025-07-31T04:25:20","date_gmt":"2025-07-31T04:25:20","guid":{"rendered":"https:\/\/www.europesays.com\/fr\/285874\/"},"modified":"2025-07-31T04:25:20","modified_gmt":"2025-07-31T04:25:20","slug":"pujols-40e-foire-aux-livres-damnesty-international","status":"publish","type":"post","link":"https:\/\/www.europesays.com\/fr\/285874\/","title":{"rendered":"Pujols. 40e foire aux livres d\u2019Amnesty International"},"content":{"rendered":"<p>La Foire aux livres anciens au profit d\u2019Amnesty International est accueillie depuis 40 ans \u00e0 Pujols, village m\u00e9di\u00e9val class\u00e9 Plus beaux villages de France. Pas de doute ! Ce dimanche 3 ao\u00fbt attirera, comme toujours, la foule des grands jours quand il s\u2019agit de participer \u00e0 une manifestation faisant appel \u00e0 la g\u00e9n\u00e9rosit\u00e9 et \u00e0 la solidarit\u00e9. De plus, tous les lecteurs, ceux pour qui le livre et les mots sont des passeports pour des voyages immobiles vers l\u2019univers des id\u00e9es et du r\u00eave, seront l\u00e0 pour y trouver le bonheur : \u00ab\u00a0leur\u00a0\u00bb livre qui se trouve parmi tous ceux qui semblent attendre \u00ab\u00a0leur\u00a0\u00bb lecteur.<\/p>\n<p>    Des pi\u00e8ces rares<\/p>\n<p>Oui, les lecteurs et les chineurs de pi\u00e8ces rares sont donc invit\u00e9s \u00e0 investir le village de Pujols le 3 ao\u00fbt. Ce jour-l\u00e0, le public pourra partager le bonheur de regarder, toucher, r\u00eaver et trouver le livre coup de c\u0153ur tout en participant \u00e0 une belle manifestation de solidarit\u00e9 car le public pourra y trouver plusieurs centaines de livres : des policiers, des livres de poche, des romans, des livres pour enfants, des documentaires et autres et cela, \u00e0 des petits prix.<\/p>\n<p>Rappelons que Amnesty International est totalement ind\u00e9pendante de tout \u00e9tat, que ce soit du pouvoir politique, \u00e9conomique ou religieux et n\u2019est financ\u00e9 que par ces groupes adh\u00e9rents et des groupes donateurs. Amnesty International remplit ses stocks de livres en vidant les biblioth\u00e8ques qui d\u00e9sirent le faire. Pour cela vous pouvez joindre le groupe d\u2019Amnesty International au 06 19 57 68 77.<\/p>\n<p>Oui, Amnesty International est une r\u00e9f\u00e9rence en mati\u00e8re des droits humains.<\/p>\n<p>Amnesty International Lot et Garonne : contact 06 35 90 28 22<\/p>\n","protected":false},"excerpt":{"rendered":"La Foire aux livres anciens au profit d\u2019Amnesty International est accueillie depuis 40 ans \u00e0 Pujols, village m\u00e9di\u00e9val&hellip;\n","protected":false},"author":2,"featured_media":285875,"comment_status":"","ping_status":"","sticky":false,"template":"","format":"standard","meta":{"footnotes":""},"categories":[1357],"tags":[1379,58,59,1011,27,1380],"class_list":{"0":"post-285874","1":"post","2":"type-post","3":"status-publish","4":"format-standard","5":"has-post-thumbnail","7":"category-livres","8":"tag-books","9":"tag-divertissement","10":"tag-entertainment","11":"tag-fr","12":"tag-france","13":"tag-livres"},"share_on_mastodon":{"url":"https:\/\/pubeurope.com\/@fr\/114945951272461761","error":""},"_links":{"self":[{"href":"https:\/\/www.europesays.com\/fr\/wp-json\/wp\/v2\/posts\/285874","targetHints":{"allow":["GET"]}}],"collection":[{"href":"https:\/\/www.europesays.com\/fr\/wp-json\/wp\/v2\/posts"}],"about":[{"href":"https:\/\/www.europesays.com\/fr\/wp-json\/wp\/v2\/types\/post"}],"author":[{"embeddable":true,"href":"https:\/\/www.europesays.com\/fr\/wp-json\/wp\/v2\/users\/2"}],"replies":[{"embeddable":true,"href":"https:\/\/www.europesays.com\/fr\/wp-json\/wp\/v2\/comments?post=285874"}],"version-history":[{"count":0,"href":"https:\/\/www.europesays.com\/fr\/wp-json\/wp\/v2\/posts\/285874\/revisions"}],"wp:featuredmedia":[{"embeddable":true,"href":"https:\/\/www.europesays.com\/fr\/wp-json\/wp\/v2\/media\/285875"}],"wp:attachment":[{"href":"https:\/\/www.europesays.com\/fr\/wp-json\/wp\/v2\/media?parent=285874"}],"wp:term":[{"taxonomy":"category","embeddable":true,"href":"https:\/\/www.europesays.com\/fr\/wp-json\/wp\/v2\/categories?post=285874"},{"taxonomy":"post_tag","embeddable":true,"href":"https:\/\/www.europesays.com\/fr\/wp-json\/wp\/v2\/tags?post=285874"}],"curies":[{"name":"wp","href":"https:\/\/api.w.org\/{rel}","templated":true}]}}