{"id":285882,"date":"2025-07-31T04:29:09","date_gmt":"2025-07-31T04:29:09","guid":{"rendered":"https:\/\/www.europesays.com\/fr\/285882\/"},"modified":"2025-07-31T04:29:09","modified_gmt":"2025-07-31T04:29:09","slug":"grandes-disparites-dans-la-prescription-de-ritaline-entre-le-nord-et-le-sud-de-la-suisse-rts-ch","status":"publish","type":"post","link":"https:\/\/www.europesays.com\/fr\/285882\/","title":{"rendered":"Grandes disparit\u00e9s dans la prescription de ritaline entre le nord et le sud de la Suisse &#8211; rts.ch"},"content":{"rendered":"<p>La prescription de m\u00e9dicaments contre le trouble d\u00e9ficitaire de l\u2019attention avec hyperactivit\u00e9 (TDAH) varie fortement d\u2019un canton \u00e0 l\u2019autre en Suisse, selon une analyse relay\u00e9e mercredi par les journaux de CH Media. Ces \u00e9carts sont particuli\u00e8rement marqu\u00e9s chez les adultes, mais aussi chez les enfants et les adolescents. Les raisons de ces disparit\u00e9s restent encore floues.<\/p>\n<p>B\u00e2le-Ville affiche le taux de prescription le plus \u00e9lev\u00e9 chez les adultes, avec 9,1 doses quotidiennes pour 1000 habitants. Ce chiffre est pr\u00e8s de sept fois sup\u00e9rieur \u00e0 celui enregistr\u00e9 au Tessin, qui ferme la marche avec seulement 1,3 dose.<\/p>\n<p>Chez les jeunes, un \u00e9cart nord-sud similaire est observ\u00e9, selon les donn\u00e9es 2023 de l\u2019atlas des soins de sant\u00e9 de l\u2019Observatoire suisse de la sant\u00e9 sur lesquelles les titres de CH Media s&rsquo;appuient. Le canton de Neuch\u00e2tel arrive en t\u00eate, avec 17,4 doses quotidiennes pour 1000 habitants, suivi de B\u00e2le-Campagne (14,7 doses). Le Tessin, l\u00e0 encore, enregistre le taux le plus bas, avec seulement 2,2 doses quotidiennes.<\/p>\n<p>Comportements jug\u00e9s diff\u00e9remment<\/p>\n<p>La Ritaline et les m\u00e9dicaments apparent\u00e9s sont davantage prescrits dans les zones urbaines que dans les r\u00e9gions rurales, apprend-on plus loin. \u00ab\u00a0Le clivage nord-sud observ\u00e9 en Suisse se retrouve \u00e9galement au niveau europ\u00e9en\u00a0\u00bb, a relev\u00e9 le m\u00e9decin cantonal tessinois Giorgio Merlani dans les titres de CH Media.<\/p>\n<p>Selon plusieurs experts, ces \u00e9carts pourraient notamment s\u2019expliquer par une plus grande tol\u00e9rance, dans le sud du pays, envers les comportements typiques du TDAH \u2013 notamment\u00a0l&rsquo;inattention, l&rsquo;hyperactivit\u00e9 et l&rsquo;impulsivit\u00e9.<\/p>\n<p>Contenu externe<\/p>\n<p> Ce contenu externe ne peut pas \u00eatre affich\u00e9 car il est susceptible de collecter des donn\u00e9es personnelles. Pour voir ce contenu vous devez autoriser la cat\u00e9gorie <strong>Infographies<\/strong>. <\/p>\n<p> Accepter Plus d&rsquo;info <\/p>\n<p class=\"sources\">ats\/juma<\/p>\n","protected":false},"excerpt":{"rendered":"La prescription de m\u00e9dicaments contre le trouble d\u00e9ficitaire de l\u2019attention avec hyperactivit\u00e9 (TDAH) varie fortement d\u2019un canton \u00e0&hellip;\n","protected":false},"author":2,"featured_media":285883,"comment_status":"","ping_status":"","sticky":false,"template":"","format":"standard","meta":{"footnotes":""},"categories":[10],"tags":[42482,42483,1011,27,4713,72,33202,31342,225,26345,9303,71,767,3067,18603,42484],"class_list":{"0":"post-285882","1":"post","2":"type-post","3":"status-publish","4":"format-standard","5":"has-post-thumbnail","7":"category-sante","8":"tag-canton-du-tessin","9":"tag-ch-media","10":"tag-fr","11":"tag-france","12":"tag-habitant","13":"tag-health","14":"tag-maladies-et-etat-de-sante","15":"tag-medias-de-masse","16":"tag-medicament","17":"tag-recherche-medicale","18":"tag-recherche-scientifique","19":"tag-sante","20":"tag-science-et-technologie","21":"tag-suisse","22":"tag-traitements","23":"tag-trouble-du-deficit-de-lattention"},"share_on_mastodon":{"url":"https:\/\/pubeurope.com\/@fr\/114945967072377433","error":""},"_links":{"self":[{"href":"https:\/\/www.europesays.com\/fr\/wp-json\/wp\/v2\/posts\/285882","targetHints":{"allow":["GET"]}}],"collection":[{"href":"https:\/\/www.europesays.com\/fr\/wp-json\/wp\/v2\/posts"}],"about":[{"href":"https:\/\/www.europesays.com\/fr\/wp-json\/wp\/v2\/types\/post"}],"author":[{"embeddable":true,"href":"https:\/\/www.europesays.com\/fr\/wp-json\/wp\/v2\/users\/2"}],"replies":[{"embeddable":true,"href":"https:\/\/www.europesays.com\/fr\/wp-json\/wp\/v2\/comments?post=285882"}],"version-history":[{"count":0,"href":"https:\/\/www.europesays.com\/fr\/wp-json\/wp\/v2\/posts\/285882\/revisions"}],"wp:featuredmedia":[{"embeddable":true,"href":"https:\/\/www.europesays.com\/fr\/wp-json\/wp\/v2\/media\/285883"}],"wp:attachment":[{"href":"https:\/\/www.europesays.com\/fr\/wp-json\/wp\/v2\/media?parent=285882"}],"wp:term":[{"taxonomy":"category","embeddable":true,"href":"https:\/\/www.europesays.com\/fr\/wp-json\/wp\/v2\/categories?post=285882"},{"taxonomy":"post_tag","embeddable":true,"href":"https:\/\/www.europesays.com\/fr\/wp-json\/wp\/v2\/tags?post=285882"}],"curies":[{"name":"wp","href":"https:\/\/api.w.org\/{rel}","templated":true}]}}