{"id":285896,"date":"2025-07-31T04:37:11","date_gmt":"2025-07-31T04:37:11","guid":{"rendered":"https:\/\/www.europesays.com\/fr\/285896\/"},"modified":"2025-07-31T04:37:11","modified_gmt":"2025-07-31T04:37:11","slug":"on-est-alles-verifier-si-larrete-est-respecte","status":"publish","type":"post","link":"https:\/\/www.europesays.com\/fr\/285896\/","title":{"rendered":"on est all\u00e9s v\u00e9rifier si l&rsquo;arr\u00eat\u00e9 est respect\u00e9"},"content":{"rendered":"<p>Le 18\u00a0juillet dernier, le maire de Saint-\u00c9tienne, <a href=\"https:\/\/www.leprogres.fr\/p\/gael-perdriau\" target=\"_blank\" rel=\"nofollow noopener\">Ga\u00ebl Perdriau<\/a>, a pris <a href=\"https:\/\/www.leprogres.fr\/faits-divers-justice\/2025\/07\/18\/epiceries-de-nuit-la-ville-impose-une-fermeture-entre-22-et-6-heures\" target=\"_blank\" rel=\"nofollow noopener\">un arr\u00eat\u00e9 pour imposer aux \u00e9piceries de nuit de fermer leurs portes de 22 heures \u00e0 6 heures<\/a>.<\/p>\n<p>Cet arr\u00eat\u00e9, valable un an, concerne uniquement certains secteurs\u00a0: la place Jacquard et les rues Antoine-Durafour, Pointe-Cadet, Victor-Duchamp, des Alli\u00e9s, des Docteurs-Charcot, du 11-Novembre, mais aussi toutes les rues adjacentes.<\/p>\n<p>Cet arr\u00eat\u00e9 municipal a fait suite \u00e0 <a href=\"https:\/\/www.leprogres.fr\/economie\/2025\/04\/21\/a-emporter-ou-en-livraison-la-vente-d-alcool-interdite-apres-22-heures-dans-le-departement\" target=\"_blank\" rel=\"nofollow noopener\">un autre arr\u00eat\u00e9, pr\u00e9fectoral celui-l\u00e0, qui interdisait d\u00e9j\u00e0, depuis avril, la vente d\u2019alcool<\/a> sur cette m\u00eame plage horaire, sur l\u2019ensemble du d\u00e9partement.<\/p>\n<p>L\u2019arr\u00eat\u00e9 municipal est en vigueur depuis le vendredi 25\u00a0juillet au soir. Mais qu\u2019en est-il vraiment dans les faits\u00a0? D\u00e8s lundi matin, le porte-parole du collectif de riverains de la rue Antoine-Durafour alertait notre r\u00e9daction\u00a0: \u00ab\u00a0Nous avons constat\u00e9 que l\u2019arr\u00eat\u00e9 n\u2019a pas \u00e9t\u00e9 respect\u00e9 ce week-end\u00a0: plusieurs commerces sont rest\u00e9s ouverts apr\u00e8s 22 heures, malgr\u00e9 des passages de la police.\u00a0\u00bb<\/p>\n<p>Pour notre part, nous&#8230;<\/p>\n","protected":false},"excerpt":{"rendered":"Le 18\u00a0juillet dernier, le maire de Saint-\u00c9tienne, Ga\u00ebl Perdriau, a pris un arr\u00eat\u00e9 pour imposer aux \u00e9piceries de&hellip;\n","protected":false},"author":2,"featured_media":285897,"comment_status":"","ping_status":"","sticky":false,"template":"","format":"standard","meta":{"footnotes":""},"categories":[9653],"tags":[1111,11,2430,4406,33,7539,1777,674,274,107,1011,27,3367,12,25,4001,7538],"class_list":{"0":"post-285896","1":"post","2":"type-post","3":"status-publish","4":"format-standard","5":"has-post-thumbnail","7":"category-saint-etienne","8":"tag-actu","9":"tag-actualites","10":"tag-auvergne-rhone-alpes","11":"tag-commerce-et-services","12":"tag-economie","13":"tag-edition-loire-sud","14":"tag-eu","15":"tag-europe","16":"tag-faits-divers-justice","17":"tag-fil-info","18":"tag-fr","19":"tag-france","20":"tag-loire","21":"tag-news","22":"tag-republique-francaise","23":"tag-saint-etienne","24":"tag-saint-etienne-ville"},"share_on_mastodon":{"url":"https:\/\/pubeurope.com\/@fr\/114945998438666641","error":""},"_links":{"self":[{"href":"https:\/\/www.europesays.com\/fr\/wp-json\/wp\/v2\/posts\/285896","targetHints":{"allow":["GET"]}}],"collection":[{"href":"https:\/\/www.europesays.com\/fr\/wp-json\/wp\/v2\/posts"}],"about":[{"href":"https:\/\/www.europesays.com\/fr\/wp-json\/wp\/v2\/types\/post"}],"author":[{"embeddable":true,"href":"https:\/\/www.europesays.com\/fr\/wp-json\/wp\/v2\/users\/2"}],"replies":[{"embeddable":true,"href":"https:\/\/www.europesays.com\/fr\/wp-json\/wp\/v2\/comments?post=285896"}],"version-history":[{"count":0,"href":"https:\/\/www.europesays.com\/fr\/wp-json\/wp\/v2\/posts\/285896\/revisions"}],"wp:featuredmedia":[{"embeddable":true,"href":"https:\/\/www.europesays.com\/fr\/wp-json\/wp\/v2\/media\/285897"}],"wp:attachment":[{"href":"https:\/\/www.europesays.com\/fr\/wp-json\/wp\/v2\/media?parent=285896"}],"wp:term":[{"taxonomy":"category","embeddable":true,"href":"https:\/\/www.europesays.com\/fr\/wp-json\/wp\/v2\/categories?post=285896"},{"taxonomy":"post_tag","embeddable":true,"href":"https:\/\/www.europesays.com\/fr\/wp-json\/wp\/v2\/tags?post=285896"}],"curies":[{"name":"wp","href":"https:\/\/api.w.org\/{rel}","templated":true}]}}