{"id":285899,"date":"2025-07-31T04:41:28","date_gmt":"2025-07-31T04:41:28","guid":{"rendered":"https:\/\/www.europesays.com\/fr\/285899\/"},"modified":"2025-07-31T04:41:28","modified_gmt":"2025-07-31T04:41:28","slug":"quatre-matchs-a-huis-clos-au-lieu-de-six","status":"publish","type":"post","link":"https:\/\/www.europesays.com\/fr\/285899\/","title":{"rendered":"quatre matchs \u00e0 huis clos au lieu de six"},"content":{"rendered":"\n<p>On le savait d\u00e9j\u00e0, mais il faudra tout de m\u00eame faire preuve de patience en ce d\u00e9but de saison si vous \u00eates supporter de l\u2019<strong>AS Nancy Lorraine<\/strong>. \u00c0 la suite des incidents survenus la saison pass\u00e9e en National contre Sochaux, ainsi que de l\u2019usage de fumig\u00e8nes en tribune lors des matchs face \u00e0 Aubagne et Rouen, le club au Chardon risquait jusqu\u2019\u00e0 six matchs \u00e0 huis clos \u00e0 Marcel-Picot.<\/p>\n<p data-start=\"635\" data-end=\"854\">Finalement, les hommes de Pablo Correa seront priv\u00e9s de leurs supporters lors des <strong>quatre premiers matchs \u00e0 domicile<\/strong> pour leur retour en Ligue 2 : des rencontres face \u00e0 Ajaccio, au Red Star, \u00e0 Pau et au Stade de Reims.<\/p>\n<p data-start=\"635\" data-end=\"854\">Les supporters attendent d\u00e9sormais de voir comment les abonnements seront adapt\u00e9s avec ces sanctions.\u00a0<\/p>\n","protected":false},"excerpt":{"rendered":"On le savait d\u00e9j\u00e0, mais il faudra tout de m\u00eame faire preuve de patience en ce d\u00e9but de&hellip;\n","protected":false},"author":2,"featured_media":285900,"comment_status":"","ping_status":"","sticky":false,"template":"","format":"standard","meta":{"footnotes":""},"categories":[9635],"tags":[1111,11,3703,1777,674,2257,63,1011,27,775,42485,776,1702,12,25,7185],"class_list":{"0":"post-285899","1":"post","2":"type-post","3":"status-publish","4":"format-standard","5":"has-post-thumbnail","7":"category-nancy","8":"tag-actu","9":"tag-actualites","10":"tag-asnl","11":"tag-eu","12":"tag-europe","13":"tag-foot","14":"tag-football","15":"tag-fr","16":"tag-france","17":"tag-grand-est","18":"tag-huis-clos","19":"tag-lorraine","20":"tag-nancy","21":"tag-news","22":"tag-republique-francaise","23":"tag-sanctions"},"share_on_mastodon":{"url":"https:\/\/pubeurope.com\/@fr\/114946014126474214","error":""},"_links":{"self":[{"href":"https:\/\/www.europesays.com\/fr\/wp-json\/wp\/v2\/posts\/285899","targetHints":{"allow":["GET"]}}],"collection":[{"href":"https:\/\/www.europesays.com\/fr\/wp-json\/wp\/v2\/posts"}],"about":[{"href":"https:\/\/www.europesays.com\/fr\/wp-json\/wp\/v2\/types\/post"}],"author":[{"embeddable":true,"href":"https:\/\/www.europesays.com\/fr\/wp-json\/wp\/v2\/users\/2"}],"replies":[{"embeddable":true,"href":"https:\/\/www.europesays.com\/fr\/wp-json\/wp\/v2\/comments?post=285899"}],"version-history":[{"count":0,"href":"https:\/\/www.europesays.com\/fr\/wp-json\/wp\/v2\/posts\/285899\/revisions"}],"wp:featuredmedia":[{"embeddable":true,"href":"https:\/\/www.europesays.com\/fr\/wp-json\/wp\/v2\/media\/285900"}],"wp:attachment":[{"href":"https:\/\/www.europesays.com\/fr\/wp-json\/wp\/v2\/media?parent=285899"}],"wp:term":[{"taxonomy":"category","embeddable":true,"href":"https:\/\/www.europesays.com\/fr\/wp-json\/wp\/v2\/categories?post=285899"},{"taxonomy":"post_tag","embeddable":true,"href":"https:\/\/www.europesays.com\/fr\/wp-json\/wp\/v2\/tags?post=285899"}],"curies":[{"name":"wp","href":"https:\/\/api.w.org\/{rel}","templated":true}]}}