{"id":28590,"date":"2025-04-16T06:17:09","date_gmt":"2025-04-16T06:17:09","guid":{"rendered":"https:\/\/www.europesays.com\/fr\/28590\/"},"modified":"2025-04-16T06:17:09","modified_gmt":"2025-04-16T06:17:09","slug":"en-seine-et-marne-les-habitants-invites-a-decouvrir-le-projet-dagrandissement-de-laeroport-de-roissy","status":"publish","type":"post","link":"https:\/\/www.europesays.com\/fr\/28590\/","title":{"rendered":"En Seine-et-Marne, les habitants invit\u00e9s \u00e0 d\u00e9couvrir le projet d&rsquo;agrandissement de l&rsquo;a\u00e9roport de Roissy"},"content":{"rendered":"<p>            Par<br \/>\n        <strong><br \/>\n            <a href=\"https:\/\/actu.fr\/auteur\/audrey-gruaz\" title=\"Consulter tous les articles de Audrey Gruaz\" target=\"_blank\" rel=\"noopener\">Audrey Gruaz<\/a><br \/>\n        <\/strong><\/p>\n<p>        Publi\u00e9 le<\/p>\n<p>            16 avr. 2025 \u00e0 7h00        <\/p>\n<p>Avec la crise du Covid-19, on avait cru l\u2019\u00e8re de l\u2019aviation termin\u00e9e. M\u00eame si l\u2019\u00e9volution du <b>trafic a\u00e9rien<\/b> est moins forte que pr\u00e9vu, elle est bien l\u00e0, le nombre d\u2019avions au-dessus de la <a href=\"https:\/\/actu.fr\/ile-de-france\/seine-et-marne_77\" target=\"_blank\" rel=\"noopener\">Seine-et-Marne<\/a> est toujours plus important et rien ne semble finalement vouloir infl\u00e9chir cette courbe. Pour absorber cette hausse du trafic, que l\u2019on parle en nombre de <b>voyageurs <\/b>ou en <b>tonnes de fret<\/b> transport\u00e9, A\u00e9roports de Paris doit trouver une solution. Cr\u00e9er un nouveau terminal ? Non, depuis <a href=\"https:\/\/actu.fr\/societe\/report-du-terminal-t4-a-roissy-quelles-consequences-en-seine-et-marne_39398965.html\" target=\"_blank\" rel=\"noopener\">l\u2019abandon en f\u00e9vrier 2021 du projet de T4<\/a>, la question n\u2019est plus \u00e0 l\u2019ordre du jour.<\/p>\n<p class=\" wall-content\">Si l\u2019a\u00e9roport ne peut pas s\u2019\u00e9tendre, la seule solution est de construire de <b>nouvelles infrastructures au sein m\u00eame de Paris-Charles de Gaulle<\/b>, de boucher \u00ab les dents creuses \u00bb et de <b>repenser les espaces<\/b> pour mieux les optimiser. Parce que l\u2019objectif d\u2019A\u00e9roports de Paris est bien de poursuivre son d\u00e9veloppement, tout en \u00ab atteignant la neutralit\u00e9 carbone en 2050 \u00bb.\u00a0<\/p>\n<p>Des r\u00e9unions publiques en Seine-et-Marne pour donner son avis<\/p>\n<p class=\" wall-content\">ADP a lanc\u00e9 une grande concertation publique concernant son projet de d\u00e9veloppement, qui doit durer jusqu\u2019au 8 juillet 2025. Les riverains de l\u2019a\u00e9roport ainsi que les salari\u00e9s peuvent donner leur avis directement sur <a href=\"https:\/\/cdgetvous.groupe-adp.com\/\" target=\"_blank\" rel=\"noopener\">le site internet d\u00e9di\u00e9<\/a>. Mais pour donner un avis \u00e9clair\u00e9, des <b>r\u00e9unions publiques sont \u00e9galement organis\u00e9es<\/b>. La premi\u00e8re r\u00e9union publique s\u2019est tenue au <a href=\"https:\/\/actu.fr\/ile-de-france\/le-mesnil-amelot_77291\" target=\"_blank\" rel=\"noopener\">Mesnil-Amelot<\/a> (<a href=\"https:\/\/actu.fr\/ile-de-france\/seine-et-marne_77\" target=\"_blank\" rel=\"noopener\">Seine-et-Marne<\/a>). La commune s\u2019est d\u00e9velopp\u00e9e au bord des pistes de Roissy, rien de plus normal que la premi\u00e8re r\u00e9union se tienne dans ce d\u00e9partement.\u00a0<\/p>\n<p class=\" wall-content\">Apr\u00e8s une rencontre avec les Seine-et-Marnais, mardi 15 avril sur le parvis de <b>la Gare RER de Marne-la-Vall\u00e9e<\/b>, puis une r\u00e9union publique \u00e0 <b>Sevran <\/b>(Seine-Saint-Denis) le 22 avril, une grande r\u00e9union th\u00e9matique lundi 28 avril 2025 \u00e0 19 heures aura lieu en mairie de <a href=\"https:\/\/actu.fr\/ile-de-france\/meaux_77284\" target=\"_blank\" rel=\"noopener\">Meaux<\/a>, pour comprendre <b>le fonctionnement et le mod\u00e8le \u00e9conomique de l\u2019a\u00e9roport<\/b>.\u00a0<\/p>\n<p>105\u00a0millions de passagers en 2050<\/p>\n<p class=\" wall-content\">Aujourd\u2019hui, <b>82\u00a0millions de passagers<\/b> transitent par l\u2019a\u00e9roport de Roissy chaque ann\u00e9e. Dans 10 ans, les projections estiment que ce chiffre sera de 88 millions. Et dans 25 ans, ce seront <b>105 millions de passagers<\/b> qui fouleront le sol de l\u2019a\u00e9roport. Un chiffre impressionnant pourtant loin de celui que les experts avaient estim\u00e9 avant la crise Covid. On pensait alors que 168 millions de voyageurs circuleraient dans Roissy en 2050.<\/p>\n<p class=\" wall-content\">Pour accueillir tous ces passagers, m\u00eame dans 25 ans, il faut repenser la mani\u00e8re de les accueillir.<\/p>\n<p>Vid\u00e9os : en ce moment sur ActuPlus de salles d\u2019embarquement<\/p>\n<p class=\" wall-content\">Pour traiter davantage de passagers, il faut <b>acc\u00e9l\u00e9rer leur prise en charge<\/b>. A\u00e9roports de Paris a donc pr\u00e9vu de cr\u00e9er des <b>salles d\u2019embarquement suppl\u00e9mentaires<\/b>, entre celles existantes aujourd\u2019hui. Un moyen de remplir plus vite les avions et donc d\u2019acc\u00e9l\u00e9rer les d\u00e9collages, sans pour autant \u00ab construire de nouvelles pistes, ni allonger celles existantes \u00bb.<\/p>\n<p class=\" wall-content\"><b>L\u2019utilisation de l\u2019intelligence artificielle<\/b> sera aussi d\u00e9velopp\u00e9e pour \u00ab maximiser la performance \u00bb des m\u00e9thodes d\u2019embarquement dans les terminaux.<\/p>\n<p>Faciliter les connexions<\/p>\n<p class=\" wall-content\">Puisque l\u2019un des objectifs de la plateforme est d\u2019engager sa d\u00e9carbonation, A\u00e9roports de Paris veut am\u00e9liorer l\u2019accessibilit\u00e9 du site, notamment via <b>le r\u00e9seau ferr\u00e9, train ou m\u00e9tro<\/b>. La d\u00e9carbonation passe \u00ab par de nouvelles lignes de transports collectifs pour les passagers des avions, comme pour les usagers du quotidien \u00bb, souligne A\u00e9roports de Paris.<\/p>\n<p class=\" wall-content\">Aujourd\u2019hui, le trafic ferr\u00e9 \u00e0 Roissy repr\u00e9sente 15\u00a0millions de voyageurs. On estime qu\u2019en 2030, il y aura <b>deux fois de voyageurs en train ou en m\u00e9tro<\/b> ; et trois fois plus en 2050. La gare situ\u00e9e dans l\u2019a\u00e9roport devra \u00eatre une vraie gare \u00e0 part enti\u00e8re. On estime que \u00ab plus de la moiti\u00e9 des passagers qui y transiteront arriveront ou repartiront avec d\u2019autres trains \u00bb. A\u00e9roports de Paris veut d\u00e9passer la vision centr\u00e9e uniquement sur l\u2019aviation seule.<\/p>\n<p class=\" wall-content\">Et dans son objectif de d\u00e9carbonation, accentuer l\u2019utilisation de la gare est une bonne pioche. Aujourd\u2019hui, 67 % des passagers et 90 % des salari\u00e9s viennent \u00e0 Roissy en voiture.<\/p>\n<p class=\" wall-content\">Ces estimations poussent A\u00e9roports de Paris \u00e0 r\u00e9fl\u00e9chir \u00e0 <b>une \u00ab nouvelle gare<\/b> pour absorber ces nouveaux passagers, salari\u00e9s et riverains arrivant par le train ou les transports collectifs \u00bb.<\/p>\n<p class=\" wall-content\">La gare de l\u2019a\u00e9roport Charles-de-Gaulle 2 \u00ab va devenir le centre de gravit\u00e9 de l\u2019a\u00e9roport \u00bb. D\u2019autant qu\u2019avec neuf terminaux dispers\u00e9s sur l\u2019ensemble du site et difficilement accessibles les uns des autres, A\u00e9roports de Paris doit trouver une solution pour ses passagers, notamment ceux en transit, de plus en plus nombreux. Une meilleure connexion ferr\u00e9e des terminaux est donc programm\u00e9e, avec notamment de nouvelles lignes de m\u00e9tro.<\/p>\n<p>      <img   decoding=\"async\" loading=\"lazy\" class=\"size-large\" src=\"https:\/\/www.europesays.com\/fr\/wp-content\/uploads\/2025\/04\/ea3a85221ef76de3a85221ef7d24a8v-960x640.jpg\" alt=\"Aujourd\u2019hui, pre\u0300s de 67 % des passagers et 90 % des salarie\u0301s viennent \u00e0 Roissy en voiture. De nouvelles connexions de transport sont attendues dans les anne\u0301es a\u0300 venir.\" width=\"960\" height=\"640\"\/><br \/>\n    Aujourd\u2019hui, pr\u00e8s de 67 % des passagers et 90 % des salari\u00e9s viennent \u00e0 Roissy en voiture. De nouvelles connexions de transport sont attendues dans les ann\u00e9es \u00e0 venir. \u00a9Groupe ADPToujours plus de fret<\/p>\n<p class=\" wall-content\">Si le nombre de passagers n\u2019a pas diminu\u00e9 depuis le Covid, le tonnage des produits transport\u00e9s en avion non plus. L\u2019ann\u00e9e derni\u00e8re, <b>1,9\u00a0million de tonnes de fret <\/b>ont \u00e9t\u00e9 transport\u00e9es par avion. Un chiffre qui pourrait bien doubler en 2050. Dans son dossier de pr\u00e9sentation, A\u00e9roports de Paris assure que ce ne sera pas gr\u00e2ce \u00ab au doublement des vols cargo, mais par l\u2019emport de fret plus important dans compagnies a\u00e9riennes \u00bb.<\/p>\n<p class=\" wall-content\">Pour r\u00e9pondre \u00e0 cette hausse des produits \u00e9chang\u00e9s \u00e0 travers la plan\u00e8te, la zone cargo devrait \u00eatre r\u00e9am\u00e9nag\u00e9e pour \u00ab optimiser les surfaces sans \u00e9largir la zone fonci\u00e8re \u00bb. L\u2019am\u00e9nagement devrait \u00eatre plus vertical qu\u2019horizontal.<\/p>\n<p class=\" wall-content\">De m\u00eame, le traitement du fret sera davantage m\u00e9canis\u00e9 et automatis\u00e9.<\/p>\n<p>A\u00e9roports de Paris mise sur l\u2019hydrog\u00e8ne<\/p>\n<p class=\" wall-content\"><b>L\u2019hydrog\u00e8ne<\/b> est-il le carburant du futur pour l\u2019aviation ? C\u2019est en tout cas ce que pense A\u00e9roports de Paris pour le moment. Afin d\u2019anticiper le d\u00e9veloppement de ce carburant, <b>une r\u00e9serve de 30 hectares<\/b> va \u00eatre sanctuaris\u00e9e dans l\u2019emprise de l\u2019a\u00e9roport afin d\u2019\u00eatre \u00ab pr\u00eat \u00e0 accueillir une usine de liqu\u00e9faction et de stockage d\u2019hydrog\u00e8ne apr\u00e8s 2035 \u00bb.<\/p>\n<p class=\" wall-content\">Suivez toute l\u2019actualit\u00e9 de vos villes et m\u00e9dias favoris en vous inscrivant \u00e0 <a href=\"https:\/\/moncompte.actu.fr\" title=\"D\u00e9couvez Mon Actu\" rel=\"nofollow noopener\" data-trk=\"{&quot;cta&quot;:{&quot;action&quot;:&quot;https:\\\/\\\/moncompte.actu.fr&quot;,&quot;category&quot;:&quot;mon compte&quot;,&quot;from&quot;:&quot;article footer&quot;,&quot;name&quot;:&quot;Mon actu&quot;,&quot;type&quot;:&quot;cta&quot;}}\" target=\"_blank\">Mon Actu<\/a>.<\/p>\n<ul class=\"ac-article-tag wall-content\">\n<li><a href=\"https:\/\/actu.fr\/tag\/aeroport-roissy-charles-de-gaulle\" data-trk=\"{&quot;cta&quot;:{&quot;action&quot;:&quot;A\\u00e9roport Roissy-Charles de Gaulle&quot;,&quot;category&quot;:&quot;tag&quot;,&quot;from&quot;:&quot;article footer&quot;,&quot;name&quot;:&quot;A\\u00e9roport Roissy-Charles de Gaulle&quot;,&quot;type&quot;:&quot;cta&quot;}}\" target=\"_blank\" rel=\"noopener\">#A\u00e9roport Roissy-Charles de Gaulle<\/a><\/li>\n<li><a href=\"https:\/\/actu.fr\/tag\/aeroports-de-paris\" data-trk=\"{&quot;cta&quot;:{&quot;action&quot;:&quot;A\\u00e9roports de Paris&quot;,&quot;category&quot;:&quot;tag&quot;,&quot;from&quot;:&quot;article footer&quot;,&quot;name&quot;:&quot;A\\u00e9roports de Paris&quot;,&quot;type&quot;:&quot;cta&quot;}}\" target=\"_blank\" rel=\"noopener\">#A\u00e9roports de Paris<\/a><\/li>\n<\/ul>\n","protected":false},"excerpt":{"rendered":"Par Audrey Gruaz Publi\u00e9 le 16 avr. 2025 \u00e0 7h00 Avec la crise du Covid-19, on avait cru&hellip;\n","protected":false},"author":2,"featured_media":28591,"comment_status":"","ping_status":"","sticky":false,"template":"","format":"standard","meta":{"footnotes":""},"categories":[1888],"tags":[1111,1928,11,1927,10045,10046,1777,674,1011,27,12,1926,626,1925,25,104],"class_list":{"0":"post-28590","1":"post","2":"type-post","3":"status-publish","4":"format-standard","5":"has-post-thumbnail","7":"category-paris","8":"tag-actu","9":"tag-actu-paris","10":"tag-actualites","11":"tag-actualites-paris","12":"tag-aeroport-roissy-charles-de-gaulle","13":"tag-aeroports-de-paris","14":"tag-eu","15":"tag-europe","16":"tag-fr","17":"tag-france","18":"tag-news","19":"tag-news-paris","20":"tag-paris","21":"tag-paris-news","22":"tag-republique-francaise","23":"tag-societe"},"share_on_mastodon":{"url":"https:\/\/pubeurope.com\/@fr\/114346186823033711","error":""},"_links":{"self":[{"href":"https:\/\/www.europesays.com\/fr\/wp-json\/wp\/v2\/posts\/28590","targetHints":{"allow":["GET"]}}],"collection":[{"href":"https:\/\/www.europesays.com\/fr\/wp-json\/wp\/v2\/posts"}],"about":[{"href":"https:\/\/www.europesays.com\/fr\/wp-json\/wp\/v2\/types\/post"}],"author":[{"embeddable":true,"href":"https:\/\/www.europesays.com\/fr\/wp-json\/wp\/v2\/users\/2"}],"replies":[{"embeddable":true,"href":"https:\/\/www.europesays.com\/fr\/wp-json\/wp\/v2\/comments?post=28590"}],"version-history":[{"count":0,"href":"https:\/\/www.europesays.com\/fr\/wp-json\/wp\/v2\/posts\/28590\/revisions"}],"wp:featuredmedia":[{"embeddable":true,"href":"https:\/\/www.europesays.com\/fr\/wp-json\/wp\/v2\/media\/28591"}],"wp:attachment":[{"href":"https:\/\/www.europesays.com\/fr\/wp-json\/wp\/v2\/media?parent=28590"}],"wp:term":[{"taxonomy":"category","embeddable":true,"href":"https:\/\/www.europesays.com\/fr\/wp-json\/wp\/v2\/categories?post=28590"},{"taxonomy":"post_tag","embeddable":true,"href":"https:\/\/www.europesays.com\/fr\/wp-json\/wp\/v2\/tags?post=28590"}],"curies":[{"name":"wp","href":"https:\/\/api.w.org\/{rel}","templated":true}]}}