{"id":285901,"date":"2025-07-31T04:42:10","date_gmt":"2025-07-31T04:42:10","guid":{"rendered":"https:\/\/www.europesays.com\/fr\/285901\/"},"modified":"2025-07-31T04:42:10","modified_gmt":"2025-07-31T04:42:10","slug":"une-nouvelle-dimension-pour-le-cafe-theatre-de-la-rue-berny-a-la-seyne","status":"publish","type":"post","link":"https:\/\/www.europesays.com\/fr\/285901\/","title":{"rendered":"Une nouvelle dimension pour le caf\u00e9-th\u00e9\u00e2tre de la rue Berny \u00e0 La Seyne"},"content":{"rendered":"<p>Reconfigur\u00e9, agrandi, modernis\u00e9. C\u2019est une v\u00e9ritable transformation qui vient d\u2019\u00eatre engag\u00e9e au sein du caf\u00e9-th\u00e9\u00e2tre situ\u00e9 au 38 rue Berny. Pour y parvenir, la Ville, qui est propri\u00e9taire du site depuis 2022, a acquis un ancien local commercial contigu \u00e0 celui-ci, afin de regrouper les deux, ce qui va permettre, en les reliant, de r\u00e9organiser et d\u2019agrandir la salle de spectacle. Mais aussi de d\u00e9placer l\u2019entr\u00e9e, qui se fera d\u00e9sormais sur la rue Kl\u00e9ber, laquelle se trouve de l\u2019autre c\u00f4t\u00e9 du bloc d\u2019immeubles, dans la continuit\u00e9 de la place Perrin.<\/p>\n<p>Depuis le 7 juillet, le chantier a d\u00e9j\u00e0 permis de cr\u00e9er une ouverture int\u00e9rieure de communication entre les deux locaux. Avec une difficult\u00e9 puisque les sols n\u2019\u00e9taient pas au m\u00eame niveau; il a fallu cr\u00e9er des marches pour faciliter le passage de l\u2019un \u00e0 l\u2019autre. Cette extension va permettre d\u2019am\u00e9nager une nouvelle zone d\u2019accueil (avec bar et billetterie) et un nouvel espace de convivialit\u00e9 qui pourra \u00eatre utilis\u00e9 pour des expositions d\u2019\u0153uvres d\u2019art, des rencontres entre artistes et public, des d\u00e9dicaces, des ap\u00e9ros-concerts\u2026<\/p>\n<p>Les travaux en cours (chiffr\u00e9s \u00e0 140.000 euros) vont se poursuivre jusqu\u2019en septembre avec la cr\u00e9ation d\u2019une nouvelle devanture et de sanitaires, la reprise compl\u00e8te des murs, sols et plafonds, ainsi que des installations \u00e9lectriques et de plomberie.<\/p>\n<p>\u00ab\u00a0Plus attractif, plus ouvert\u00a0\u00bb<\/p>\n<p>              <img ci-src=\"https:\/\/www.varmatin.com\/vie-locale\/protec\/DATA_ART_15997118-B1Z8Rf4U.jpg?vh=6d5ef9&amp;ci_seal=0c546ae291\" alt=\"\"\/><br \/>\n        L\u2019extension, en cours d\u2019am\u00e9nagement, ouverte sur la rue Kl\u00e9ber.  <\/p>\n<p>\u00ab\u00a0En 2020, rappelle Dominique Baviera, adjoint au maire d\u00e9l\u00e9gu\u00e9 \u00e0 la culture, nous nous \u00e9tions engag\u00e9s \u00e0 p\u00e9renniser ce lieu et \u00e0 soutenir son activit\u00e9. Car pour nous, le caf\u00e9-th\u00e9\u00e2tre est indispensable \u00e0 l\u2019animation et \u00e0 l\u2019attractivit\u00e9 du centre-ville. Ses programmations sont un compl\u00e9ment \u00e0 celles des autres sites de la ville, comme l\u2019Espace Tisot ou les Chapiteaux de la mer. (&#8230;) Les travaux engag\u00e9s vont rendre le caf\u00e9-th\u00e9\u00e2tre plus attractif et davantage ouvert sur le c\u0153ur de ville. Du reste, il n\u2019\u00e9tait plus souhaitable que l\u2019entr\u00e9e s\u2019effectue rue Berny pour des raisons de s\u00e9curit\u00e9 et de visibilit\u00e9\u00a0\u00bb (cet acc\u00e8s deviendra une issue de secours et une entr\u00e9e pour les personnes en fauteuil).<\/p>\n<p>L\u2019association qui g\u00e8re le lieu est manag\u00e9e par Benjamin Lull, directeur artistique, qui a pris la suite de G\u00e9rard Rinaldi (alias Tonton Dj\u00e9). Il est \u00e0 la t\u00eate d\u2019une nouvelle \u00e9quipe compos\u00e9e de huit artistes professionnels dont la moyenne d\u2019\u00e2ge est de 27 ans. \u00ab\u00a0Nous voulons, explique-t-il, faire de ce caf\u00e9-th\u00e9\u00e2tre un lieu de cr\u00e9ation pour les artistes. Nous voulons aussi f\u00e9d\u00e9rer autour de nous, via des partenariats avec la biblioth\u00e8que de th\u00e9\u00e2tre Armand Gatti (place Martel-Esprit), le Conservatoire de TPM et les \u00e9tablissements scolaires. Et nous souhaitons faire \u00e9merger des artistes qui viendront se tester ici\u00a0\u00bb.<\/p>\n<p>Rebaptis\u00e9 Le Terrier<\/p>\n<p>Le directeur artistique annonce d\u2019ailleurs que, pour donner une nouvelle identit\u00e9 au lieu, celui-ci va \u00eatre rebaptis\u00e9. Exit la 7e Vague, ce sera d\u00e9sormais Le Terrier, un clin d\u2019\u0153il au nom de la compagnie de th\u00e9\u00e2tre de Benjamin Lull (Les Renards \u00e9gar\u00e9s).<\/p>\n<p>\u00ab\u00a0Jusqu\u2019\u00e0 pr\u00e9sent, ajoute ce dernier, avec l\u2019acc\u00e8s rue Berny, le caf\u00e9-th\u00e9\u00e2tre \u00e9tait enclav\u00e9. D\u00e9sormais, gr\u00e2ce \u00e0 l\u2019extension sur la rue Kl\u00e9ber, on s\u2019ouvre sur le c\u0153ur de ville. Des animations pourront \u00eatre propos\u00e9es sur la placette Kl\u00e9ber et la place Perrin o\u00f9 les gens pourront d\u00eener avant ou apr\u00e8s les spectacles\u00a0\u00bb. Cette \u00e9volution pourra d\u2019ailleurs contribuer \u00e0 la redynamisation du c\u0153ur de ville que souhaite la municipalit\u00e9.<\/p>\n<p>\u00ab\u00a0\u00catre soutenu par la Ville, avec qui on va signer une convention de trois ans, est tr\u00e8s important pour nous\u00a0\u00bb, souligne Benjamin Lull. \u00ab\u00a0Oui, confirme Dominique Baviera, la Ville s\u2019engage \u00e0 soutenir financi\u00e8rement l\u2019association et \u00e0 rechercher avec elle d\u2019autres aides potentielles, tant publiques que priv\u00e9es. Elle s\u2019engage aussi \u00e0 promouvoir la programmation du caf\u00e9-th\u00e9\u00e2tre sur ses supports de communication\u00a0\u00bb.<\/p>\n<p>Pr\u00e9cis\u00e9ment, la programmation 2025-26 est en cours d\u2019\u00e9laboration. Outre les spectacles, elle inclura des sc\u00e8nes musicales, des cours de th\u00e9\u00e2tre ou encore des projections de courts-m\u00e9trages. Le coup d\u2019envoi sera donn\u00e9 en octobre, tandis que l\u2019inauguration des nouveaux locaux donnera lieu \u00e0 une inauguration publique et festive, dans l\u2019esprit du lieu.<\/p>\n","protected":false},"excerpt":{"rendered":"Reconfigur\u00e9, agrandi, modernis\u00e9. C\u2019est une v\u00e9ritable transformation qui vient d\u2019\u00eatre engag\u00e9e au sein du caf\u00e9-th\u00e9\u00e2tre situ\u00e9 au 38&hellip;\n","protected":false},"author":2,"featured_media":285902,"comment_status":"","ping_status":"","sticky":false,"template":"","format":"standard","meta":{"footnotes":""},"categories":[9619],"tags":[1111,11,1777,674,1011,27,12,882,25,2310,3366],"class_list":{"0":"post-285901","1":"post","2":"type-post","3":"status-publish","4":"format-standard","5":"has-post-thumbnail","7":"category-toulon","8":"tag-actu","9":"tag-actualites","10":"tag-eu","11":"tag-europe","12":"tag-fr","13":"tag-france","14":"tag-news","15":"tag-provence-alpes-cote-dazur","16":"tag-republique-francaise","17":"tag-toulon","18":"tag-vie-locale"},"share_on_mastodon":{"url":"https:\/\/pubeurope.com\/@fr\/114946018027546672","error":""},"_links":{"self":[{"href":"https:\/\/www.europesays.com\/fr\/wp-json\/wp\/v2\/posts\/285901","targetHints":{"allow":["GET"]}}],"collection":[{"href":"https:\/\/www.europesays.com\/fr\/wp-json\/wp\/v2\/posts"}],"about":[{"href":"https:\/\/www.europesays.com\/fr\/wp-json\/wp\/v2\/types\/post"}],"author":[{"embeddable":true,"href":"https:\/\/www.europesays.com\/fr\/wp-json\/wp\/v2\/users\/2"}],"replies":[{"embeddable":true,"href":"https:\/\/www.europesays.com\/fr\/wp-json\/wp\/v2\/comments?post=285901"}],"version-history":[{"count":0,"href":"https:\/\/www.europesays.com\/fr\/wp-json\/wp\/v2\/posts\/285901\/revisions"}],"wp:featuredmedia":[{"embeddable":true,"href":"https:\/\/www.europesays.com\/fr\/wp-json\/wp\/v2\/media\/285902"}],"wp:attachment":[{"href":"https:\/\/www.europesays.com\/fr\/wp-json\/wp\/v2\/media?parent=285901"}],"wp:term":[{"taxonomy":"category","embeddable":true,"href":"https:\/\/www.europesays.com\/fr\/wp-json\/wp\/v2\/categories?post=285901"},{"taxonomy":"post_tag","embeddable":true,"href":"https:\/\/www.europesays.com\/fr\/wp-json\/wp\/v2\/tags?post=285901"}],"curies":[{"name":"wp","href":"https:\/\/api.w.org\/{rel}","templated":true}]}}