{"id":285917,"date":"2025-07-31T04:55:11","date_gmt":"2025-07-31T04:55:11","guid":{"rendered":"https:\/\/www.europesays.com\/fr\/285917\/"},"modified":"2025-07-31T04:55:11","modified_gmt":"2025-07-31T04:55:11","slug":"on-nattendait-que-ca-cette-nouvelle-enseigne-chinoise-debarque-a-nice-et-suscite-lengouement","status":"publish","type":"post","link":"https:\/\/www.europesays.com\/fr\/285917\/","title":{"rendered":"\u00ab\u00a0On n\u2019attendait que \u00e7a!\u00a0\u00bb: cette nouvelle enseigne chinoise d\u00e9barque \u00e0 Nice et suscite l&rsquo;engouement"},"content":{"rendered":"<p>Prise d\u2019assaut d\u00e8s l\u2019ouverture, la nouvelle enseigne Miniso d\u00e9marre en beaut\u00e9. \u00c0 Nice, tout le monde l\u2019attendait. Dans l\u2019angle de l\u2019avenue Jean-M\u00e9decin, face \u00e0 Nic\u00e9toile, la file d\u2019attente n\u2019a pas d\u00e9senfl\u00e9 pour son premier jour.<\/p>\n<p>La marque chinoise, d\u00e9j\u00e0 pr\u00e9sente dans 88 pays, propose 25 magasins en France. Pour la r\u00e9gion Sud, le plus proche \u00e9tait jusqu\u2019ici \u00e0 Marseille.<\/p>\n<p><strong>Un temple kawa\u00ef<\/strong><\/p>\n<p>10 heures \u00e0 peine, et d\u00e9j\u00e0, plus de 200 personnes se pressent \u00e0 l\u2019entr\u00e9e. Avec cette foule, difficile de distinguer la devanture. Ses vitres attirent pourtant l\u2019\u0153il, recouvertes de personnages Disney.<\/p>\n<p>Cet univers na\u00eff, exub\u00e9rant, tranche avec le luxe classique et sobre des commerces alentour. Mugs, tote bags, peluches, cosm\u00e9tiques ou porte-cl\u00e9s, dans les rayons, tout est kitsch, paillet\u00e9, froufrout\u00e9. Ce magasin est un temple kawa\u00ef, cet esth\u00e9tique japonais, enfantin, aux tons pastels.<\/p>\n<p><strong>Apr\u00e8s Paris, Nice<\/strong><\/p>\n<p>\u00ab\u00a0Il manquait ce c\u00f4t\u00e9 mignon, famille, d\u00e9tente, \u00e0 Nice.\u00a0\u00bb Quitte \u00e0 patienter, certains tentent le cosplay (1), perruque flashy et kimono sur le dos. Alix vient de la capitale o\u00f9 Miniso rayonne d\u00e9j\u00e0. Sa frange brune d\u00e9passe d\u2019une casquette gavroche.<\/p>\n<p>Avec une robe \u00e9vas\u00e9e, vintage, mauve, \u00e0 col brod\u00e9, elle ne passe pas inaper\u00e7ue. Son style rappelle les \u00e9coli\u00e8res japonaises. \u00ab\u00a0Je vise la gamme Hello Kitty! J\u2019adore \u00e7a.\u00a0\u00bb. Ses joues, d\u00e9j\u00e0 blush\u00e9es, virent au rouge.<\/p>\n<p>Dans la file depuis 9h30, la jeune femme voulais tester le magasin, m\u00eame si, \u00ab\u00a0celui de Paris? Je l\u2019ai d\u00e9j\u00e0 fait!\u00a0\u00bb Habitu\u00e9e aux rassemblements, la file surprend quand m\u00eame cette Parisienne.<\/p>\n<p><strong>Un lancement spectaculaire<\/strong><\/p>\n<p>\u00c0 l\u2019entr\u00e9e, une arche de ballons rouges et blancs sert de haie d\u2019honneur. Miniso voit les choses en grand: confettis, animations, le lancement est un spectacle. Les influenceurs sont d\u2019ailleurs pr\u00e9sents comme Shanone, convi\u00e9e pour une collaboration vid\u00e9o. Dehors, des haut-parleurs diffusent de la k-pop (2) pour distraire les clients.<\/p>\n<p>Le klaxon du tram\u2019 recouvre parfois les chansons du groupe BTS. Mais pour Morgane, dix ans, et sa maman: pas de file d\u2019attente. Tout de mauve v\u00eatue, la fillette est en fauteuil, violet lui aussi: \u00ab\u00a0Avec la carte prioritaire, on passe en VIP!\u00a0\u00bb<\/p>\n<p>Sa m\u00e8re tient fi\u00e8rement le tote bag offert aux cent premiers clients: \u00ab\u00a0Lunch box, tee-shirt, \u00e9ventail et biscuits japonais. C\u2019est super commer\u00e7ant de leur part. Ma fille passait devant tous les jours: c\u2019est l\u2019\u00e9v\u00e9nement de l\u2019ann\u00e9e! Le kawa\u00ef pla\u00eet aux jeunes, mais pas que\u2026 Je suis fan!\u00a0\u00bb<\/p>\n<p>Une mascotte Miniso accueille les nouveaux arrivants, mais elle effraie Morgane. Le duo s\u2019en va donc, ravi de ses achats. En caisse, c\u2019est la folie: les vendeuses emballent et scannent fr\u00e9n\u00e9tiquement. L\u2019\u00e9tage et les all\u00e9es sont noires de monde.<\/p>\n<p><strong>Passion Japon<\/strong><\/p>\n<p>\u00a0\u00bb Ils attendent pour des peluches? C\u2019est compl\u00e8tement stupide! \u00a0\u00bb Certains touristes ne comprennent d\u00e9cid\u00e9ment pas cet engouement. Pas grave, Nathalie non plus, mais elle \u00ab\u00a0accompagne ses enfants\u00a0\u00bb. Sa famille vient de Carros pour l\u2019\u00e9v\u00e9nement. Les sp\u00e9cialistes? Baptiste et Zo\u00e9.<\/p>\n<p>Fins connaisseurs, fans absolus, les deux jeunes ont \u00e9tudi\u00e9 le sujet: \u00ab\u00a0On n\u2019attendait que \u00e7a!\u00a0\u00bb Baptiste n\u2019a d\u2019yeux que pour la gamme Sanrio \u00ab\u00a0et Pok\u00e9mon\u00a0\u00bb, rench\u00e9rit sa s\u0153ur.<\/p>\n<p>Les Black Pink r\u00e9sonnent avenue Jean-M\u00e9decin quand Titien, 15 ans et Oc\u00e9ane, 22 ans sortent bras dessus bras dessous du magasin.<\/p>\n<p>\u00ab\u00a0On s\u2019est rencontr\u00e9s \u00e0 8h dans la file. C\u2019est comme pour un concert: on sympathise pour patienter et finalement, on cr\u00e9e des liens\u00a0\u00bb. Des \u00e9toiles dans les yeux, les deux Ni\u00e7ois sont aux anges. \u00ab\u00a0On trouve \u00e7a au Japon normalement, c\u2019est in\u00e9dit \u00e0 Nice!\u00a0\u00bb<\/p>\n<p><strong>Le co\u00fbt de l\u2019euphorie<\/strong><\/p>\n<p>Et puis, \u00ab\u00a0il y a beaucoup de nourriture!\u00a0\u00bb, s\u2019exclame Titien, des confiseries plein le sac. Sa gourmandise lui co\u00fbte cher, plus de 50 euros. Quand on aime, on ne compte pas et ce ne sont ni Alex, ni H\u00e9l\u00e8ne, ni Sasha qui diront le contraire. \u00ab\u00a0J\u2019avais vis\u00e9 150 euros, au final j\u2019en ai d\u00e9pens\u00e9 98 \u2013 Zut, j\u2019ai doubl\u00e9 le mien, \u00e7a craint\u2026\u00a0\u00bb <\/p>\n<p>Premi\u00e8res clientes du Miniso ni\u00e7ois, elles campaient face \u00e0 la devanture depuis 5h30! Les douceurs du Japon leur feront vite oublier cette addition sal\u00e9e.<\/p>\n<p>1. Jouer le r\u00f4le d\u2019un personnage en enfilant son costume.<\/p>\n<p>2. Genres musicaux originaires de Cor\u00e9e du Sud.<\/p>\n","protected":false},"excerpt":{"rendered":"Prise d\u2019assaut d\u00e8s l\u2019ouverture, la nouvelle enseigne Miniso d\u00e9marre en beaut\u00e9. \u00c0 Nice, tout le monde l\u2019attendait. Dans&hellip;\n","protected":false},"author":2,"featured_media":285918,"comment_status":"","ping_status":"","sticky":false,"template":"","format":"standard","meta":{"footnotes":""},"categories":[2819],"tags":[1111,11,2876,1777,674,1011,27,12,2401,882,25],"class_list":{"0":"post-285917","1":"post","2":"type-post","3":"status-publish","4":"format-standard","5":"has-post-thumbnail","7":"category-nice","8":"tag-actu","9":"tag-actualites","10":"tag-conso-shopping","11":"tag-eu","12":"tag-europe","13":"tag-fr","14":"tag-france","15":"tag-news","16":"tag-nice","17":"tag-provence-alpes-cote-dazur","18":"tag-republique-francaise"},"share_on_mastodon":{"url":"https:\/\/pubeurope.com\/@fr\/114946069190823799","error":""},"_links":{"self":[{"href":"https:\/\/www.europesays.com\/fr\/wp-json\/wp\/v2\/posts\/285917","targetHints":{"allow":["GET"]}}],"collection":[{"href":"https:\/\/www.europesays.com\/fr\/wp-json\/wp\/v2\/posts"}],"about":[{"href":"https:\/\/www.europesays.com\/fr\/wp-json\/wp\/v2\/types\/post"}],"author":[{"embeddable":true,"href":"https:\/\/www.europesays.com\/fr\/wp-json\/wp\/v2\/users\/2"}],"replies":[{"embeddable":true,"href":"https:\/\/www.europesays.com\/fr\/wp-json\/wp\/v2\/comments?post=285917"}],"version-history":[{"count":0,"href":"https:\/\/www.europesays.com\/fr\/wp-json\/wp\/v2\/posts\/285917\/revisions"}],"wp:featuredmedia":[{"embeddable":true,"href":"https:\/\/www.europesays.com\/fr\/wp-json\/wp\/v2\/media\/285918"}],"wp:attachment":[{"href":"https:\/\/www.europesays.com\/fr\/wp-json\/wp\/v2\/media?parent=285917"}],"wp:term":[{"taxonomy":"category","embeddable":true,"href":"https:\/\/www.europesays.com\/fr\/wp-json\/wp\/v2\/categories?post=285917"},{"taxonomy":"post_tag","embeddable":true,"href":"https:\/\/www.europesays.com\/fr\/wp-json\/wp\/v2\/tags?post=285917"}],"curies":[{"name":"wp","href":"https:\/\/api.w.org\/{rel}","templated":true}]}}