{"id":285925,"date":"2025-07-31T04:59:10","date_gmt":"2025-07-31T04:59:10","guid":{"rendered":"https:\/\/www.europesays.com\/fr\/285925\/"},"modified":"2025-07-31T04:59:10","modified_gmt":"2025-07-31T04:59:10","slug":"concerts-bal-theatre-les-dix-sorties-a-ne-pas-rater-en-aout-a-bordeaux","status":"publish","type":"post","link":"https:\/\/www.europesays.com\/fr\/285925\/","title":{"rendered":"Concerts, bal, th\u00e9\u00e2tre\u2026 Les dix sorties \u00e0 ne pas rater en ao\u00fbt \u00e0 Bordeaux"},"content":{"rendered":"<p>            Par<br \/>\n        <strong><br \/>\n            <a href=\"https:\/\/actu.fr\/auteur\/juliette-cardinale\" title=\"Consulter tous les articles de Juliette Cardinale\" target=\"_blank\" rel=\"noopener\">Juliette Cardinale<\/a><br \/>\n        <\/strong><\/p>\n<p>        Publi\u00e9 le<\/p>\n<p>            31 juil. 2025 \u00e0 6h30        <\/p>\n<p>Envie de faire vibrer votre \u00e9t\u00e9\u2009? La ville de <a href=\"https:\/\/actu.fr\/bordeaux\/\" target=\"_blank\" rel=\"noopener\">Bordeaux<\/a> s\u2019anime en ao\u00fbt avec une foule d\u2019\u00e9v\u00e9nements \u00e0 ne pas manquer\u2009: concerts, DJ sets \u00e9lectrisants, spectacles de danse, repr\u00e9sentations de th\u00e9\u00e2tre\u2026 Pr\u00eat \u00e0 faire le plein d\u2019\u00e9motions et de d\u00e9couvertes culturelles\u2009? La r\u00e9daction d\u2019actu Bordeaux vous a concoct\u00e9 dix id\u00e9es de sorties pour profiter \u00e0 fond de la saison et d\u00e9couvrir le <strong>meilleur de la sc\u00e8ne locale.<\/strong><\/p>\n<p>Bordeaux Open air le 3\u00a0ao\u00fbt<\/p>\n<p class=\" wall-content\">La deuxi\u00e8me date des <a href=\"https:\/\/actu.fr\/nouvelle-aquitaine\/bordeaux_33063\/quatre-open-airs-gratuits-pour-les-dix-ans-de-ce-festival-a-bordeaux-voici-les-dates-et-lieux_62679304.html\" target=\"_blank\" rel=\"noopener\">dix ans de Bordeaux Open Air<\/a> lance les festivit\u00e9s de ce mois estival. Ce dimanche 3\u00a0ao\u00fbt, <strong>Bordeaux Open Air<\/strong> est de retour dans le parc de Bourran \u00e0 M\u00e9rignac.<\/p>\n<p class=\" wall-content\"><a href=\"https:\/\/www.instagram.com\/p\/DMvEYnit7CD\/embed\" title=\"Ouvrir le lien sur Instagram\" target=\"_blank\" rel=\"noopener\">Visualiser le contenu sur Instagram<\/a><\/p>\n<p class=\" wall-content\">D\u00e8s 15\u00a0heures et jusqu\u2019\u00e0 20\u00a0heures, le collectif donne rendez-vous \u00e0 toutes et tous pour <strong>un \u00e9v\u00e8nement \u00e9lectro gratuit.\u00a0<\/strong>On retrouvera les DJ d\u2019Amplitudes Radio et Donna Gibson.<\/p>\n<p>Dimanche 3\u00a0ao\u00fbt, \u00e0 15\u00a0heures dans le parc de Bourran \u00e0 M\u00e9rignac. Gratuit.<\/p>\n<p>Une performance immersive le 6\u00a0ao\u00fbt<\/p>\n<p class=\" wall-content\">Plong\u00e9e sonore et sensorielle, Arthur la nuit entra\u00eene le spectateur dans l\u2019univers vibrant et fragile d\u2019un trentenaire en qu\u00eate de rep\u00e8res, inspir\u00e9 du roman L\u2019homme qui danse de Victor Jestin. Dans le cadre de l\u2019\u00c9t\u00e9 m\u00e9tropolitain 2025 \u00e0 Bordeaux, la compagnie 3B propose une <strong>exp\u00e9rience immersive<\/strong> o\u00f9 le spectateur, casque sur les oreilles, suit Arthur, figure touchante et paum\u00e9e, roi des pistes d\u2019une bo\u00eete de nuit de province.<\/p>\n<p class=\" wall-content\">Cette adaptation m\u00eale <strong>th\u00e9\u00e2tre, danse et design sonore. <\/strong>Spectacle gratuit et en autonomie, d\u2019une dur\u00e9e d\u2019environ une heure, dans la limite des casques disponibles.<\/p>\n<p>Mercredi 6\u00a0ao\u00fbt, \u00e0 20\u00a0heures, dans la cale de l\u2019Iboat \u00e0 Bordeaux, ou le 27\u00a0ao\u00fbt, \u00e0 19\u00a0heures, dans le parc de la mairie annexe du bourg de Villenave-d\u2019Ornon. Gratuit.<\/p>\n<p>Un cin\u00e9-concert le 7\u00a0ao\u00fbt<\/p>\n<p class=\" wall-content\">Avec Soma, le collectif bordelais Kloudbox propose \u00e0 travers un <strong>cin\u00e9-concert<\/strong> une relecture envo\u00fbtante de Koyaanisqatsi, film culte et exp\u00e9rimental des ann\u00e9es 80 r\u00e9alis\u00e9 par Godfrey Reggio. Premier volet d\u2019une trilogie visionnaire produite par Coppola et port\u00e9e par la musique hypnotique de Philip Glass, ce documentaire pionnier du time-lapse confronte nature et technologie dans un puissant choc sans paroles.<\/p>\n<p class=\" wall-content\">Les musiciens Roman Campet et Matthieu Staub interpr\u00e8tent cette \u0153uvre monumentale avec une <strong>partition \u00e9lectro planante,<\/strong> enrichie de textures sonores et de lumi\u00e8res sensibles. Un voyage sensoriel rare, gratuit et sans r\u00e9servation, \u00e0 vivre cet \u00e9t\u00e9 \u00e0 Bordeaux.<\/p>\n<p>Jeudi 7\u00a0ao\u00fbt \u00e0 20\u00a0heures, dans la Base sous-marine de Bordeaux, ou le 28\u00a0ao\u00fbt \u00e0 21\u00a0heures dans la cour d\u2019honneur de Camponac \u00e0 Pessac. Gratuit.<\/p>\n<p>Une pi\u00e8ce de th\u00e9\u00e2tre le 9\u00a0ao\u00fbt<\/p>\n<p class=\" wall-content\">Envie d\u2019une pi\u00e8ce de th\u00e9\u00e2tre\u2009? Envie de rire\u2009? Direction le <strong>th\u00e9\u00e2tre des Chartrons.<\/strong> Cet \u00e9t\u00e9, la pi\u00e8ce L\u2019\u00e9t\u00e9 s\u2019ra chaud emm\u00e8ne son public pendant 80\u00a0minutes en vacances. Axel et Lydie, couple parisien, rencontrent de nombreux impr\u00e9vues sous le soleil de la M\u00e9diterran\u00e9e.<\/p>\n<p class=\" wall-content\">La pi\u00e8ce \u00e9crite par Julien Sigalas et mise en sc\u00e8ne par Bertrand Duvallet est interpr\u00e9t\u00e9e par Bastien Gire et Fanny Auger. Ils promettent de la bonne humeur, des rires et un moment de d\u00e9tente.<\/p>\n<p>Plusieurs repr\u00e9sentations en ao\u00fbt, \u00e0 20\u00a0heures 30, au Th\u00e9\u00e2tre des Chartrons. 23\u00a0euros.<\/p>\n<p>Un r\u00e9cital d\u2019orgue le 13\u00a0ao\u00fbt<\/p>\n<p class=\" wall-content\">Le Festival international <strong>Orgues d\u2019\u00c9t\u00e9<\/strong> bat son plein \u00e0 Bordeaux depuis le 17\u00a0juillet, et jusqu\u2019au 29\u00a0ao\u00fbt. Tous les mercredis \u00e0 Saint-Michel, et tous les jeudis \u00e0 Sainte-Croix, des r\u00e9citals d\u2019orgue ont lieu \u00e0 18\u00a0heures.<\/p>\n<p class=\" wall-content\">\n<p class=\" wall-content\">On peut notamment citer le r\u00e9cital de Luca Akaeda Santesson, le 13\u00a0ao\u00fbt en la basilique Saint-Michel. Il interpr\u00e9tera du Jean-S\u00e9bastien Bach, Felix Mendelssohn, Jehan Alain et Max Reger. Le petit plus\u2009? <strong>L\u2019entr\u00e9e est libre<\/strong> et permet \u00e0 tous de d\u00e9couvrir un instrument m\u00e9connu.<\/p>\n<p>Tous les mercredis (Saint-Michel) et jeudis (Sainte-Croix) \u00e0 18\u00a0heures. Entr\u00e9e libre.<\/p>\n<p>Un concert de reggae le 14\u00a0ao\u00fbt<\/p>\n<p class=\" wall-content\">Le festival Relache de l\u2019association Allez les filles a une <strong>programmation de qualit\u00e9<\/strong> tout l\u2019\u00e9t\u00e9. En ao\u00fbt, les concerts continuent au square Dom Bedos. Le 14\u00a0ao\u00fbt, place au reggae avec Third World.<\/p>\n<p class=\" wall-content\">\n<p class=\" wall-content\">Reconnu pour la qualit\u00e9 de ses prestations sc\u00e9niques, le groupe a notamment assur\u00e9 la premi\u00e8re partie de Bob Marley en 1975. Il partagera la sc\u00e8ne avec<strong> Murple Memorial<\/strong>, groupe fran\u00e7ais qui m\u00eale ska, rocksteady, reggae, rhythm and blues et d\u2019autres styles issus des ann\u00e9es 1940-1950.<\/p>\n<p>Le 14\u00a0ao\u00fbt, \u00e0 partir de 19\u00a0heures au square Dom Bedos \u00e0 Bordeaux. 20\u00a0euros.<\/p>\n<p>Une battle de compliments le 20\u00a0ao\u00fbt<\/p>\n<p class=\" wall-content\">Une battle de rap positif, \u00e7a vous tente\u2009? Cet \u00e9t\u00e9, Ta m\u00e8re la mieux propose des battles de <strong>compliments<\/strong> \u00e0 travers Bordeaux M\u00e9tropole. Le crew regroupe une vingtaine d\u2019artistes\u2009: des po\u00e8tes, des rappeurs, des beatboxeurs\u2026<\/p>\n<p class=\" wall-content\">Pendant cette tourn\u00e9e, ils s\u2019affrontent avec bienveillance \u2013 et le <strong>public sert d\u2019arbitre<\/strong> aux joutes verbales.<\/p>\n<p>Le 20\u00a0ao\u00fbt \u00e0 Bruges, le 22\u00a0ao\u00fbt \u00e0 Pessac et le 28\u00a0ao\u00fbt au Taillan-M\u00e9doc, les d\u00e9tails sur le site de l\u2019\u00c9t\u00e9 m\u00e9tropolitain. Gratuit.<\/p>\n<p>\u00ab\u2009Montaigne les Essais\u2009\u00bb<\/p>\n<p class=\" wall-content\">C\u2019est une figure qui a marqu\u00e9 Bordeaux \u2013 et bien au-del\u00e0. L\u2019impact de <strong>Michel de Montaigne<\/strong> se fait toujours ressentir et ce sont aujourd\u2019hui ses Essais qui sont adapt\u00e9s sur sc\u00e8ne.<\/p>\n<p class=\" wall-content\">Au Petit Th\u00e9\u00e2tre, au c\u0153ur des <strong>Chartrons<\/strong>, \u00c9ric Sanson interpr\u00e8te \u00e0 nouveau Montaigne Les Essais, Jouir loyalement de son \u00eatre.<\/p>\n<p>Tous les vendredis et samedis \u00e0 20h30 jusqu\u2019au 27\u00a0septembre, au Petit Th\u00e9\u00e2tre \u00e0 Bordeaux. D\u00e8s 19,50\u00a0euros.<\/p>\n<p>L\u2019Initial festival<\/p>\n<p class=\" wall-content\">Pour cl\u00f4turer le mois d\u2019ao\u00fbt en beaut\u00e9, les <strong>amateurs d\u2019electro<\/strong> pourront se diriger vers le parc des Expositions les 29 et 30\u00a0ao\u00fbt prochain. Intitul\u00e9e \u00ab\u2009Mission Saturne\u2009\u00bb, la quatri\u00e8me \u00e9dition de l\u2019Initial festival s\u2019annonce explosive.<\/p>\n<p class=\" wall-content\">\n<p class=\" wall-content\">Au programme\u2009? \u00ab\u2009La cr\u00e8me de la sc\u00e8ne house et techno\u2009\u00bb, tout simplement. Cette ann\u00e9e sont attendus notamment\u2009: <strong>The Blessed Madonna,<\/strong> Ben Bohmer ou Lilly Palmer.<\/p>\n<p>Les 29 et 30\u00a0ao\u00fbt au parc des Expositions de Bordeaux. A partir de 45\u00a0euros par personne pour une soir\u00e9e.<\/p>\n<p>Le Bal de la Lib\u00e9ration<\/p>\n<p class=\" wall-content\">L\u2019an dernier, la premi\u00e8re \u00e9dition avait \u00e9t\u00e9 un succ\u00e8s. Le <strong>Bal de la lib\u00e9ration<\/strong> revient sur la place Pey-Berland pour une deuxi\u00e8me \u00e9dition le 30\u00a0ao\u00fbt.<\/p>\n<p class=\" wall-content\">Au programme, du rock et du swing pour comm\u00e9morer la lib\u00e9ration de Bordeaux par les Forces Fran\u00e7aises Libres en ao\u00fbt\u00a01944. \u00ab\u2009N\u2019h\u00e9sitez pas \u00e0 <strong>venir costum\u00e9s<\/strong> sur le th\u00e8me des ann\u00e9es 40-50\u2009\u00bb, pr\u00e9cise la mairie.<\/p>\n<p>Le 30\u00a0ao\u00fbt, \u00e0 19\u00a0heures, place Pey-Berland \u00e0 Bordeaux. Gratuit.<\/p>\n<p class=\" wall-content\">Suivez toute l\u2019actualit\u00e9 de vos villes et m\u00e9dias favoris en vous inscrivant \u00e0 <a href=\"https:\/\/moncompte.actu.fr\" title=\"D\u00e9couvez Mon Actu\" rel=\"nofollow noopener\" data-trk=\"{&quot;cta&quot;:{&quot;action&quot;:&quot;https:\\\/\\\/moncompte.actu.fr&quot;,&quot;category&quot;:&quot;mon compte&quot;,&quot;from&quot;:&quot;article footer&quot;,&quot;name&quot;:&quot;Mon actu&quot;,&quot;type&quot;:&quot;cta&quot;}}\" target=\"_blank\">Mon Actu<\/a>.<\/p>\n<p>                    <script async src=\"\/\/www.instagram.com\/embed.js\"><\/script><\/p>\n","protected":false},"excerpt":{"rendered":"Par Juliette Cardinale Publi\u00e9 le 31 juil. 2025 \u00e0 6h30 Envie de faire vibrer votre \u00e9t\u00e9\u2009? La ville&hellip;\n","protected":false},"author":2,"featured_media":285926,"comment_status":"","ping_status":"","sticky":false,"template":"","format":"standard","meta":{"footnotes":""},"categories":[2817],"tags":[1111,11,1997,1697,5972,1777,674,1011,27,1652,12,2219,25],"class_list":{"0":"post-285925","1":"post","2":"type-post","3":"status-publish","4":"format-standard","5":"has-post-thumbnail","7":"category-bordeaux","8":"tag-actu","9":"tag-actualites","10":"tag-bordeaux","11":"tag-concert","12":"tag-danse","13":"tag-eu","14":"tag-europe","15":"tag-fr","16":"tag-france","17":"tag-loisirs-culture","18":"tag-news","19":"tag-nouvelle-aquitaine","20":"tag-republique-francaise"},"share_on_mastodon":{"url":"https:\/\/pubeurope.com\/@fr\/114946084896464957","error":""},"_links":{"self":[{"href":"https:\/\/www.europesays.com\/fr\/wp-json\/wp\/v2\/posts\/285925","targetHints":{"allow":["GET"]}}],"collection":[{"href":"https:\/\/www.europesays.com\/fr\/wp-json\/wp\/v2\/posts"}],"about":[{"href":"https:\/\/www.europesays.com\/fr\/wp-json\/wp\/v2\/types\/post"}],"author":[{"embeddable":true,"href":"https:\/\/www.europesays.com\/fr\/wp-json\/wp\/v2\/users\/2"}],"replies":[{"embeddable":true,"href":"https:\/\/www.europesays.com\/fr\/wp-json\/wp\/v2\/comments?post=285925"}],"version-history":[{"count":0,"href":"https:\/\/www.europesays.com\/fr\/wp-json\/wp\/v2\/posts\/285925\/revisions"}],"wp:featuredmedia":[{"embeddable":true,"href":"https:\/\/www.europesays.com\/fr\/wp-json\/wp\/v2\/media\/285926"}],"wp:attachment":[{"href":"https:\/\/www.europesays.com\/fr\/wp-json\/wp\/v2\/media?parent=285925"}],"wp:term":[{"taxonomy":"category","embeddable":true,"href":"https:\/\/www.europesays.com\/fr\/wp-json\/wp\/v2\/categories?post=285925"},{"taxonomy":"post_tag","embeddable":true,"href":"https:\/\/www.europesays.com\/fr\/wp-json\/wp\/v2\/tags?post=285925"}],"curies":[{"name":"wp","href":"https:\/\/api.w.org\/{rel}","templated":true}]}}