{"id":285929,"date":"2025-07-31T05:01:12","date_gmt":"2025-07-31T05:01:12","guid":{"rendered":"https:\/\/www.europesays.com\/fr\/285929\/"},"modified":"2025-07-31T05:01:12","modified_gmt":"2025-07-31T05:01:12","slug":"a-toulouse-les-rodeos-urbains-pourrissent-la-vie-des-habitants-de-ce-quartier","status":"publish","type":"post","link":"https:\/\/www.europesays.com\/fr\/285929\/","title":{"rendered":"\u00e0 Toulouse, les rod\u00e9os urbains pourrissent la vie des habitants de ce quartier"},"content":{"rendered":"<p>            Par<br \/>\n        <strong><br \/>\n            <a href=\"https:\/\/actu.fr\/auteur\/enzo-legros\" title=\"Consulter tous les articles de Enzo Legros\" target=\"_blank\" rel=\"noopener\">Enzo Legros<\/a><br \/>\n        <\/strong><\/p>\n<p>        Publi\u00e9 le<\/p>\n<p>            31 juil. 2025 \u00e0 6h42        <\/p>\n<p>\u00ab\u2009Ce qui n\u2019\u00e9tait au d\u00e9part qu\u2019un d\u00e9sagr\u00e9ment ponctuel est devenu un fl\u00e9au quotidien.\u2009\u00bb Dans une p\u00e9tition publi\u00e9e fin juillet\u00a02025, des habitants du quartier des Sept-Deniers <a href=\"https:\/\/actu.fr\/toulouse\/\" target=\"_blank\" rel=\"noopener\">\u00e0 Toulouse<\/a> d\u00e9crivent <strong>une situation devenue insupportable<\/strong> depuis plusieurs semaines. Depuis leur domicile ou directement dans la rue, ils sont t\u00e9moins jour et nuit de passages de voitures et motos \u00e0 folle allure. Alors que <a href=\"https:\/\/actu.fr\/tag\/rodeos-urbains\" target=\"_blank\" rel=\"noopener\">les rod\u00e9os urbains<\/a> s\u2019encha\u00eenent sous leurs yeux, plusieurs riverains ont d\u00e9cid\u00e9 de faire entendre leur voix et leur inqui\u00e9tude.<\/p>\n<p class=\" wall-content\"><strong>\u00ab\u2009Des \u00e9pisodes bruyants, dangereux et totalement incontr\u00f4l\u00e9s\u2009\u00bb<\/strong><\/p>\n<p class=\" wall-content\">L\u2019auteur <a href=\"https:\/\/www.mesopinions.com\/petition\/social\/rodeos-motorises-a-toulouse-sept-deniers\/245541\" target=\"_blank\" rel=\"noopener\">de la p\u00e9tition en ligne<\/a> explique le mode de fonctionnement des fauteurs de troubles. D\u2019apr\u00e8s les t\u00e9moins, \u00ab\u2009des \u00e9pisodes bruyants, dangereux et totalement incontr\u00f4l\u00e9s\u2009\u00bb sont constat\u00e9s \u00ab\u2009principalement en soir\u00e9e entre 21h et 1h du matin (souvent d\u00e8s 20h et jusqu\u2019\u00e0 2h du matin), parfois m\u00eame le dimanche matin\u2009\u00bb.<\/p>\n<p class=\" wall-content\">\u00ab\u2009Moteurs trafiqu\u00e9s\u2009\u00bb, \u00ab\u2009pointes de vitesse \u00e0 plus de 180\u00a0km\/h\u2009\u00bb, \u00ab\u2009drifts\u2009\u00bb\u2026 Les infractions observ\u00e9es sont nombreuses et font ressentir <strong>un sentiment d\u2019ins\u00e9curit\u00e9<\/strong> \u00e0 certains habitants. \u00ab\u2009Ils perturbent durablement la vie des familles, des personnes \u00e2g\u00e9es, des enfants scolaris\u00e9s, et de tous ceux qui ont besoin d\u2019un quartier paisible pour vivre, dormir ou simplement se sentir en s\u00e9curit\u00e9\u2009\u00bb, d\u00e9veloppe le texte qui a recueilli plus de cent signatures en quelques jours.<\/p>\n<p>Les nuisances persistent malgr\u00e9 l\u2019intervention de la police<\/p>\n<p class=\" wall-content\">Sur les r\u00e9seaux, de nombreux internautes indiquent avoir contact\u00e9 \u00e0 plusieurs reprises la police et <a href=\"https:\/\/actu.fr\/occitanie\/toulouse_31555\/j-ai-traverse-un-nuage-demandes-concretes-et-appels-farfelus-dans-les-coulisses-d-allo-toulouse_62337501.html\" target=\"_blank\" rel=\"noopener\">All\u00f4 Toulouse<\/a>, mais <strong>le probl\u00e8me revient encore et encore<\/strong>. \u00ab\u2009Les actions men\u00e9es ne sont pas p\u00e9rennes, \u00e7a se r\u00e9sume \u00e0 une descente de police, quelques verbalisations et des retraits de v\u00e9hicules\u2009\u00bb, t\u00e9moigne un habitant du quartier.<\/p>\n<p>Vid\u00e9os : en ce moment sur Actu<\/p>\n<p class=\" wall-content\">Le bruit et le danger caus\u00e9s par les rod\u00e9os urbains sont tels que certains envisagent toutes les solutions. \u00ab\u2009Le quartier devient tellement bruyant que <strong>nous songeons parfois \u00e0 le quitter<\/strong>, [\u2026] c\u2019est dommage car on s\u2019y sentait bien\u2009\u00bb, t\u00e9moigne L\u00e9ana, signataire de la p\u00e9tition.<\/p>\n<p>Le quartier dans l\u2019attente de changements<\/p>\n<p class=\" wall-content\">L\u2019objectif de cette p\u00e9tition, affich\u00e9e directement dans les rues du quartier des Sept-Deniers, est d\u2019obtenir des changements concrets au quotidien. Des propositions comme <strong>l\u2019installation de ralentisseurs<\/strong> ou de <strong>cam\u00e9ras de vid\u00e9osurveillances<\/strong> sont souffl\u00e9s.<\/p>\n<p>    <img   decoding=\"async\" loading=\"lazy\" src=\"https:\/\/www.europesays.com\/fr\/wp-content\/uploads\/2025\/07\/20250730-105805-960x640.jpg\" alt=\"Des affiches partagent la p\u00e9tition en ligne dans les rues du quartier Sept-Deniers.\" width=\"960\" height=\"640\"\/><br \/>\n    Des affiches partagent la p\u00e9tition en ligne dans les rues du quartier Sept-Deniers. (\u00a9Lucie Fraisse \/ Actu Toulouse)<\/p>\n<p class=\" wall-content\">En mai\u00a02025, la pr\u00e9fecture de Haute-Garonne <a href=\"https:\/\/actu.fr\/occitanie\/toulouse_31555\/rodeo-urbain-a-toulouse-les-accidents-se-succedent-voici-comment-la-prefecture-prend-les-devants_62597053.html\" target=\"_blank\" rel=\"noopener\">a prolong\u00e9 l\u2019autorisation d\u2019emploi de drones<\/a> pour lutter contre les rod\u00e9os urbains, mais le quartier au bord de la rocade ne fait pas partie des zones concern\u00e9es jusqu\u2019en d\u00e9cembre.<\/p>\n<p class=\" wall-content\">\u00ab\u2009Nous aimons vivre aux Sept-Deniers, mais nous refusons de nous habituer au vacarme, \u00e0 la peur, \u00e0 la mise en danger constante\u2009\u00bb, \u00e9num\u00e8re la p\u00e9tition.<\/p>\n<p>\u00ab\u2009Il faut continuer d\u2019appeler All\u00f4 Toulouse\u2009\u00bb, r\u00e9pond la mairie<\/p>\n<p class=\" wall-content\">Interrog\u00e9e par Actu Toulouse, la municipalit\u00e9 assure prendre le probl\u00e8me tr\u00e8s au s\u00e9rieux et maintient une veille active sur la s\u00e9curit\u00e9 aux Sept-Deniers. \u00ab<strong>\u2009All\u00f4 Toulouse est la meilleure r\u00e9ponse<\/strong> \u00e0 donner aux d\u00e9linquants pour qu\u2019ils r\u00e9pondent de leurs actes devant la justice\u2009\u00bb, indique Emilion Esnault, l\u2019adjoint \u00e0 la s\u00e9curit\u00e9 du maire de Toulouse. Il veut pour preuve la r\u00e9cente immobilisation d\u2019un v\u00e9hicule utilis\u00e9 pour un rod\u00e9o, au niveau de la coul\u00e9e verte.<\/p>\n<p class=\" wall-content\">\n<p class=\" wall-content\">Sur la proposition d\u2019installer des dos d\u2019\u00e2nes dans le quartier, Emilion Esnault rappelle que plusieurs am\u00e9nagements ont d\u00e9j\u00e0 \u00e9t\u00e9 apport\u00e9s, pas plus tard que l\u2019ann\u00e9e derni\u00e8re sur l\u2019avenue Salvador Dali, l\u00e0 o\u00f9 des nuisances sont souvent signal\u00e9es sur un parking. \u00ab\u2009Le dos d\u2019\u00e2ne est efficace pour les voitures et les runs, mais il ne l\u2019est pas sur un deux-roues\u2009\u00bb, constate l\u2019\u00e9lu municipal.<\/p>\n<p>Les rod\u00e9os en baisse selon la municipalit\u00e9<\/p>\n<p class=\" wall-content\">Contrairement \u00e0 l\u2019avis des habitants, l\u2019adjoint \u00e0 la s\u00e9curit\u00e9 croit en <strong>la collaboration entre les riverains et la police<\/strong>. \u00ab\u2009Il n\u2019y avait pas besoin d\u2019une p\u00e9tition pour qu\u2019on augmente le nombre de policiers sur place\u2009\u00bb, lance-t-il. Avec All\u00f4 Toulouse, les effectifs de forces de l\u2019ordre sont r\u00e9partis dans la ville selon les signalements \u00e9mis sur le terrain.<\/p>\n<p class=\" wall-content\">D\u00e9j\u00e0 l\u2019\u00e9t\u00e9 dernier, <a href=\"https:\/\/actu.fr\/occitanie\/toulouse_31555\/toulouse-amateurs-de-sensations-fortes-ces-conducteurs-de-nouveau-stoppes-par-la-police_61475338.html\" target=\"_blank\" rel=\"noopener\">trois grosses op\u00e9rations de police avaient \u00e9t\u00e9 orchestr\u00e9es aux Sept-Deniers<\/a>. Selon Emilion Esnault, la manoeuvre avait mis un \u00ab\u2009coup d\u2019arr\u00eat\u2009\u00bb dans la vague de rod\u00e9os urbains. Aujourd\u2019hui, <strong>les rod\u00e9os et les runs \u00ab\u2009sont en baisse\u2009\u00bb<\/strong> \u00e0 Toulouse, affirme-t-il. Mais force est de constater que le probl\u00e8me est revenu dans les rues du quartier, et que la lutte contre les rod\u00e9os n\u2019est pas termin\u00e9e.\u00a0<\/p>\n<p class=\" wall-content\">Suivez toute l\u2019actualit\u00e9 de vos villes et m\u00e9dias favoris en vous inscrivant \u00e0 <a href=\"https:\/\/moncompte.actu.fr\" title=\"D\u00e9couvez Mon Actu\" rel=\"nofollow noopener\" data-trk=\"{&quot;cta&quot;:{&quot;action&quot;:&quot;https:\\\/\\\/moncompte.actu.fr&quot;,&quot;category&quot;:&quot;mon compte&quot;,&quot;from&quot;:&quot;article footer&quot;,&quot;name&quot;:&quot;Mon actu&quot;,&quot;type&quot;:&quot;cta&quot;}}\" target=\"_blank\">Mon Actu<\/a>.<\/p>\n<ul class=\"ac-article-tag wall-content\">\n<li><a href=\"https:\/\/actu.fr\/tag\/insecurite\" data-trk=\"{&quot;cta&quot;:{&quot;action&quot;:&quot;Ins\\u00e9curit\\u00e9&quot;,&quot;category&quot;:&quot;tag&quot;,&quot;from&quot;:&quot;article footer&quot;,&quot;name&quot;:&quot;Ins\\u00e9curit\\u00e9&quot;,&quot;type&quot;:&quot;cta&quot;}}\" target=\"_blank\" rel=\"noopener\">#Ins\u00e9curit\u00e9<\/a><\/li>\n<li><a href=\"https:\/\/actu.fr\/tag\/rodeos-urbains\" data-trk=\"{&quot;cta&quot;:{&quot;action&quot;:&quot;Rod\\u00e9os urbains&quot;,&quot;category&quot;:&quot;tag&quot;,&quot;from&quot;:&quot;article footer&quot;,&quot;name&quot;:&quot;Rod\\u00e9os urbains&quot;,&quot;type&quot;:&quot;cta&quot;}}\" target=\"_blank\" rel=\"noopener\">#Rod\u00e9os urbains<\/a><\/li>\n<\/ul>\n","protected":false},"excerpt":{"rendered":"Par Enzo Legros Publi\u00e9 le 31 juil. 2025 \u00e0 6h42 \u00ab\u2009Ce qui n\u2019\u00e9tait au d\u00e9part qu\u2019un d\u00e9sagr\u00e9ment ponctuel&hellip;\n","protected":false},"author":2,"featured_media":285930,"comment_status":"","ping_status":"","sticky":false,"template":"","format":"standard","meta":{"footnotes":""},"categories":[2816],"tags":[1111,11,1777,674,118,1011,27,2825,12,2680,25,5575,2312],"class_list":{"0":"post-285929","1":"post","2":"type-post","3":"status-publish","4":"format-standard","5":"has-post-thumbnail","7":"category-toulouse","8":"tag-actu","9":"tag-actualites","10":"tag-eu","11":"tag-europe","12":"tag-faits-divers","13":"tag-fr","14":"tag-france","15":"tag-insecurite","16":"tag-news","17":"tag-occitanie","18":"tag-republique-francaise","19":"tag-rodeos-urbains","20":"tag-toulouse"},"share_on_mastodon":{"url":"https:\/\/pubeurope.com\/@fr\/114946092878361619","error":""},"_links":{"self":[{"href":"https:\/\/www.europesays.com\/fr\/wp-json\/wp\/v2\/posts\/285929","targetHints":{"allow":["GET"]}}],"collection":[{"href":"https:\/\/www.europesays.com\/fr\/wp-json\/wp\/v2\/posts"}],"about":[{"href":"https:\/\/www.europesays.com\/fr\/wp-json\/wp\/v2\/types\/post"}],"author":[{"embeddable":true,"href":"https:\/\/www.europesays.com\/fr\/wp-json\/wp\/v2\/users\/2"}],"replies":[{"embeddable":true,"href":"https:\/\/www.europesays.com\/fr\/wp-json\/wp\/v2\/comments?post=285929"}],"version-history":[{"count":0,"href":"https:\/\/www.europesays.com\/fr\/wp-json\/wp\/v2\/posts\/285929\/revisions"}],"wp:featuredmedia":[{"embeddable":true,"href":"https:\/\/www.europesays.com\/fr\/wp-json\/wp\/v2\/media\/285930"}],"wp:attachment":[{"href":"https:\/\/www.europesays.com\/fr\/wp-json\/wp\/v2\/media?parent=285929"}],"wp:term":[{"taxonomy":"category","embeddable":true,"href":"https:\/\/www.europesays.com\/fr\/wp-json\/wp\/v2\/categories?post=285929"},{"taxonomy":"post_tag","embeddable":true,"href":"https:\/\/www.europesays.com\/fr\/wp-json\/wp\/v2\/tags?post=285929"}],"curies":[{"name":"wp","href":"https:\/\/api.w.org\/{rel}","templated":true}]}}