{"id":285933,"date":"2025-07-31T05:03:14","date_gmt":"2025-07-31T05:03:14","guid":{"rendered":"https:\/\/www.europesays.com\/fr\/285933\/"},"modified":"2025-07-31T05:03:14","modified_gmt":"2025-07-31T05:03:14","slug":"lille-un-tout-nouveau-caniparc-a-ouvert-a-deux-pas-du-vieux-lille-decouvrez-le-en-images","status":"publish","type":"post","link":"https:\/\/www.europesays.com\/fr\/285933\/","title":{"rendered":"Lille. Un tout nouveau caniparc a ouvert \u00e0 deux pas du Vieux-Lille : d\u00e9couvrez-le en images"},"content":{"rendered":"<p>            Par<br \/>\n        <strong><br \/>\n            <a href=\"https:\/\/actu.fr\/auteur\/margot-nicodeme\" title=\"Consulter tous les articles de Margot Nicod\u00e8me\" target=\"_blank\" rel=\"noopener\">Margot Nicod\u00e8me<\/a><br \/>\n        <\/strong><\/p>\n<p>        Publi\u00e9 le<\/p>\n<p>            31 juil. 2025 \u00e0 6h26        <\/p>\n<p>Il a ouvert, presque dans l\u2019indiff\u00e9rence g\u00e9n\u00e9rale. Pourtant, c\u2019est le genre d\u2019\u00e9quipement <b>g\u00e9n\u00e9ralement rapidement pris d\u2019assaut\u2009<\/b>: le <b>grand <a href=\"https:\/\/actu.fr\/hauts-de-france\/lille_59350\/lille-un-caniparc-un-vrai-avec-fontaine-a-eau-et-jeux-pour-chiens-prend-forme-a-la-citadelle_62129343.html\" target=\"_blank\" rel=\"noopener\">caniparc<\/a> <\/b>\u00e0 deux pas du Vieux-<a href=\"https:\/\/actu.fr\/hauts-de-france\/lille_59350\" target=\"_blank\" rel=\"noopener\">Lille<\/a> (Nord) est enfin accessible au public, depuis le 15\u00a0juillet 2025. Il se trouve dans le gigantesque <a href=\"https:\/\/actu.fr\/tag\/citadelle-de-lille\" target=\"_blank\" rel=\"noopener\">parc de la Citadelle<\/a>, et comprend des espaces qui changent de l\u2019ordinaire. Voici, en images, le rendu (presque) final, apr\u00e8s plus de 6\u00a0mois de travaux.<\/p>\n<p>    <img   decoding=\"async\" loading=\"lazy\" class=\"size-large\" src=\"https:\/\/www.europesays.com\/fr\/wp-content\/uploads\/2025\/07\/b0c937e4f9886c4c937e4f98878c93v-960x640.jpg\" alt=\"Un tronc d'arbre creus\u00e9 fait office de tunnel ludique pour les chiens.\" width=\"960\" height=\"640\"\/><br \/>\n    Un tronc d\u2019arbre creus\u00e9 fait office de tunnel ludique pour les chiens. \u00a9Margot Nicod\u00e8meUn tout nouveau caniparc fra\u00eechement ouvert \u00e0 Lille\u2009: voici les images<\/p>\n<p class=\" wall-content\">Cet \u00eelot de verdure, situ\u00e9 <b>en face de la plaine des Sports<\/b>, est d\u00e9crit par la Ville comme \u00ab\u2009un espace de jeux et de sociabilisation r\u00e9serv\u00e9 aux chiens et \u00e0 leurs d\u00e9tenteurs\u2009\u00bb. ll se compose de deux acc\u00e8s\u2009: une entr\u00e9e avec SAS, et une sortie avec SAS.<\/p>\n<p>    <img   decoding=\"async\" loading=\"lazy\" class=\"size-large\" src=\"https:\/\/www.europesays.com\/fr\/wp-content\/uploads\/2025\/07\/42e137e4f988636e137e4f9882ae13v-960x640.jpg\" alt=\"Le caniparc se trouve en face de la plaine des Sports.\" width=\"960\" height=\"640\"\/><br \/>\n    Le caniparc se trouve en face de la plaine des Sports. \u00a9Margot Nicod\u00e8me<br \/>\n    <img   decoding=\"async\" loading=\"lazy\" class=\"size-large\" src=\"https:\/\/www.europesays.com\/fr\/wp-content\/uploads\/2025\/07\/40b5c595f988644b5c595f98828b5cv-960x640.jpg\" alt=\"Le caniparc au coeur du parc de la Citadelle est ouvert depuis le 15 juillet 2025.\" width=\"960\" height=\"640\"\/><br \/>\n    Le caniparc au c\u0153ur du parc de la Citadelle est ouvert depuis le 15\u00a0juillet 2025. \u00a9Margot Nicod\u00e8me<\/p>\n<p class=\" wall-content\">\u00c0 l\u2019int\u00e9rieur, <b>du mobilier en bois <\/b>pour le repos des propri\u00e9taires, et une butte de terre pour fatiguer leurs petits compagnons. Mais aussi une fontaine \u00e0 eau, un massif v\u00e9g\u00e9tal, un enclos pour les chiens\u2026 et un parcours de \u00ab\u2009slalom\u2009\u00bb, plut\u00f4t \u00e9nigmatique \u00e0 l\u2019heure actuelle. En effet, un \u00e9criteau indique qu\u2019il \u00ab\u2009sera adapt\u00e9 en septembre\u2009\u00bb et qu\u2019il est \u00ab\u2009d\u00e9conseill\u00e9 aux grands chiens\u2009\u00bb.<\/p>\n<p>    <img   decoding=\"async\" loading=\"lazy\" class=\"size-large\" src=\"https:\/\/www.europesays.com\/fr\/wp-content\/uploads\/2025\/07\/5877d595f98867c77d595f9886087dv-960x640.jpg\" alt=\"Le mobilier est en bois, pour ne pas d\u00e9naturer l'espace verdoyant.\" width=\"960\" height=\"640\"\/><br \/>\n    Le mobilier est en bois, pour ne pas d\u00e9naturer l\u2019espace verdoyant. \u00a9Margot Nicod\u00e8me<\/p>\n<p class=\" wall-content\">Seul \u00e9l\u00e9ment qui pourrait en faire partie\u2009: un tronc d\u2019arbre, dans lequel a \u00e9t\u00e9 con\u00e7u un petit passage, et qui fait <b>office de tunnel ludique<\/b>.<\/p>\n<p class=\" wall-content\">Les r\u00e8gles \u00e9l\u00e9mentaires sont rappel\u00e9es\u2009: comme dans tous les caniparcs, les chiens de cat\u00e9gorie 2 sont les bienvenus avec une museli\u00e8re, les usagers doivent ramasser les d\u00e9jections canines et ils restent \u00e9videmment responsables de leurs animaux.<\/p>\n<p class=\" wall-content\">Suivez toute l\u2019actualit\u00e9 de vos villes et m\u00e9dias favoris en vous inscrivant \u00e0 <a href=\"https:\/\/moncompte.actu.fr\" title=\"D\u00e9couvez Mon Actu\" rel=\"nofollow noopener\" data-trk=\"{&quot;cta&quot;:{&quot;action&quot;:&quot;https:\\\/\\\/moncompte.actu.fr&quot;,&quot;category&quot;:&quot;mon compte&quot;,&quot;from&quot;:&quot;article footer&quot;,&quot;name&quot;:&quot;Mon actu&quot;,&quot;type&quot;:&quot;cta&quot;}}\" target=\"_blank\">Mon Actu<\/a>.<\/p>\n","protected":false},"excerpt":{"rendered":"Par Margot Nicod\u00e8me Publi\u00e9 le 31 juil. 2025 \u00e0 6h26 Il a ouvert, presque dans l\u2019indiff\u00e9rence g\u00e9n\u00e9rale. Pourtant,&hellip;\n","protected":false},"author":2,"featured_media":285934,"comment_status":"","ping_status":"","sticky":false,"template":"","format":"standard","meta":{"footnotes":""},"categories":[2815],"tags":[1111,11,4850,19408,1777,674,1011,27,811,1307,12,25,104],"class_list":{"0":"post-285933","1":"post","2":"type-post","3":"status-publish","4":"format-standard","5":"has-post-thumbnail","7":"category-lille","8":"tag-actu","9":"tag-actualites","10":"tag-chien","11":"tag-citadelle-de-lille","12":"tag-eu","13":"tag-europe","14":"tag-fr","15":"tag-france","16":"tag-hauts-de-france","17":"tag-lille","18":"tag-news","19":"tag-republique-francaise","20":"tag-societe"},"share_on_mastodon":{"url":"https:\/\/pubeurope.com\/@fr\/114946100771445869","error":""},"_links":{"self":[{"href":"https:\/\/www.europesays.com\/fr\/wp-json\/wp\/v2\/posts\/285933","targetHints":{"allow":["GET"]}}],"collection":[{"href":"https:\/\/www.europesays.com\/fr\/wp-json\/wp\/v2\/posts"}],"about":[{"href":"https:\/\/www.europesays.com\/fr\/wp-json\/wp\/v2\/types\/post"}],"author":[{"embeddable":true,"href":"https:\/\/www.europesays.com\/fr\/wp-json\/wp\/v2\/users\/2"}],"replies":[{"embeddable":true,"href":"https:\/\/www.europesays.com\/fr\/wp-json\/wp\/v2\/comments?post=285933"}],"version-history":[{"count":0,"href":"https:\/\/www.europesays.com\/fr\/wp-json\/wp\/v2\/posts\/285933\/revisions"}],"wp:featuredmedia":[{"embeddable":true,"href":"https:\/\/www.europesays.com\/fr\/wp-json\/wp\/v2\/media\/285934"}],"wp:attachment":[{"href":"https:\/\/www.europesays.com\/fr\/wp-json\/wp\/v2\/media?parent=285933"}],"wp:term":[{"taxonomy":"category","embeddable":true,"href":"https:\/\/www.europesays.com\/fr\/wp-json\/wp\/v2\/categories?post=285933"},{"taxonomy":"post_tag","embeddable":true,"href":"https:\/\/www.europesays.com\/fr\/wp-json\/wp\/v2\/tags?post=285933"}],"curies":[{"name":"wp","href":"https:\/\/api.w.org\/{rel}","templated":true}]}}