{"id":285945,"date":"2025-07-31T05:11:18","date_gmt":"2025-07-31T05:11:18","guid":{"rendered":"https:\/\/www.europesays.com\/fr\/285945\/"},"modified":"2025-07-31T05:11:18","modified_gmt":"2025-07-31T05:11:18","slug":"tsunami-leon-marchand-vise-un-record-et-mort-dun-candidat-du-premier-koh-lanta","status":"publish","type":"post","link":"https:\/\/www.europesays.com\/fr\/285945\/","title":{"rendered":"Tsunami, L\u00e9on Marchand vise un record et mort d\u2019un candidat du premier \u00ab\u00a0Koh-Lanta\u00a0\u00bb"},"content":{"rendered":"<p>Notre \u00ab\u00a0Toute l\u2019info en 2 minutes\u00a0\u00bb matinal a pris ses cong\u00e9s d\u2019\u00e9t\u00e9 et s\u2019autorise \u00e0 se lever en fin de matin\u00e9e pour vous \u00eatre livr\u00e9 \u00e0 midi. Et ce, jusqu\u2019au vendredi 22\u00a0ao\u00fbt. Le format ne change pas, on vous propose trois infos. Bonne lecture, bon <a href=\"https:\/\/www.20minutes.fr\/consommation\/4147361-20250419-remplace-habituelles-cacahuetes-comment-petits-bretzels-devenus-incontournables-apero\" class=\"color-ultramarine c-link\" target=\"_blank\" rel=\"noopener\">ap\u00e9ro <\/a>et bon app\u00e9tit.<\/p>\n<p>Un gigantesque s\u00e9isme de magnitude 8,8 qui s\u2019est produit dans la p\u00e9ninsule<a href=\"https:\/\/www.20minutes.fr\/planete\/4165898-20250730-alerte-tsunami-apres-seisme-magnitude-8-7-pres-cotes-russes\" class=\"color-ultramarine c-link\" target=\"_blank\" rel=\"noopener\"> russe du Kamchatka<\/a>, a d\u00e9clench\u00e9 une alerte g\u00e9n\u00e9rale au tsunami dans l\u2019oc\u00e9an Pacifique. Ce tremblement de terre, le plus fort depuis pr\u00e8s de 73 ans, a provoqu\u00e9 des tsunamis en Russie et au Japon. Les forces arm\u00e9es fran\u00e7aises ont \u00e9t\u00e9 mises en \u00ab\u00a0alerte \u00e0 titre pr\u00e9ventif\u00a0\u00bb en Polyn\u00e9sie fran\u00e7aise.<\/p>\n<p>Apr\u00e8s une entr\u00e9e en lice id\u00e9ale, le quadruple champion olympique fran\u00e7ais dispute, ce mercredi, sa demi-finale du 200\u00a0m 4 nages. Gagnera-t-il l\u2019or, l\u2019argent, le bronze ou la m\u00e9daille en chocolat\u00a0? L\u2019ambition est immense, car L\u00e9on Marchand vise le record du monde. Y arrivera-t-il\u00a0? Pour le savoir,<a href=\"https:\/\/www.20minutes.fr\/sport\/natation\/4165767-20250730-direct-mondiaux-natation-2025-leon-marchand-vise-deja-record-monde-200-4-nages-suivez-toutes-epreuves-12h50\" class=\"color-ultramarine c-link\" target=\"_blank\" rel=\"noopener\"> suivez notre live<\/a> comme \u00e0 la maison.<\/p>\n<\/p>\n<p>La \u00ab\u00a0famille Koh-Lanta\u00a0\u00bb perd un nouveau membre\u00a0: Adventure Line Productions, qui produit le c\u00e9l\u00e8bre jeu d\u2019aventures de TF1, a annonc\u00e9 sur son compte X le d\u00e9c\u00e8s de l\u2019ancien candidat St\u00e9phane Bertheau \u00e0 l\u2019\u00e2ge de 48 ans.<\/p>\n<p><a href=\"https:\/\/www.20minutes.fr\/arts-stars\/television\/koh_lanta\/\" class=\"c-link c-btn c-btn--primary\" target=\"_blank\" rel=\"noopener\">Notre dossier Koh-Lanta<\/a><\/p>\n<p>Participant de la toute premi\u00e8re \u00e9dition diffus\u00e9e en\u00a02001, il n\u2019avait \u00e9t\u00e9 \u00e9limin\u00e9 de l\u2019aventure tourn\u00e9e en Tha\u00eflande qu\u2019au bout de 25 jours, rappelle Le Figaro.<\/p>\n<p>Le quotidien pr\u00e9cise que si la date exacte et les circonstances de sa disparition ne sont pas connues, son compte TikTok indique que St\u00e9phane Bertheau se trouvait sur l\u2019\u00eele espagnole de Tenerife le 22\u00a0juillet dernier. Des hommages ont \u00e9t\u00e9 notamment rendus par Amel Fatnassi, la gagnante de la saison 2.<\/p>\n","protected":false},"excerpt":{"rendered":"Notre \u00ab\u00a0Toute l\u2019info en 2 minutes\u00a0\u00bb matinal a pris ses cong\u00e9s d\u2019\u00e9t\u00e9 et s\u2019autorise \u00e0 se lever en&hellip;\n","protected":false},"author":2,"featured_media":285946,"comment_status":"","ping_status":"","sticky":false,"template":"","format":"standard","meta":{"footnotes":""},"categories":[1888],"tags":[1111,1928,47,11,1927,42212,3983,1777,674,1011,27,2070,680,13283,5216,12,1926,42367,626,1925,52,13049,25,132,18565,104,517,6012],"class_list":{"0":"post-285945","1":"post","2":"type-post","3":"status-publish","4":"format-standard","5":"has-post-thumbnail","7":"category-paris","8":"tag-actu","9":"tag-actu-paris","10":"tag-actualite","11":"tag-actualites","12":"tag-actualites-paris","13":"tag-championnats-du-monde-de-natation","14":"tag-deces","15":"tag-eu","16":"tag-europe","17":"tag-fr","18":"tag-france","19":"tag-japon","20":"tag-koh-lanta","21":"tag-leon-marchand","22":"tag-natation","23":"tag-news","24":"tag-news-paris","25":"tag-ocean-pacifique","26":"tag-paris","27":"tag-paris-news","28":"tag-planete","29":"tag-polynesie-francaise","30":"tag-republique-francaise","31":"tag-russie","32":"tag-seismes","33":"tag-societe","34":"tag-sport","35":"tag-tsunami"},"share_on_mastodon":{"url":"https:\/\/pubeurope.com\/@fr\/114946132118416940","error":""},"_links":{"self":[{"href":"https:\/\/www.europesays.com\/fr\/wp-json\/wp\/v2\/posts\/285945","targetHints":{"allow":["GET"]}}],"collection":[{"href":"https:\/\/www.europesays.com\/fr\/wp-json\/wp\/v2\/posts"}],"about":[{"href":"https:\/\/www.europesays.com\/fr\/wp-json\/wp\/v2\/types\/post"}],"author":[{"embeddable":true,"href":"https:\/\/www.europesays.com\/fr\/wp-json\/wp\/v2\/users\/2"}],"replies":[{"embeddable":true,"href":"https:\/\/www.europesays.com\/fr\/wp-json\/wp\/v2\/comments?post=285945"}],"version-history":[{"count":0,"href":"https:\/\/www.europesays.com\/fr\/wp-json\/wp\/v2\/posts\/285945\/revisions"}],"wp:featuredmedia":[{"embeddable":true,"href":"https:\/\/www.europesays.com\/fr\/wp-json\/wp\/v2\/media\/285946"}],"wp:attachment":[{"href":"https:\/\/www.europesays.com\/fr\/wp-json\/wp\/v2\/media?parent=285945"}],"wp:term":[{"taxonomy":"category","embeddable":true,"href":"https:\/\/www.europesays.com\/fr\/wp-json\/wp\/v2\/categories?post=285945"},{"taxonomy":"post_tag","embeddable":true,"href":"https:\/\/www.europesays.com\/fr\/wp-json\/wp\/v2\/tags?post=285945"}],"curies":[{"name":"wp","href":"https:\/\/api.w.org\/{rel}","templated":true}]}}