{"id":285947,"date":"2025-07-31T05:12:15","date_gmt":"2025-07-31T05:12:15","guid":{"rendered":"https:\/\/www.europesays.com\/fr\/285947\/"},"modified":"2025-07-31T05:12:15","modified_gmt":"2025-07-31T05:12:15","slug":"chez-janou-connu-pour-ses-80-pastis-et-sa-mousse-au-chocolat","status":"publish","type":"post","link":"https:\/\/www.europesays.com\/fr\/285947\/","title":{"rendered":"Chez Janou, connu pour ses 80 pastis et sa mousse au chocolat"},"content":{"rendered":"<p>\t\t\t\t\t\t\t\t\t\t\t\t\t\t\t\t\t\t\t\t\t\t<img decoding=\"async\" fetchpriority=\"high\" src=\"https:\/\/www.europesays.com\/fr\/wp-content\/uploads\/2025\/07\/8-4-1024x683.jpg\" class=\"img-fluid\" alt=\"Chez Janou restaurant proven\u00e7al Paris Le Marais 80 pastis\" width=\"1024\" height=\"683\"\/><\/p>\n<p class=\"p1\">\u00ab Chez Janou \u00bb, il faudrait toute une vie\u2026 ou plusieurs foies, pour go\u00fbter \u00e0 tous les jaunes ! Car pas moins de <strong>80 pastis sont \u00e0 la carte. <\/strong>Oui, vous avez bien lu. Du pastis classique au pastis d\u2019antan, en passant par les pastis qui font voyager les papilles, de la Gr\u00e8ce \u00e0 la Corse\u2026 Ici, <strong>les amateurs de pastaga<\/strong> pourront devenir de v\u00e9ritables experts de l\u2019anisette. <\/p>\n<p> <b>Chez Janou, le restaurant aux plus de 80 Pastis dont tout le monde parle <\/b> <\/p>\n<p><img fetchpriority=\"high\" decoding=\"async\" class=\"aligncenter size-large wp-image-192387\" src=\"data:image\/svg+xml,%3Csvg%20xmlns=\" http:=\"\" alt=\"Chez Janou le Marais\" width=\"1024\" height=\"683\" data-lazy- data-lazy- data-lazy-src=\"https:\/\/www.europesays.com\/fr\/wp-content\/uploads\/2025\/07\/9-3-1024x683.jpg\"\/><\/p>\n<p class=\"p1\">Des affiches de films vintage, des portraits des personnages de Marcel Pagnol accroch\u00e9s aux murs, des publicit\u00e9s d\u2019antan\u2026 Non loin de la place des Vosges, <strong>cette petite adresse qui sent bon la Provence attire les foules.<\/strong> Nich\u00e9 dans <strong>le Marais<\/strong>, l\u2019\u00e9tablissement \u00e0 la devanture verte et \u00e0 la terrasse qui sent bon le soleil, rappelle avec bonheur la campagne. Pour l\u2019ap\u00e9ro (et jusqu\u2019au digeo), on trinque autour d\u2019un Ricard, d\u2019un Pastis 51, d\u2019un Janot d\u2019Antan, d\u2019un pastis \u00e0 la lavande aux belles nuances violettes, ou d\u2019un Diamant Bleu (bleu, comme son nom l\u2019indique). <\/p>\n<p><img loading=\"lazy\" decoding=\"async\" class=\"aligncenter size-large wp-image-192390\" src=\"data:image\/svg+xml,%3Csvg%20xmlns=\" http:=\"\" alt=\"o\u00f9 boire un pastis \u00e0 Paris ?\" width=\"1024\" height=\"683\" data-lazy- data-lazy- data-lazy-src=\"https:\/\/www.europesays.com\/fr\/wp-content\/uploads\/2025\/07\/12-1-1024x683.jpg\"\/><\/p>\n<p class=\"p1\">Pastis \u00e0 la r\u00e9glisse, pastis de Provence, Pastis de Nice, de Marseille, de St Tropez, Terre Rouge ou m\u00eame Ouzo et Raki\u2026 La carte semble infinie. Au total : pas moins de <strong>80 r\u00e9f\u00e9rences de la c\u00e9l\u00e8bre boisson anis\u00e9e.<\/strong> Pour que tout soit parfait, il ne manquerait plus que <strong>le chant des cigales et les boules de p\u00e9tanque ! <\/strong><\/p>\n<p> <b>Pastis, Panais, tapenade\u2026 Dans le Marais : un petit coin de Provence ! (La mousse au chocolat en plus)<\/b> <\/p>\n<p class=\"p1\"><b><img loading=\"lazy\" decoding=\"async\" class=\"aligncenter size-large wp-image-192388\" src=\"data:image\/svg+xml,%3Csvg%20xmlns=\" http:=\"\" alt=\"La Provence \u00e0 Paris restaurant Le Marais\" width=\"1024\" height=\"683\" data-lazy- data-lazy- data-lazy-src=\"https:\/\/www.europesays.com\/fr\/wp-content\/uploads\/2025\/07\/11-1024x683.jpg\"\/> <\/b>\u00c0 la carte du <strong>restaurant Chez Janou<\/strong>, on retrouve le meilleur de la Provence : de la ratatouille, des <strong>frites de Panisse<\/strong>, des petites fritures de poisson \u00e0 partager et des moules gratin\u00e9es en entr\u00e9e. Pour le plat, on se laisse tenter par une entrec\u00f4te de bistrot, des <strong>petits farcis proven\u00e7aux<\/strong>, un filet de bar \u00e0 la tapenade qui sent bon la M\u00e9diterran\u00e9e, et des <strong>gambas flamb\u00e9es\u2026 au Pastis, \u00e9videmment !<\/strong> En dessert, on craque pour le pain perdu au caramel. Mais c\u2019est surtout la <strong>mousse au chocolat<\/strong> de la maison qui fait fureur. Une mousse au chocolat pr\u00e9sent\u00e9e dans une soupi\u00e8re, g\u00e9n\u00e9reusement <strong>servie \u00e0 la louche<\/strong>, dans des assiettes r\u00e9tro fa\u00e7on grand-m\u00e8re de Chez Janou. <\/p>\n<p> <b>Une adresse qui s\u00e9duit toujours, mais un peu trop touristique au go\u00fbt de certains habitu\u00e9s <\/b> <\/p>\n<p><img loading=\"lazy\" decoding=\"async\" class=\"aligncenter size-large wp-image-192389\" src=\"data:image\/svg+xml,%3Csvg%20xmlns=\" http:=\"\" alt=\"o\u00f9 manger une mousse au chocolat \u00e0 Paris ?\" width=\"1024\" height=\"683\" data-lazy- data-lazy- data-lazy-src=\"https:\/\/www.europesays.com\/fr\/wp-content\/uploads\/2025\/07\/10-3-1024x683.jpg\"\/><\/p>\n<p class=\"p1\">Oui, chez Janou est un v\u00e9ritable <strong>petit coin de Provence en plein Paris<\/strong>. Cela dit, certains habitu\u00e9s notent que <strong>le lieu est devenu un peu plus touristique ces derniers temps.<\/strong> Il y a quelques ann\u00e9es, le comptoir rassemblait surtout les<strong> amateurs de pastis et les fid\u00e8les du quartier<\/strong>. Aujourd\u2019hui, la file de clients, souvent touristes, ne d\u00e9semplit plus devant le restaurant. Le service, parfois moins convivial, et <strong>la mousse au chocolat qui \u00e9tait autrefois servie \u00e0 volont\u00e9<\/strong> sont des petits changements qui font regretter l\u2019authenticit\u00e9 d\u2019avant. Malgr\u00e9 tout, Chez Janou conserve son charme proven\u00e7al, avec des gambas au Pastis incontournables et sa fameuse mousse au chocolat, qui, servie avec un sourire, serait sans doute encore plus savoureuse.<\/p>\n<p>\ud83d\udccd <a href=\"https:\/\/www.chezjanou.com\/\" rel=\"nofollow noopener noreferrer\" target=\"_blank\" class=\"shortcode-outbound-link\" data-has-ga=\"true\" data-ga-type=\"click\" data-label=\"https:\/\/www.chezjanou.com\/\" data-action=\"text_cta_0\" data-category=\"click_non_sales\"><strong>Chez Janou<\/strong><\/a>, 2 rue Roger Verlomme, 75003 Paris<\/p>\n","protected":false},"excerpt":{"rendered":"\u00ab Chez Janou \u00bb, il faudrait toute une vie\u2026 ou plusieurs foies, pour go\u00fbter \u00e0 tous les jaunes&hellip;\n","protected":false},"author":2,"featured_media":285948,"comment_status":"","ping_status":"","sticky":false,"template":"","format":"standard","meta":{"footnotes":""},"categories":[1888],"tags":[1111,1928,11,1927,42486,17174,1777,674,1011,27,12,1926,626,1925,25],"class_list":{"0":"post-285947","1":"post","2":"type-post","3":"status-publish","4":"format-standard","5":"has-post-thumbnail","7":"category-paris","8":"tag-actu","9":"tag-actu-paris","10":"tag-actualites","11":"tag-actualites-paris","12":"tag-autre-cuisine-mediterraneenne","13":"tag-cuisine-francaise","14":"tag-eu","15":"tag-europe","16":"tag-fr","17":"tag-france","18":"tag-news","19":"tag-news-paris","20":"tag-paris","21":"tag-paris-news","22":"tag-republique-francaise"},"share_on_mastodon":{"url":"https:\/\/pubeurope.com\/@fr\/114946136028345480","error":""},"_links":{"self":[{"href":"https:\/\/www.europesays.com\/fr\/wp-json\/wp\/v2\/posts\/285947","targetHints":{"allow":["GET"]}}],"collection":[{"href":"https:\/\/www.europesays.com\/fr\/wp-json\/wp\/v2\/posts"}],"about":[{"href":"https:\/\/www.europesays.com\/fr\/wp-json\/wp\/v2\/types\/post"}],"author":[{"embeddable":true,"href":"https:\/\/www.europesays.com\/fr\/wp-json\/wp\/v2\/users\/2"}],"replies":[{"embeddable":true,"href":"https:\/\/www.europesays.com\/fr\/wp-json\/wp\/v2\/comments?post=285947"}],"version-history":[{"count":0,"href":"https:\/\/www.europesays.com\/fr\/wp-json\/wp\/v2\/posts\/285947\/revisions"}],"wp:featuredmedia":[{"embeddable":true,"href":"https:\/\/www.europesays.com\/fr\/wp-json\/wp\/v2\/media\/285948"}],"wp:attachment":[{"href":"https:\/\/www.europesays.com\/fr\/wp-json\/wp\/v2\/media?parent=285947"}],"wp:term":[{"taxonomy":"category","embeddable":true,"href":"https:\/\/www.europesays.com\/fr\/wp-json\/wp\/v2\/categories?post=285947"},{"taxonomy":"post_tag","embeddable":true,"href":"https:\/\/www.europesays.com\/fr\/wp-json\/wp\/v2\/tags?post=285947"}],"curies":[{"name":"wp","href":"https:\/\/api.w.org\/{rel}","templated":true}]}}