{"id":285949,"date":"2025-07-31T05:13:13","date_gmt":"2025-07-31T05:13:13","guid":{"rendered":"https:\/\/www.europesays.com\/fr\/285949\/"},"modified":"2025-07-31T05:13:13","modified_gmt":"2025-07-31T05:13:13","slug":"trois-ans-dactions-pour-preserver-leau-en-ile-de-france","status":"publish","type":"post","link":"https:\/\/www.europesays.com\/fr\/285949\/","title":{"rendered":"Trois ans d&rsquo;actions pour pr\u00e9server l&rsquo;eau en \u00cele-de-France"},"content":{"rendered":"\n<p lang=\"fr-FR\" style=\"margin-bottom: 0cm;\">Le syndicat des eaux d&rsquo;\u00cele-de-France (SEDIF) a adopt\u00e9 une strat\u00e9gie de pr\u00e9servation de l\u2019eau. Cette mesure s&rsquo;accompagne d\u2019un programme d\u2019actions pour la p\u00e9riode 2025-2027. Parmi les priorit\u00e9s : agir autour des usines de captage, d\u00e9dier un budget annuel ou encore r\u00e9duire les pollutions. Les diff\u00e9rents engagements seront suivis. Une version enrichie de la strat\u00e9gie est attendue en 2027, avec une vision \u00e0 l\u2019horizon 2030.<\/p>\n<p lang=\"fr-FR\" style=\"margin-bottom: 0cm; font-style: normal;\">\u00a0<\/p>\n<p lang=\"fr-FR\" style=\"margin-bottom: 0cm;\">Nicolas Chacun<\/p>\n<p>!function(f,b,e,v,n,t,s){if(f.fbq)return;n=f.fbq=function(){n.callMethod?<br \/>\nn.callMethod.apply(n,arguments):n.queue.push(arguments)};if(!f._fbq)f._fbq=n;<br \/>\nn.push=n;n.loaded=!0;n.version=&rsquo;2.0&prime;;n.queue=[];t=b.createElement(e);t.async=!0;<br \/>\nt.src=v;s=b.getElementsByTagName(e)[0];s.parentNode.insertBefore(t,s)}(window,<br \/>\ndocument,&rsquo;script&rsquo;,&rsquo;https:\/\/connect.facebook.net\/en_US\/fbevents.js&rsquo;);<br \/>\nfbq(&lsquo;init&rsquo;, &lsquo;278974969201861&rsquo;); \/\/ Insert your pixel ID here.<br \/>\nfbq(&lsquo;track&rsquo;, &lsquo;PageView&rsquo;);<\/p>\n","protected":false},"excerpt":{"rendered":"Le syndicat des eaux d&rsquo;\u00cele-de-France (SEDIF) a adopt\u00e9 une strat\u00e9gie de pr\u00e9servation de l\u2019eau. Cette mesure s&rsquo;accompagne d\u2019un&hellip;\n","protected":false},"author":2,"featured_media":285950,"comment_status":"","ping_status":"","sticky":false,"template":"","format":"standard","meta":{"footnotes":""},"categories":[1888],"tags":[11,1933,1936,1777,1939,674,1011,27,1934,12,1940,626,1935,25,1937,1941,1938],"class_list":{"0":"post-285949","1":"post","2":"type-post","3":"status-publish","4":"format-standard","5":"has-post-thumbnail","7":"category-paris","8":"tag-actualites","9":"tag-actualites-locales","10":"tag-essonne","11":"tag-eu","12":"tag-eure-et-loir","13":"tag-europe","14":"tag-fr","15":"tag-france","16":"tag-infos-locales","17":"tag-news","18":"tag-oise","19":"tag-paris","20":"tag-pres-de-chez-vous","21":"tag-republique-francaise","22":"tag-seine-et-marne","23":"tag-somme","24":"tag-yvelines"},"share_on_mastodon":{"url":"https:\/\/pubeurope.com\/@fr\/114946140016632939","error":""},"_links":{"self":[{"href":"https:\/\/www.europesays.com\/fr\/wp-json\/wp\/v2\/posts\/285949","targetHints":{"allow":["GET"]}}],"collection":[{"href":"https:\/\/www.europesays.com\/fr\/wp-json\/wp\/v2\/posts"}],"about":[{"href":"https:\/\/www.europesays.com\/fr\/wp-json\/wp\/v2\/types\/post"}],"author":[{"embeddable":true,"href":"https:\/\/www.europesays.com\/fr\/wp-json\/wp\/v2\/users\/2"}],"replies":[{"embeddable":true,"href":"https:\/\/www.europesays.com\/fr\/wp-json\/wp\/v2\/comments?post=285949"}],"version-history":[{"count":0,"href":"https:\/\/www.europesays.com\/fr\/wp-json\/wp\/v2\/posts\/285949\/revisions"}],"wp:featuredmedia":[{"embeddable":true,"href":"https:\/\/www.europesays.com\/fr\/wp-json\/wp\/v2\/media\/285950"}],"wp:attachment":[{"href":"https:\/\/www.europesays.com\/fr\/wp-json\/wp\/v2\/media?parent=285949"}],"wp:term":[{"taxonomy":"category","embeddable":true,"href":"https:\/\/www.europesays.com\/fr\/wp-json\/wp\/v2\/categories?post=285949"},{"taxonomy":"post_tag","embeddable":true,"href":"https:\/\/www.europesays.com\/fr\/wp-json\/wp\/v2\/tags?post=285949"}],"curies":[{"name":"wp","href":"https:\/\/api.w.org\/{rel}","templated":true}]}}