{"id":285958,"date":"2025-07-31T05:18:33","date_gmt":"2025-07-31T05:18:33","guid":{"rendered":"https:\/\/www.europesays.com\/fr\/285958\/"},"modified":"2025-07-31T05:18:33","modified_gmt":"2025-07-31T05:18:33","slug":"plus-de-120-vols-perturbes-apres-une-vaste-panne-technique","status":"publish","type":"post","link":"https:\/\/www.europesays.com\/fr\/285958\/","title":{"rendered":"plus de 120 vols perturb\u00e9s apr\u00e8s une vaste panne technique"},"content":{"rendered":"<p>\u00abIl est scandaleux que les passagers soient une fois de plus victimes de retards et de perturbations\u00bb, selon le directeur des op\u00e9rations de Ryanair, Neal McMahon.<\/p>\n<p class=\"fig-paragraph\">Journ\u00e9e chaotique pour les touristes et les Britanniques dans les a\u00e9roports. Le trafic a\u00e9rien a \u00e9t\u00e9 bri\u00e8vement perturb\u00e9 mercredi 31 juillet au\u00a0<a href=\"http:\/\/www.lefigaro.fr\/international\/le-royaume-uni-reconnaitra-un-etat-palestinien-en-septembre-sauf-si-israel-prend-certains-engagements-20250729\" data-fig-type=\"NewsFlash\" data-gtm-custom-categorie=\"navigation\" data-gtm-custom-action=\"crossclick\" data-gtm-custom-label=\"Contextuel\" data-gtm-event=\"customEventSPE\" data-fig-domain=\"LEFIGARO\" target=\"_blank\" rel=\"noopener\">Royaume-Uni<\/a>\u00a0\u00e0 la suite d&rsquo;un\u00a0<a href=\"http:\/\/www.lefigaro.fr\/conjoncture\/un-probleme-technique-perturbe-brievement-le-trafic-aerien-autour-de-londres-20250730\" data-fig-type=\"NewsFlash\" data-gtm-custom-categorie=\"navigation\" data-gtm-custom-action=\"crossclick\" data-gtm-custom-label=\"Contextuel\" data-gtm-event=\"customEventSPE\" data-fig-domain=\"LEFIGARO\" target=\"_blank\" rel=\"noopener\">\u00abprobl\u00e8me technique\u00bb<\/a>, selon le service de contr\u00f4le a\u00e9rien britannique (NATS), un incident qui a conduit \u00e0 la suspension de plusieurs vols, mais le syst\u00e8me affect\u00e9 \u00aba \u00e9t\u00e9 r\u00e9tabli\u00bb. \u00abNous sommes en train de reprendre nos activit\u00e9s normales dans la r\u00e9gion de Londres\u00bb, a pr\u00e9cis\u00e9 le NATS sur la plateforme X, avant de pr\u00e9senter ses \u00abexcuses pour la g\u00eane occasionn\u00e9e\u00bb.<\/p>\n<p class=\"fig-paragraph\">Les a\u00e9roports londoniens de Heathrow et de\u00a0<a href=\"http:\/\/www.lefigaro.fr\/flash-eco\/londres-reporte-son-feu-vert-a-l-expansion-de-l-aeroport-gatwick-mais-se-dit-dispose-a-l-approuver-20250227\" data-fig-type=\"NewsFlash\" data-gtm-custom-categorie=\"navigation\" data-gtm-custom-action=\"crossclick\" data-gtm-custom-label=\"Contextuel\" data-gtm-event=\"customEventSPE\" data-fig-domain=\"LEFIGARO\" target=\"_blank\" rel=\"noopener\">Gatwick<\/a>, ainsi que celui d&rsquo;<a href=\"https:\/\/www.lefigaro.fr\/tag\/%C3%89dimbourg\" target=\"_blank\" rel=\"sponsored noopener\" data-gtm-custom-categorie=\"navigation\" data-gtm-custom-action=\"crossclick\" data-gtm-custom-label=\"Contextuel\" data-gtm-event=\"customEventSPE\">\u00c9dimbourg<\/a>, ont \u00e9t\u00e9 impact\u00e9s. Heathrow est le hub a\u00e9rien le plus fr\u00e9quent\u00e9 d&rsquo;Europe. Gatwick, qui avait annonc\u00e9 peu avant avoir suspendu tous les d\u00e9parts \u00able temps que la situation soit r\u00e9solue\u00bb, a lui aussi confirm\u00e9 la reprise de ses op\u00e9rations, mais pr\u00e9vient qu&rsquo;il y aura des retards. Il avait pr\u00e9cis\u00e9 que le probl\u00e8me affectait \u00abtous les vols au d\u00e9part du Royaume-Uni\u00bb.<\/p>\n<p class=\"fig-body-link\">\n            \u00c0 lire aussi<br \/>\n        <a class=\"fig-body-link__link\" href=\"http:\/\/www.lefigaro.fr\/voyages\/a-londres-l-aeroport-de-heathrow-lance-une-experience-sonore-inedite-20250711\" target=\"_blank\" data-fig-type=\"Article\" rel=\"noopener\" data-gtm-custom-categorie=\"navigation\" data-gtm-custom-action=\"crossclick\" data-gtm-custom-label=\"Contextuel\" data-gtm-event=\"customEventSPE\" data-fig-domain=\"LEFIGARO\">\u00c0 Londres, l\u2019a\u00e9roport de Heathrow lance une exp\u00e9rience sonore in\u00e9dite<br \/>\n    <\/a>\n<\/p>\n<p>                                    <a class=\"fig-a11y-skip a11y-hidden\" href=\"#fig-a11y-skip-main-inarticle\"><br \/>\n        Passer la publicit\u00e9<br \/>\n    <\/a><\/p>\n<p class=\"fig-paragraph\">Selon Cirium, fournisseur de donn\u00e9es pour l&rsquo;a\u00e9ronautique, 67 d\u00e9parts et 55 arriv\u00e9es ont \u00e9t\u00e9 annul\u00e9s \u00e0 19h30 (18h30 GMT), tandis qu&rsquo;un certain nombre de vols ont \u00e9galement \u00e9t\u00e9 d\u00e9rout\u00e9s. Le directeur des op\u00e9rations de\u00a0<a href=\"https:\/\/www.lefigaro.fr\/tag\/ryanair\" target=\"_blank\" rel=\"sponsored noopener\" data-gtm-custom-categorie=\"navigation\" data-gtm-custom-action=\"crossclick\" data-gtm-custom-label=\"Contextuel\" data-gtm-event=\"customEventSPE\">Ryanair<\/a>, Neal McMahon, a demand\u00e9 la d\u00e9mission du directeur g\u00e9n\u00e9ral du NATS, Martin Rolfe, en raison de cette panne. \u00abIl est scandaleux que les passagers soient une fois de plus victimes de retards et de perturbations\u00bb, a-t-il d\u00e9clar\u00e9.<\/p>\n<p>\u00abExtr\u00eamement d\u00e9cevant\u00bb<\/p>\n<p class=\"fig-paragraph\">Son homologue d&rsquo;<a href=\"https:\/\/www.lefigaro.fr\/tag\/easyjet\" target=\"_blank\" rel=\"sponsored noopener\" data-gtm-custom-categorie=\"navigation\" data-gtm-custom-action=\"crossclick\" data-gtm-custom-label=\"Contextuel\" data-gtm-event=\"customEventSPE\">Easyjet<\/a>, David Morgan, a d\u00e9clar\u00e9 qu&rsquo;il \u00e9tait \u00abextr\u00eamement d\u00e9cevant\u00bb de voir \u00e0 nouveau une panne \u00abperturber nos clients \u00e0 cette p\u00e9riode de l&rsquo;ann\u00e9e si importante et charg\u00e9e pour les voyages\u00bb. \u00abSi notre priorit\u00e9 aujourd&rsquo;hui est d&rsquo;aider nos clients, nous souhaitons que le NATS nous explique les mesures qu&rsquo;il prend pour \u00e9viter que ce genre de probl\u00e8me ne se reproduise\u00bb, a-t-il ajout\u00e9.<\/p>\n<p class=\"fig-paragraph\">Un porte-parole du d\u00e9partement des Transports a indiqu\u00e9 qu&rsquo;il \u00abtravaillait en \u00e9troite collaboration\u00bb avec le NATS pour comprendre la cause du probl\u00e8me qui proviendrait, d&rsquo;apr\u00e8s lui, d&rsquo;un centre de contr\u00f4le \u00e0 Swanwick, dans le sud-ouest de l&rsquo;Angleterre. En mars, un incendie dans un poste \u00e9lectrique avait\u00a0<a href=\"http:\/\/www.lefigaro.fr\/conjoncture\/l-incendie-a-l-aeroport-d-heathrow-en-mars-a-ete-cause-par-une-fuite-non-reparee-dans-le-transformateur-selon-un-rapport-20250702\" data-fig-type=\"NewsFlash\" data-gtm-custom-categorie=\"navigation\" data-gtm-custom-action=\"crossclick\" data-gtm-custom-label=\"Contextuel\" data-gtm-event=\"customEventSPE\" data-fig-domain=\"LEFIGARO\" target=\"_blank\" rel=\"noopener\">provoqu\u00e9 une panne \u00e0 l&rsquo;a\u00e9roport londonien de Heathrow<\/a>, l&rsquo;un des plus fr\u00e9quent\u00e9s au monde, qui \u00e9tait rest\u00e9 ferm\u00e9 toute une journ\u00e9e. L&rsquo;incident avait entra\u00een\u00e9 des perturbations en cha\u00eene dans le trafic a\u00e9rien mondial, avec des centaines de vols supprim\u00e9s ou d\u00e9rout\u00e9s.<\/p>\n<p class=\"fig-paragraph\">Fin ao\u00fbt 2023, une\u00a0<a href=\"http:\/\/www.lefigaro.fr\/flash-eco\/panne-de-controle-aerien-au-royaume-uni-l-addition-s-annonce-salee-20230830\" data-fig-type=\"NewsFlash\" data-gtm-custom-categorie=\"navigation\" data-gtm-custom-action=\"crossclick\" data-gtm-custom-label=\"Contextuel\" data-gtm-event=\"customEventSPE\" data-fig-domain=\"LEFIGARO\" target=\"_blank\" rel=\"noopener\">panne g\u00e9ante de contr\u00f4le a\u00e9rien<\/a>\u00a0avait perturb\u00e9 le retour au Royaume-Uni de milliers de voyageurs apr\u00e8s un long week-end f\u00e9ri\u00e9, for\u00e7ant les agents a\u00e9riens \u00e0 rentrer manuellement les plans de vols. Pr\u00e8s de 2000 vols avaient \u00e9t\u00e9 annul\u00e9s sur deux jours.<\/p>\n","protected":false},"excerpt":{"rendered":"\u00abIl est scandaleux que les passagers soient une fois de plus victimes de retards et de perturbations\u00bb, selon&hellip;\n","protected":false},"author":2,"featured_media":285959,"comment_status":"","ping_status":"","sticky":false,"template":"","format":"standard","meta":{"footnotes":""},"categories":[1588],"tags":[11,663,1777,674,4534,12,473,1853,2445,1851,1850,1852],"class_list":{"0":"post-285958","1":"post","2":"type-post","3":"status-publish","4":"format-standard","5":"has-post-thumbnail","7":"category-royaume-uni","8":"tag-actualites","9":"tag-aeroport","10":"tag-eu","11":"tag-europe","12":"tag-londres","13":"tag-news","14":"tag-royaume-uni","15":"tag-royaume-uni-de-grande-bretagne-et-dirlande-du-nord","16":"tag-transport-aerien","17":"tag-uk","18":"tag-united-kingdom","19":"tag-united-kingdom-of-great-britain-and-northern-ireland"},"share_on_mastodon":{"url":"https:\/\/pubeurope.com\/@fr\/114946159674098825","error":""},"_links":{"self":[{"href":"https:\/\/www.europesays.com\/fr\/wp-json\/wp\/v2\/posts\/285958","targetHints":{"allow":["GET"]}}],"collection":[{"href":"https:\/\/www.europesays.com\/fr\/wp-json\/wp\/v2\/posts"}],"about":[{"href":"https:\/\/www.europesays.com\/fr\/wp-json\/wp\/v2\/types\/post"}],"author":[{"embeddable":true,"href":"https:\/\/www.europesays.com\/fr\/wp-json\/wp\/v2\/users\/2"}],"replies":[{"embeddable":true,"href":"https:\/\/www.europesays.com\/fr\/wp-json\/wp\/v2\/comments?post=285958"}],"version-history":[{"count":0,"href":"https:\/\/www.europesays.com\/fr\/wp-json\/wp\/v2\/posts\/285958\/revisions"}],"wp:featuredmedia":[{"embeddable":true,"href":"https:\/\/www.europesays.com\/fr\/wp-json\/wp\/v2\/media\/285959"}],"wp:attachment":[{"href":"https:\/\/www.europesays.com\/fr\/wp-json\/wp\/v2\/media?parent=285958"}],"wp:term":[{"taxonomy":"category","embeddable":true,"href":"https:\/\/www.europesays.com\/fr\/wp-json\/wp\/v2\/categories?post=285958"},{"taxonomy":"post_tag","embeddable":true,"href":"https:\/\/www.europesays.com\/fr\/wp-json\/wp\/v2\/tags?post=285958"}],"curies":[{"name":"wp","href":"https:\/\/api.w.org\/{rel}","templated":true}]}}